
			
				

					
				

			
		{"items":"\n\t\t\t\t\t\t\t\t\t\t\t\t\t\t<link rel=\"stylesheet\" id=\"wd-post-types-mod-categories-style-bg-css\" href=\"https:\/\/wilkens-wohnstudio.de\/wp-content\/themes\/woodmart\/css\/parts\/post-types-mod-categories-style-bg.min.css?ver=8.3.9\" type=\"text\/css\" media=\"all\" \/> \t\t\t\n<article id=\"post-62695\" class=\"wd-post blog-design-masonry blog-post-loop blog-style-bg wd-add-shadow wd-col post-62695 post type-post status-publish format-standard has-post-thumbnail hentry category-fruehling category-wohnideen category-wohnzimmer tag-fruehlingsdeko tag-wohnzimmerdeko\">\n\t<div class=\"wd-post-inner article-inner\">\n\t\t\t\t\t<div class=\"wd-post-thumb entry-header\">\n\t\t\t\t\t\t\t\t\t<div class=\"wd-post-img post-img-wrapp\">\n\t\t\t\t\t\t<img width=\"1024\" height=\"768\" src=\"https:\/\/wilkens-wohnstudio.de\/wp-content\/uploads\/2024\/03\/Wohnzimmerdeko-im-Fruehling-1024x768.jpg\" class=\"attachment-large size-large\" alt=\"Wohnzimmerdeko im Fr\u00fchling\" decoding=\"async\" fetchpriority=\"high\" srcset=\"https:\/\/wilkens-wohnstudio.de\/wp-content\/uploads\/2024\/03\/Wohnzimmerdeko-im-Fruehling-1024x768.jpg 1024w, https:\/\/wilkens-wohnstudio.de\/wp-content\/uploads\/2024\/03\/Wohnzimmerdeko-im-Fruehling-350x263.jpg 350w, https:\/\/wilkens-wohnstudio.de\/wp-content\/uploads\/2024\/03\/Wohnzimmerdeko-im-Fruehling-768x576.jpg 768w, https:\/\/wilkens-wohnstudio.de\/wp-content\/uploads\/2024\/03\/Wohnzimmerdeko-im-Fruehling-60x45.jpg 60w, https:\/\/wilkens-wohnstudio.de\/wp-content\/uploads\/2024\/03\/Wohnzimmerdeko-im-Fruehling-110x83.jpg 110w, https:\/\/wilkens-wohnstudio.de\/wp-content\/uploads\/2024\/03\/Wohnzimmerdeko-im-Fruehling-1000x750.jpg 1000w, https:\/\/wilkens-wohnstudio.de\/wp-content\/uploads\/2024\/03\/Wohnzimmerdeko-im-Fruehling-175x131.jpg 175w, https:\/\/wilkens-wohnstudio.de\/wp-content\/uploads\/2024\/03\/Wohnzimmerdeko-im-Fruehling.jpg 2000w\" sizes=\"(max-width: 1024px) 100vw, 1024px\" \/>\t\t\t\t\t<\/div>\n\t\t\t\t\t\t\t\t\t\t<a class=\"wd-fill\" tabindex=\"-1\" href=\"https:\/\/wilkens-wohnstudio.de\/blog\/saisonal\/fruehling\/wohnzimmerdeko-im-fruehling\/\" aria-label=\"Link zum Beitrag Wohnzimmerdeko im Fr\u00fchling \u2013 10 tolle Deko Ideen\"><\/a>\n\t\t\t\t\n\t\t\t\t\t\t\t\t\t\t\t\t<link rel=\"stylesheet\" id=\"wd-post-types-mod-date-style-bg-css\" href=\"https:\/\/wilkens-wohnstudio.de\/wp-content\/themes\/woodmart\/css\/parts\/post-types-mod-date-style-bg.min.css?ver=8.3.9\" type=\"text\/css\" media=\"all\" \/> \t\t\t\t\t\t<div class=\"wd-post-date wd-style-with-bg\">\n\t\t\t\t<span class=\"post-date-day\">\n\t\t\t\t\t26\t\t\t\t<\/span>\n\t\t\t\t<span class=\"post-date-month\">\n\t\t\t\t\tM\u00e4rz\t\t\t\t<\/span>\n\t\t\t<\/div>\n\t\t\t\t\t\t\t\t\t<\/div>\n\t\t\n\t\t<div class=\"wd-post-content article-body-container\">\n\t\t\t\t\t\t\t<div class=\"wd-post-cat wd-style-with-bg meta-post-categories\">\n\t\t\t\t\t<a href=\"https:\/\/wilkens-wohnstudio.de\/blog\/category\/saisonal\/fruehling\/\" rel=\"category tag\">Fr\u00fchling<\/a>, <a href=\"https:\/\/wilkens-wohnstudio.de\/blog\/category\/wohnideen\/\" rel=\"category tag\">Wohnideen<\/a>, <a href=\"https:\/\/wilkens-wohnstudio.de\/blog\/category\/wohnideen\/wohnzimmer\/\" rel=\"category tag\">Wohnzimmer<\/a>\t\t\t\t<\/div>\n\t\t\t\n\t\t\t\t\t\t\t<h3 class=\"wd-post-title wd-entities-title title post-title\">\n\t\t\t\t\t<a href=\"https:\/\/wilkens-wohnstudio.de\/blog\/saisonal\/fruehling\/wohnzimmerdeko-im-fruehling\/\" rel=\"bookmark\">Wohnzimmerdeko im Fr\u00fchling \u2013 10 tolle Deko Ideen<\/a>\n\t\t\t\t<\/h3>\n\t\t\t\n\t\t\t\t\t\t\t<div class=\"wd-post-meta\">\n\t\t\t\t\t\t\t\t\t\t\t\t\t<link rel=\"stylesheet\" id=\"wd-blog-mod-author-css\" href=\"https:\/\/wilkens-wohnstudio.de\/wp-content\/themes\/woodmart\/css\/parts\/blog-mod-author.min.css?ver=8.3.9\" type=\"text\/css\" media=\"all\" \/> \t\t\t\t\t\t\t\t<div class=\"wd-post-author\">\n\t\t\t\t\t\t\t\t\t\t\t<span>Geschrieben von<\/span>\n\t\t\n\t\t\t\t\t\t\t\n\t\t\t\t\t<a href=\"https:\/\/wilkens-wohnstudio.de\/blog\/author\/n-tangermann\/\" class=\"author\" rel=\"author\">Wilkens Wohnstudio<\/a>\n\t\t\t\t\t\t\t\t\t<\/div>\n\t\t\t\t\t<div class=\"wd-modified-date\">\n\t\t\t\t\t\t\t\t<time class=\"updated\" datetime=\"2025-02-06T12:16:36+01:00\">\n\t\t\t06.02.2025\t\t<\/time>\n\t\t\t\t\t\t\t<\/div>\n\n\t\t\t\t\t\t\t\t\t\t\t<div tabindex=\"0\" class=\"wd-post-share wd-tltp\">\n\t\t\t\t\t\t\t<div class=\"tooltip top\">\n\t\t\t\t\t\t\t\t<div class=\"tooltip-inner\">\n\t\t\t\t\t\t\t\t\t\t\t\t<link rel=\"stylesheet\" id=\"wd-social-icons-css\" href=\"https:\/\/wilkens-wohnstudio.de\/wp-content\/themes\/woodmart\/css\/parts\/el-social-icons.min.css?ver=8.3.9\" type=\"text\/css\" media=\"all\" \/> \t\t\t\t\t\t<div\n\t\t\t\t\t\tclass=\" wd-social-icons  wd-style-default wd-size-small social-share wd-shape-circle color-scheme-light text-center\">\n\t\t\t\t\n\t\t\t\t\n\t\t\t\t\t\t\t\t\t<a rel=\"noopener noreferrer nofollow\" href=\"https:\/\/www.facebook.com\/sharer\/sharer.php?u=https:\/\/wilkens-wohnstudio.de\/blog\/category\/wohnideen\/wohnzimmer\/\" target=\"_blank\" class=\" wd-social-icon social-facebook\" aria-label=\"Facebook-Social-Link\">\n\t\t\t\t\t\t<span class=\"wd-icon\"><\/span>\n\t\t\t\t\t\t\t\t\t\t\t<\/a>\n\t\t\t\t\n\t\t\t\t\n\t\t\t\t\n\t\t\t\t\n\t\t\t\t\n\t\t\t\t\n\t\t\t\t\n\t\t\t\t\t\t\t\t\t<a rel=\"noopener noreferrer nofollow\" href=\"https:\/\/pinterest.com\/pin\/create\/button\/?url=https:\/\/wilkens-wohnstudio.de\/blog\/category\/wohnideen\/wohnzimmer\/&media=https:\/\/wilkens-wohnstudio.de\/wp-content\/uploads\/2024\/03\/Wohnzimmerdeko-im-Fruehling.jpg&description=Wohnzimmerdeko+im+Fr%C3%BChling+%E2%80%93+10+tolle+Deko+Ideen\" target=\"_blank\" class=\" wd-social-icon social-pinterest\" aria-label=\"Pinterest-Social-Link\">\n\t\t\t\t\t\t<span class=\"wd-icon\"><\/span>\n\t\t\t\t\t\t\t\t\t\t\t<\/a>\n\t\t\t\t\n\t\t\t\t\n\t\t\t\t\n\t\t\t\t\n\t\t\t\t\n\t\t\t\t\n\t\t\t\t\n\t\t\t\t\n\t\t\t\t\n\t\t\t\t\n\t\t\t\t\n\t\t\t\t\t\t\t\t\t<a rel=\"noopener noreferrer nofollow\" href=\"https:\/\/api.whatsapp.com\/send?text=https%3A%2F%2Fwilkens-wohnstudio.de%2Fblog%2Fcategory%2Fwohnideen%2Fwohnzimmer%2F\" target=\"_blank\" class=\"wd-hide-md  wd-social-icon social-whatsapp\" aria-label=\"WhatsApp-Social-Link\">\n\t\t\t\t\t\t<span class=\"wd-icon\"><\/span>\n\t\t\t\t\t\t\t\t\t\t\t<\/a>\n\n\t\t\t\t\t<a rel=\"noopener noreferrer nofollow\" href=\"whatsapp:\/\/send?text=https%3A%2F%2Fwilkens-wohnstudio.de%2Fblog%2Fcategory%2Fwohnideen%2Fwohnzimmer%2F\" target=\"_blank\" class=\"wd-hide-lg  wd-social-icon social-whatsapp\" aria-label=\"WhatsApp-Social-Link\">\n\t\t\t\t\t\t<span class=\"wd-icon\"><\/span>\n\t\t\t\t\t\t\t\t\t\t\t<\/a>\n\t\t\t\t\n\t\t\t\t\n\t\t\t\t\n\t\t\t\t\n\t\t\t\t\n\t\t\t\t\n\t\t\t\t\n\t\t\t\t\n\t\t\t<\/div>\n\n\t\t\t\t\t\t\t\t\t\t<\/div>\n\t\t\t\t\t\t\t\t<div class=\"tooltip-arrow\"><\/div>\n\t\t\t\t\t\t\t<\/div>\n\t\t\t\t\t\t<\/div>\n\t\t\t\t\t\n\t\t\t\t\t\t\t\t\t<\/div>\n\t\t\t\n\t\t\t\t\t\t\t\t\t\t\t\t<div class=\"wd-post-excerpt entry-content\">\n\t\t\t\t\t\tWohnzimmerdeko im Fr\u00fchling \u2013 10 tolle Deko Ideen\r\nEndlich lichtet sich die Wolkendecke am Himmel und das ewige graue Winterwe...\t\t\t\t\t<\/div>\n\t\t\t\t\n\t\t\t\t\t\t\t\t\t\t\t\t\t\t<div class=\"wd-post-read-more wd-style-link read-more-section\">\n\t\t\t\t\t\t<a class=\"\" href=\"https:\/\/wilkens-wohnstudio.de\/blog\/saisonal\/fruehling\/wohnzimmerdeko-im-fruehling\/\">weiter lesen<\/a>\t\t\t\t\t<\/div>\n\t\t\t\t\t\t\t\t\t\t\t\t\t<\/div>\n\t<\/div>\n<\/article>\n\n\t\t\t\t\t\t\t\t\t\t\t\n<article id=\"post-55576\" class=\"wd-post blog-design-masonry blog-post-loop blog-style-bg wd-add-shadow wd-col post-55576 post type-post status-publish format-standard has-post-thumbnail hentry category-deko-stile category-dekoideen category-industriell category-weihnachten category-wohnideen category-wohnzimmer tag-industrial-deko tag-schwarze-deko\">\n\t<div class=\"wd-post-inner article-inner\">\n\t\t\t\t\t<div class=\"wd-post-thumb entry-header\">\n\t\t\t\t\t\t\t\t\t<div class=\"wd-post-img post-img-wrapp\">\n\t\t\t\t\t\t<img width=\"1024\" height=\"768\" src=\"https:\/\/wilkens-wohnstudio.de\/wp-content\/uploads\/2023\/09\/back-in-black-schwarze-deko-ideen-1024x768.jpg\" class=\"attachment-large size-large\" alt=\"back in black schwarze deko ideen\" decoding=\"async\" srcset=\"https:\/\/wilkens-wohnstudio.de\/wp-content\/uploads\/2023\/09\/back-in-black-schwarze-deko-ideen-1024x768.jpg 1024w, https:\/\/wilkens-wohnstudio.de\/wp-content\/uploads\/2023\/09\/back-in-black-schwarze-deko-ideen-175x131.jpg 175w, https:\/\/wilkens-wohnstudio.de\/wp-content\/uploads\/2023\/09\/back-in-black-schwarze-deko-ideen-1000x750.jpg 1000w, https:\/\/wilkens-wohnstudio.de\/wp-content\/uploads\/2023\/09\/back-in-black-schwarze-deko-ideen-350x263.jpg 350w, https:\/\/wilkens-wohnstudio.de\/wp-content\/uploads\/2023\/09\/back-in-black-schwarze-deko-ideen-768x576.jpg 768w, https:\/\/wilkens-wohnstudio.de\/wp-content\/uploads\/2023\/09\/back-in-black-schwarze-deko-ideen-60x45.jpg 60w, https:\/\/wilkens-wohnstudio.de\/wp-content\/uploads\/2023\/09\/back-in-black-schwarze-deko-ideen-110x83.jpg 110w, https:\/\/wilkens-wohnstudio.de\/wp-content\/uploads\/2023\/09\/back-in-black-schwarze-deko-ideen.jpg 1440w\" sizes=\"(max-width: 1024px) 100vw, 1024px\" \/>\t\t\t\t\t<\/div>\n\t\t\t\t\t\t\t\t\t\t<a class=\"wd-fill\" tabindex=\"-1\" href=\"https:\/\/wilkens-wohnstudio.de\/blog\/deko-stile\/schwarze-deko-ideen\/\" aria-label=\"Link zum Beitrag Back in Black \u2013 10 tolle schwarze Deko Ideen\"><\/a>\n\t\t\t\t\n\t\t\t\t\t\t\t\t\t\t\t\t<div class=\"wd-post-date wd-style-with-bg\">\n\t\t\t\t<span class=\"post-date-day\">\n\t\t\t\t\t15\t\t\t\t<\/span>\n\t\t\t\t<span class=\"post-date-month\">\n\t\t\t\t\tSep.\t\t\t\t<\/span>\n\t\t\t<\/div>\n\t\t\t\t\t\t\t\t\t<\/div>\n\t\t\n\t\t<div class=\"wd-post-content article-body-container\">\n\t\t\t\t\t\t\t<div class=\"wd-post-cat wd-style-with-bg meta-post-categories\">\n\t\t\t\t\t<a href=\"https:\/\/wilkens-wohnstudio.de\/blog\/category\/deko-stile\/\" rel=\"category tag\">Deko-Stile<\/a>, <a href=\"https:\/\/wilkens-wohnstudio.de\/blog\/category\/dekoideen\/\" rel=\"category tag\">Dekoideen<\/a>, <a href=\"https:\/\/wilkens-wohnstudio.de\/blog\/category\/deko-stile\/industriell\/\" rel=\"category tag\">Industriell<\/a>, <a href=\"https:\/\/wilkens-wohnstudio.de\/blog\/category\/saisonal\/weihnachten\/\" rel=\"category tag\">Weihnachten<\/a>, <a href=\"https:\/\/wilkens-wohnstudio.de\/blog\/category\/wohnideen\/\" rel=\"category tag\">Wohnideen<\/a>, <a href=\"https:\/\/wilkens-wohnstudio.de\/blog\/category\/wohnideen\/wohnzimmer\/\" rel=\"category tag\">Wohnzimmer<\/a>\t\t\t\t<\/div>\n\t\t\t\n\t\t\t\t\t\t\t<h3 class=\"wd-post-title wd-entities-title title post-title\">\n\t\t\t\t\t<a href=\"https:\/\/wilkens-wohnstudio.de\/blog\/deko-stile\/schwarze-deko-ideen\/\" rel=\"bookmark\">Back in Black \u2013 10 tolle schwarze Deko Ideen<\/a>\n\t\t\t\t<\/h3>\n\t\t\t\n\t\t\t\t\t\t\t<div class=\"wd-post-meta\">\n\t\t\t\t\t\t\t\t\t\t\t\t\t\t\t<div class=\"wd-post-author\">\n\t\t\t\t\t\t\t\t\t\t\t<span>Geschrieben von<\/span>\n\t\t\n\t\t\t\t\t\t\t\n\t\t\t\t\t<a href=\"https:\/\/wilkens-wohnstudio.de\/blog\/author\/n-tangermann\/\" class=\"author\" rel=\"author\">Wilkens Wohnstudio<\/a>\n\t\t\t\t\t\t\t\t\t<\/div>\n\t\t\t\t\t<div class=\"wd-modified-date\">\n\t\t\t\t\t\t\t\t<time class=\"updated\" datetime=\"2023-09-15T10:50:32+02:00\">\n\t\t\t15.09.2023\t\t<\/time>\n\t\t\t\t\t\t\t<\/div>\n\n\t\t\t\t\t\t\t\t\t\t\t<div tabindex=\"0\" class=\"wd-post-share wd-tltp\">\n\t\t\t\t\t\t\t<div class=\"tooltip top\">\n\t\t\t\t\t\t\t\t<div class=\"tooltip-inner\">\n\t\t\t\t\t\t\t\t\t\t\t\t<div\n\t\t\t\t\t\tclass=\" wd-social-icons  wd-style-default wd-size-small social-share wd-shape-circle color-scheme-light text-center\">\n\t\t\t\t\n\t\t\t\t\n\t\t\t\t\t\t\t\t\t<a rel=\"noopener noreferrer nofollow\" href=\"https:\/\/www.facebook.com\/sharer\/sharer.php?u=https:\/\/wilkens-wohnstudio.de\/blog\/category\/wohnideen\/wohnzimmer\/\" target=\"_blank\" class=\" wd-social-icon social-facebook\" aria-label=\"Facebook-Social-Link\">\n\t\t\t\t\t\t<span class=\"wd-icon\"><\/span>\n\t\t\t\t\t\t\t\t\t\t\t<\/a>\n\t\t\t\t\n\t\t\t\t\n\t\t\t\t\n\t\t\t\t\n\t\t\t\t\n\t\t\t\t\n\t\t\t\t\n\t\t\t\t\t\t\t\t\t<a rel=\"noopener noreferrer nofollow\" href=\"https:\/\/pinterest.com\/pin\/create\/button\/?url=https:\/\/wilkens-wohnstudio.de\/blog\/category\/wohnideen\/wohnzimmer\/&media=https:\/\/wilkens-wohnstudio.de\/wp-content\/uploads\/2023\/09\/back-in-black-schwarze-deko-ideen.jpg&description=Back+in+Black+%E2%80%93+10+tolle+schwarze+Deko+Ideen\" target=\"_blank\" class=\" wd-social-icon social-pinterest\" aria-label=\"Pinterest-Social-Link\">\n\t\t\t\t\t\t<span class=\"wd-icon\"><\/span>\n\t\t\t\t\t\t\t\t\t\t\t<\/a>\n\t\t\t\t\n\t\t\t\t\n\t\t\t\t\n\t\t\t\t\n\t\t\t\t\n\t\t\t\t\n\t\t\t\t\n\t\t\t\t\n\t\t\t\t\n\t\t\t\t\n\t\t\t\t\n\t\t\t\t\t\t\t\t\t<a rel=\"noopener noreferrer nofollow\" href=\"https:\/\/api.whatsapp.com\/send?text=https%3A%2F%2Fwilkens-wohnstudio.de%2Fblog%2Fcategory%2Fwohnideen%2Fwohnzimmer%2F\" target=\"_blank\" class=\"wd-hide-md  wd-social-icon social-whatsapp\" aria-label=\"WhatsApp-Social-Link\">\n\t\t\t\t\t\t<span class=\"wd-icon\"><\/span>\n\t\t\t\t\t\t\t\t\t\t\t<\/a>\n\n\t\t\t\t\t<a rel=\"noopener noreferrer nofollow\" href=\"whatsapp:\/\/send?text=https%3A%2F%2Fwilkens-wohnstudio.de%2Fblog%2Fcategory%2Fwohnideen%2Fwohnzimmer%2F\" target=\"_blank\" class=\"wd-hide-lg  wd-social-icon social-whatsapp\" aria-label=\"WhatsApp-Social-Link\">\n\t\t\t\t\t\t<span class=\"wd-icon\"><\/span>\n\t\t\t\t\t\t\t\t\t\t\t<\/a>\n\t\t\t\t\n\t\t\t\t\n\t\t\t\t\n\t\t\t\t\n\t\t\t\t\n\t\t\t\t\n\t\t\t\t\n\t\t\t\t\n\t\t\t<\/div>\n\n\t\t\t\t\t\t\t\t\t\t<\/div>\n\t\t\t\t\t\t\t\t<div class=\"tooltip-arrow\"><\/div>\n\t\t\t\t\t\t\t<\/div>\n\t\t\t\t\t\t<\/div>\n\t\t\t\t\t\n\t\t\t\t\t\t\t\t\t<\/div>\n\t\t\t\n\t\t\t\t\t\t\t\t\t\t\t\t<div class=\"wd-post-excerpt entry-content\">\n\t\t\t\t\t\tBack in Black \u2013 10 tolle schwarze Deko Ideen\r\nSchwarz. Die dunkelste aller f\u00fcr uns sichtbaren Farben. \u201eSchwarz ist gar keine ...\t\t\t\t\t<\/div>\n\t\t\t\t\n\t\t\t\t\t\t\t\t\t\t\t\t\t\t<div class=\"wd-post-read-more wd-style-link read-more-section\">\n\t\t\t\t\t\t<a class=\"\" href=\"https:\/\/wilkens-wohnstudio.de\/blog\/deko-stile\/schwarze-deko-ideen\/\">weiter lesen<\/a>\t\t\t\t\t<\/div>\n\t\t\t\t\t\t\t\t\t\t\t\t\t<\/div>\n\t<\/div>\n<\/article>\n\n\t\t\t\t\t\t\t\t\t\t\t\n<article id=\"post-55458\" class=\"wd-post blog-design-masonry blog-post-loop blog-style-bg wd-add-shadow wd-col post-55458 post type-post status-publish format-standard has-post-thumbnail hentry category-deko-stile category-dekoideen category-garten category-shabby-chic category-vintage category-wohnzimmer tag-shabby-chic tag-vintage-deko\">\n\t<div class=\"wd-post-inner article-inner\">\n\t\t\t\t\t<div class=\"wd-post-thumb entry-header\">\n\t\t\t\t\t\t\t\t\t<div class=\"wd-post-img post-img-wrapp\">\n\t\t\t\t\t\t<img width=\"1024\" height=\"768\" src=\"https:\/\/wilkens-wohnstudio.de\/wp-content\/uploads\/2023\/09\/shabby-chic-deko-ideen-1024x768.jpg\" class=\"attachment-large size-large\" alt=\"shabby chic deko ideen\" decoding=\"async\" srcset=\"https:\/\/wilkens-wohnstudio.de\/wp-content\/uploads\/2023\/09\/shabby-chic-deko-ideen-1024x768.jpg 1024w, https:\/\/wilkens-wohnstudio.de\/wp-content\/uploads\/2023\/09\/shabby-chic-deko-ideen-175x131.jpg 175w, https:\/\/wilkens-wohnstudio.de\/wp-content\/uploads\/2023\/09\/shabby-chic-deko-ideen-1000x750.jpg 1000w, https:\/\/wilkens-wohnstudio.de\/wp-content\/uploads\/2023\/09\/shabby-chic-deko-ideen-350x263.jpg 350w, https:\/\/wilkens-wohnstudio.de\/wp-content\/uploads\/2023\/09\/shabby-chic-deko-ideen-768x576.jpg 768w, https:\/\/wilkens-wohnstudio.de\/wp-content\/uploads\/2023\/09\/shabby-chic-deko-ideen-60x45.jpg 60w, https:\/\/wilkens-wohnstudio.de\/wp-content\/uploads\/2023\/09\/shabby-chic-deko-ideen-110x83.jpg 110w, https:\/\/wilkens-wohnstudio.de\/wp-content\/uploads\/2023\/09\/shabby-chic-deko-ideen.jpg 1440w\" sizes=\"(max-width: 1024px) 100vw, 1024px\" \/>\t\t\t\t\t<\/div>\n\t\t\t\t\t\t\t\t\t\t<a class=\"wd-fill\" tabindex=\"-1\" href=\"https:\/\/wilkens-wohnstudio.de\/blog\/deko-stile\/shabby-chic-deko\/\" aria-label=\"Link zum Beitrag Shabby Chic Deko \u2013 12 tolle Deko Ideen f\u00fcr den Vintage Look\"><\/a>\n\t\t\t\t\n\t\t\t\t\t\t\t\t\t\t\t\t<div class=\"wd-post-date wd-style-with-bg\">\n\t\t\t\t<span class=\"post-date-day\">\n\t\t\t\t\t11\t\t\t\t<\/span>\n\t\t\t\t<span class=\"post-date-month\">\n\t\t\t\t\tSep.\t\t\t\t<\/span>\n\t\t\t<\/div>\n\t\t\t\t\t\t\t\t\t<\/div>\n\t\t\n\t\t<div class=\"wd-post-content article-body-container\">\n\t\t\t\t\t\t\t<div class=\"wd-post-cat wd-style-with-bg meta-post-categories\">\n\t\t\t\t\t<a href=\"https:\/\/wilkens-wohnstudio.de\/blog\/category\/deko-stile\/\" rel=\"category tag\">Deko-Stile<\/a>, <a href=\"https:\/\/wilkens-wohnstudio.de\/blog\/category\/dekoideen\/\" rel=\"category tag\">Dekoideen<\/a>, <a href=\"https:\/\/wilkens-wohnstudio.de\/blog\/category\/wohnideen\/garten\/\" rel=\"category tag\">Garten<\/a>, <a href=\"https:\/\/wilkens-wohnstudio.de\/blog\/category\/deko-stile\/shabby-chic\/\" rel=\"category tag\">Shabby Chic<\/a>, <a href=\"https:\/\/wilkens-wohnstudio.de\/blog\/category\/deko-stile\/vintage\/\" rel=\"category tag\">Vintage<\/a>, <a href=\"https:\/\/wilkens-wohnstudio.de\/blog\/category\/wohnideen\/wohnzimmer\/\" rel=\"category tag\">Wohnzimmer<\/a>\t\t\t\t<\/div>\n\t\t\t\n\t\t\t\t\t\t\t<h3 class=\"wd-post-title wd-entities-title title post-title\">\n\t\t\t\t\t<a href=\"https:\/\/wilkens-wohnstudio.de\/blog\/deko-stile\/shabby-chic-deko\/\" rel=\"bookmark\">Shabby Chic Deko \u2013 12 tolle Deko Ideen f\u00fcr den Vintage Look<\/a>\n\t\t\t\t<\/h3>\n\t\t\t\n\t\t\t\t\t\t\t<div class=\"wd-post-meta\">\n\t\t\t\t\t\t\t\t\t\t\t\t\t\t\t<div class=\"wd-post-author\">\n\t\t\t\t\t\t\t\t\t\t\t<span>Geschrieben von<\/span>\n\t\t\n\t\t\t\t\t\t\t\n\t\t\t\t\t<a href=\"https:\/\/wilkens-wohnstudio.de\/blog\/author\/n-tangermann\/\" class=\"author\" rel=\"author\">Wilkens Wohnstudio<\/a>\n\t\t\t\t\t\t\t\t\t<\/div>\n\t\t\t\t\t<div class=\"wd-modified-date\">\n\t\t\t\t\t\t\t\t<time class=\"updated\" datetime=\"2023-09-11T14:55:44+02:00\">\n\t\t\t11.09.2023\t\t<\/time>\n\t\t\t\t\t\t\t<\/div>\n\n\t\t\t\t\t\t\t\t\t\t\t<div tabindex=\"0\" class=\"wd-post-share wd-tltp\">\n\t\t\t\t\t\t\t<div class=\"tooltip top\">\n\t\t\t\t\t\t\t\t<div class=\"tooltip-inner\">\n\t\t\t\t\t\t\t\t\t\t\t\t<div\n\t\t\t\t\t\tclass=\" wd-social-icons  wd-style-default wd-size-small social-share wd-shape-circle color-scheme-light text-center\">\n\t\t\t\t\n\t\t\t\t\n\t\t\t\t\t\t\t\t\t<a rel=\"noopener noreferrer nofollow\" href=\"https:\/\/www.facebook.com\/sharer\/sharer.php?u=https:\/\/wilkens-wohnstudio.de\/blog\/category\/wohnideen\/wohnzimmer\/\" target=\"_blank\" class=\" wd-social-icon social-facebook\" aria-label=\"Facebook-Social-Link\">\n\t\t\t\t\t\t<span class=\"wd-icon\"><\/span>\n\t\t\t\t\t\t\t\t\t\t\t<\/a>\n\t\t\t\t\n\t\t\t\t\n\t\t\t\t\n\t\t\t\t\n\t\t\t\t\n\t\t\t\t\n\t\t\t\t\n\t\t\t\t\t\t\t\t\t<a rel=\"noopener noreferrer nofollow\" href=\"https:\/\/pinterest.com\/pin\/create\/button\/?url=https:\/\/wilkens-wohnstudio.de\/blog\/category\/wohnideen\/wohnzimmer\/&media=https:\/\/wilkens-wohnstudio.de\/wp-content\/uploads\/2023\/09\/shabby-chic-deko-ideen.jpg&description=Shabby+Chic+Deko+%E2%80%93+12+tolle+Deko+Ideen+f%C3%BCr+den+Vintage+Look\" target=\"_blank\" class=\" wd-social-icon social-pinterest\" aria-label=\"Pinterest-Social-Link\">\n\t\t\t\t\t\t<span class=\"wd-icon\"><\/span>\n\t\t\t\t\t\t\t\t\t\t\t<\/a>\n\t\t\t\t\n\t\t\t\t\n\t\t\t\t\n\t\t\t\t\n\t\t\t\t\n\t\t\t\t\n\t\t\t\t\n\t\t\t\t\n\t\t\t\t\n\t\t\t\t\n\t\t\t\t\n\t\t\t\t\t\t\t\t\t<a rel=\"noopener noreferrer nofollow\" href=\"https:\/\/api.whatsapp.com\/send?text=https%3A%2F%2Fwilkens-wohnstudio.de%2Fblog%2Fcategory%2Fwohnideen%2Fwohnzimmer%2F\" target=\"_blank\" class=\"wd-hide-md  wd-social-icon social-whatsapp\" aria-label=\"WhatsApp-Social-Link\">\n\t\t\t\t\t\t<span class=\"wd-icon\"><\/span>\n\t\t\t\t\t\t\t\t\t\t\t<\/a>\n\n\t\t\t\t\t<a rel=\"noopener noreferrer nofollow\" href=\"whatsapp:\/\/send?text=https%3A%2F%2Fwilkens-wohnstudio.de%2Fblog%2Fcategory%2Fwohnideen%2Fwohnzimmer%2F\" target=\"_blank\" class=\"wd-hide-lg  wd-social-icon social-whatsapp\" aria-label=\"WhatsApp-Social-Link\">\n\t\t\t\t\t\t<span class=\"wd-icon\"><\/span>\n\t\t\t\t\t\t\t\t\t\t\t<\/a>\n\t\t\t\t\n\t\t\t\t\n\t\t\t\t\n\t\t\t\t\n\t\t\t\t\n\t\t\t\t\n\t\t\t\t\n\t\t\t\t\n\t\t\t<\/div>\n\n\t\t\t\t\t\t\t\t\t\t<\/div>\n\t\t\t\t\t\t\t\t<div class=\"tooltip-arrow\"><\/div>\n\t\t\t\t\t\t\t<\/div>\n\t\t\t\t\t\t<\/div>\n\t\t\t\t\t\n\t\t\t\t\t\t\t\t\t<\/div>\n\t\t\t\n\t\t\t\t\t\t\t\t\t\t\t\t<div class=\"wd-post-excerpt entry-content\">\n\t\t\t\t\t\tShabby Chic Deko \u2013 12 tolle Deko Ideen f\u00fcr den Vintage Look\r\nSanft, nostalgisch, liebreizend: Der Shabby Chic ist inzwischen ...\t\t\t\t\t<\/div>\n\t\t\t\t\n\t\t\t\t\t\t\t\t\t\t\t\t\t\t<div class=\"wd-post-read-more wd-style-link read-more-section\">\n\t\t\t\t\t\t<a class=\"\" href=\"https:\/\/wilkens-wohnstudio.de\/blog\/deko-stile\/shabby-chic-deko\/\">weiter lesen<\/a>\t\t\t\t\t<\/div>\n\t\t\t\t\t\t\t\t\t\t\t\t\t<\/div>\n\t<\/div>\n<\/article>\n\n\t\t\t\t\t\t\t\t\t\t\t\n<article id=\"post-55299\" class=\"wd-post blog-design-masonry blog-post-loop blog-style-bg wd-add-shadow wd-col post-55299 post type-post status-publish format-standard has-post-thumbnail hentry category-dekoideen category-herbst category-kueche category-saisonal category-uncategorized category-wohnzimmer tag-herbstdeko tag-holzdeko\">\n\t<div class=\"wd-post-inner article-inner\">\n\t\t\t\t\t<div class=\"wd-post-thumb entry-header\">\n\t\t\t\t\t\t\t\t\t<div class=\"wd-post-img post-img-wrapp\">\n\t\t\t\t\t\t<img width=\"1024\" height=\"768\" src=\"https:\/\/wilkens-wohnstudio.de\/wp-content\/uploads\/2023\/09\/Holzdeko-Ideen-fuer-den-Herbst-1024x768.jpg\" class=\"attachment-large size-large\" alt=\"Holzdeko Ideen f\u00fcr den Herbst\" decoding=\"async\" srcset=\"https:\/\/wilkens-wohnstudio.de\/wp-content\/uploads\/2023\/09\/Holzdeko-Ideen-fuer-den-Herbst-1024x768.jpg 1024w, https:\/\/wilkens-wohnstudio.de\/wp-content\/uploads\/2023\/09\/Holzdeko-Ideen-fuer-den-Herbst-175x131.jpg 175w, https:\/\/wilkens-wohnstudio.de\/wp-content\/uploads\/2023\/09\/Holzdeko-Ideen-fuer-den-Herbst-1000x750.jpg 1000w, https:\/\/wilkens-wohnstudio.de\/wp-content\/uploads\/2023\/09\/Holzdeko-Ideen-fuer-den-Herbst-350x263.jpg 350w, https:\/\/wilkens-wohnstudio.de\/wp-content\/uploads\/2023\/09\/Holzdeko-Ideen-fuer-den-Herbst-768x576.jpg 768w, https:\/\/wilkens-wohnstudio.de\/wp-content\/uploads\/2023\/09\/Holzdeko-Ideen-fuer-den-Herbst-60x45.jpg 60w, https:\/\/wilkens-wohnstudio.de\/wp-content\/uploads\/2023\/09\/Holzdeko-Ideen-fuer-den-Herbst-110x83.jpg 110w, https:\/\/wilkens-wohnstudio.de\/wp-content\/uploads\/2023\/09\/Holzdeko-Ideen-fuer-den-Herbst.jpg 1440w\" sizes=\"(max-width: 1024px) 100vw, 1024px\" \/>\t\t\t\t\t<\/div>\n\t\t\t\t\t\t\t\t\t\t<a class=\"wd-fill\" tabindex=\"-1\" href=\"https:\/\/wilkens-wohnstudio.de\/blog\/uncategorized\/herbstliche-holzdeko\/\" aria-label=\"Link zum Beitrag Nat\u00fcrliche Herbstdeko: 9 tolle Holzdeko Ideen und mehr\"><\/a>\n\t\t\t\t\n\t\t\t\t\t\t\t\t\t\t\t\t<div class=\"wd-post-date wd-style-with-bg\">\n\t\t\t\t<span class=\"post-date-day\">\n\t\t\t\t\t05\t\t\t\t<\/span>\n\t\t\t\t<span class=\"post-date-month\">\n\t\t\t\t\tSep.\t\t\t\t<\/span>\n\t\t\t<\/div>\n\t\t\t\t\t\t\t\t\t<\/div>\n\t\t\n\t\t<div class=\"wd-post-content article-body-container\">\n\t\t\t\t\t\t\t<div class=\"wd-post-cat wd-style-with-bg meta-post-categories\">\n\t\t\t\t\t<a href=\"https:\/\/wilkens-wohnstudio.de\/blog\/category\/dekoideen\/\" rel=\"category tag\">Dekoideen<\/a>, <a href=\"https:\/\/wilkens-wohnstudio.de\/blog\/category\/saisonal\/herbst\/\" rel=\"category tag\">Herbst<\/a>, <a href=\"https:\/\/wilkens-wohnstudio.de\/blog\/category\/wohnideen\/kueche\/\" rel=\"category tag\">K\u00fcche<\/a>, <a href=\"https:\/\/wilkens-wohnstudio.de\/blog\/category\/saisonal\/\" rel=\"category tag\">Saisonal<\/a>, <a href=\"https:\/\/wilkens-wohnstudio.de\/blog\/category\/uncategorized\/\" rel=\"category tag\">Uncategorized<\/a>, <a href=\"https:\/\/wilkens-wohnstudio.de\/blog\/category\/wohnideen\/wohnzimmer\/\" rel=\"category tag\">Wohnzimmer<\/a>\t\t\t\t<\/div>\n\t\t\t\n\t\t\t\t\t\t\t<h3 class=\"wd-post-title wd-entities-title title post-title\">\n\t\t\t\t\t<a href=\"https:\/\/wilkens-wohnstudio.de\/blog\/uncategorized\/herbstliche-holzdeko\/\" rel=\"bookmark\">Nat\u00fcrliche Herbstdeko: 9 tolle Holzdeko Ideen und mehr<\/a>\n\t\t\t\t<\/h3>\n\t\t\t\n\t\t\t\t\t\t\t<div class=\"wd-post-meta\">\n\t\t\t\t\t\t\t\t\t\t\t\t\t\t\t<div class=\"wd-post-author\">\n\t\t\t\t\t\t\t\t\t\t\t<span>Geschrieben von<\/span>\n\t\t\n\t\t\t\t\t\t\t\n\t\t\t\t\t<a href=\"https:\/\/wilkens-wohnstudio.de\/blog\/author\/n-tangermann\/\" class=\"author\" rel=\"author\">Wilkens Wohnstudio<\/a>\n\t\t\t\t\t\t\t\t\t<\/div>\n\t\t\t\t\t<div class=\"wd-modified-date\">\n\t\t\t\t\t\t\t\t<time class=\"updated\" datetime=\"2023-09-05T12:46:36+02:00\">\n\t\t\t05.09.2023\t\t<\/time>\n\t\t\t\t\t\t\t<\/div>\n\n\t\t\t\t\t\t\t\t\t\t\t<div tabindex=\"0\" class=\"wd-post-share wd-tltp\">\n\t\t\t\t\t\t\t<div class=\"tooltip top\">\n\t\t\t\t\t\t\t\t<div class=\"tooltip-inner\">\n\t\t\t\t\t\t\t\t\t\t\t\t<div\n\t\t\t\t\t\tclass=\" wd-social-icons  wd-style-default wd-size-small social-share wd-shape-circle color-scheme-light text-center\">\n\t\t\t\t\n\t\t\t\t\n\t\t\t\t\t\t\t\t\t<a rel=\"noopener noreferrer nofollow\" href=\"https:\/\/www.facebook.com\/sharer\/sharer.php?u=https:\/\/wilkens-wohnstudio.de\/blog\/category\/wohnideen\/wohnzimmer\/\" target=\"_blank\" class=\" wd-social-icon social-facebook\" aria-label=\"Facebook-Social-Link\">\n\t\t\t\t\t\t<span class=\"wd-icon\"><\/span>\n\t\t\t\t\t\t\t\t\t\t\t<\/a>\n\t\t\t\t\n\t\t\t\t\n\t\t\t\t\n\t\t\t\t\n\t\t\t\t\n\t\t\t\t\n\t\t\t\t\n\t\t\t\t\t\t\t\t\t<a rel=\"noopener noreferrer nofollow\" href=\"https:\/\/pinterest.com\/pin\/create\/button\/?url=https:\/\/wilkens-wohnstudio.de\/blog\/category\/wohnideen\/wohnzimmer\/&media=https:\/\/wilkens-wohnstudio.de\/wp-content\/uploads\/2023\/09\/Holzdeko-Ideen-fuer-den-Herbst.jpg&description=Nat%C3%BCrliche+Herbstdeko%3A+9+tolle+Holzdeko+Ideen+und+mehr\" target=\"_blank\" class=\" wd-social-icon social-pinterest\" aria-label=\"Pinterest-Social-Link\">\n\t\t\t\t\t\t<span class=\"wd-icon\"><\/span>\n\t\t\t\t\t\t\t\t\t\t\t<\/a>\n\t\t\t\t\n\t\t\t\t\n\t\t\t\t\n\t\t\t\t\n\t\t\t\t\n\t\t\t\t\n\t\t\t\t\n\t\t\t\t\n\t\t\t\t\n\t\t\t\t\n\t\t\t\t\n\t\t\t\t\t\t\t\t\t<a rel=\"noopener noreferrer nofollow\" href=\"https:\/\/api.whatsapp.com\/send?text=https%3A%2F%2Fwilkens-wohnstudio.de%2Fblog%2Fcategory%2Fwohnideen%2Fwohnzimmer%2F\" target=\"_blank\" class=\"wd-hide-md  wd-social-icon social-whatsapp\" aria-label=\"WhatsApp-Social-Link\">\n\t\t\t\t\t\t<span class=\"wd-icon\"><\/span>\n\t\t\t\t\t\t\t\t\t\t\t<\/a>\n\n\t\t\t\t\t<a rel=\"noopener noreferrer nofollow\" href=\"whatsapp:\/\/send?text=https%3A%2F%2Fwilkens-wohnstudio.de%2Fblog%2Fcategory%2Fwohnideen%2Fwohnzimmer%2F\" target=\"_blank\" class=\"wd-hide-lg  wd-social-icon social-whatsapp\" aria-label=\"WhatsApp-Social-Link\">\n\t\t\t\t\t\t<span class=\"wd-icon\"><\/span>\n\t\t\t\t\t\t\t\t\t\t\t<\/a>\n\t\t\t\t\n\t\t\t\t\n\t\t\t\t\n\t\t\t\t\n\t\t\t\t\n\t\t\t\t\n\t\t\t\t\n\t\t\t\t\n\t\t\t<\/div>\n\n\t\t\t\t\t\t\t\t\t\t<\/div>\n\t\t\t\t\t\t\t\t<div class=\"tooltip-arrow\"><\/div>\n\t\t\t\t\t\t\t<\/div>\n\t\t\t\t\t\t<\/div>\n\t\t\t\t\t\n\t\t\t\t\t\t\t\t\t<\/div>\n\t\t\t\n\t\t\t\t\t\t\t\t\t\t\t\t<div class=\"wd-post-excerpt entry-content\">\n\t\t\t\t\t\tNat\u00fcrliche Herbstdeko: 9 tolle Holzdeko Ideen und mehr \r\nSo langsam f\u00fchlt man es wieder: Die N\u00e4chte werden k\u00e4lter, das ein od...\t\t\t\t\t<\/div>\n\t\t\t\t\n\t\t\t\t\t\t\t\t\t\t\t\t\t\t<div class=\"wd-post-read-more wd-style-link read-more-section\">\n\t\t\t\t\t\t<a class=\"\" href=\"https:\/\/wilkens-wohnstudio.de\/blog\/uncategorized\/herbstliche-holzdeko\/\">weiter lesen<\/a>\t\t\t\t\t<\/div>\n\t\t\t\t\t\t\t\t\t\t\t\t\t<\/div>\n\t<\/div>\n<\/article>\n\n\t\t\t\t\t\t\t\t\t\t\t\n<article id=\"post-54656\" class=\"wd-post blog-design-masonry blog-post-loop blog-style-bg wd-add-shadow wd-col post-54656 post type-post status-publish format-standard has-post-thumbnail hentry category-dekoideen category-fruehling category-herbst category-kueche category-ostern category-schlafzimmer category-weihnachten category-winter category-wohnideen category-wohnzimmer tag-fensterbank-deko tag-herbstdeko tag-vintage-deko tag-weihnachtsdeko\">\n\t<div class=\"wd-post-inner article-inner\">\n\t\t\t\t\t<div class=\"wd-post-thumb entry-header\">\n\t\t\t\t\t\t\t\t\t<div class=\"wd-post-img post-img-wrapp\">\n\t\t\t\t\t\t<img width=\"1024\" height=\"768\" src=\"https:\/\/wilkens-wohnstudio.de\/wp-content\/uploads\/2023\/08\/fensterbank-deko-ideen-1024x768.jpg\" class=\"attachment-large size-large\" alt=\"\" decoding=\"async\" srcset=\"https:\/\/wilkens-wohnstudio.de\/wp-content\/uploads\/2023\/08\/fensterbank-deko-ideen-1024x768.jpg 1024w, https:\/\/wilkens-wohnstudio.de\/wp-content\/uploads\/2023\/08\/fensterbank-deko-ideen-175x131.jpg 175w, https:\/\/wilkens-wohnstudio.de\/wp-content\/uploads\/2023\/08\/fensterbank-deko-ideen-1000x750.jpg 1000w, https:\/\/wilkens-wohnstudio.de\/wp-content\/uploads\/2023\/08\/fensterbank-deko-ideen-350x263.jpg 350w, https:\/\/wilkens-wohnstudio.de\/wp-content\/uploads\/2023\/08\/fensterbank-deko-ideen-768x576.jpg 768w, https:\/\/wilkens-wohnstudio.de\/wp-content\/uploads\/2023\/08\/fensterbank-deko-ideen-1536x1152.jpg 1536w, https:\/\/wilkens-wohnstudio.de\/wp-content\/uploads\/2023\/08\/fensterbank-deko-ideen-60x45.jpg 60w, https:\/\/wilkens-wohnstudio.de\/wp-content\/uploads\/2023\/08\/fensterbank-deko-ideen-110x83.jpg 110w, https:\/\/wilkens-wohnstudio.de\/wp-content\/uploads\/2023\/08\/fensterbank-deko-ideen.jpg 2000w\" sizes=\"(max-width: 1024px) 100vw, 1024px\" \/>\t\t\t\t\t<\/div>\n\t\t\t\t\t\t\t\t\t\t<a class=\"wd-fill\" tabindex=\"-1\" href=\"https:\/\/wilkens-wohnstudio.de\/blog\/dekoideen\/fensterbank-deko-ideen\/\" aria-label=\"Link zum Beitrag 22 tolle Fensterbank Deko Ideen\"><\/a>\n\t\t\t\t\n\t\t\t\t\t\t\t\t\t\t\t\t<div class=\"wd-post-date wd-style-with-bg\">\n\t\t\t\t<span class=\"post-date-day\">\n\t\t\t\t\t17\t\t\t\t<\/span>\n\t\t\t\t<span class=\"post-date-month\">\n\t\t\t\t\tAug.\t\t\t\t<\/span>\n\t\t\t<\/div>\n\t\t\t\t\t\t\t\t\t<\/div>\n\t\t\n\t\t<div class=\"wd-post-content article-body-container\">\n\t\t\t\t\t\t\t<div class=\"wd-post-cat wd-style-with-bg meta-post-categories\">\n\t\t\t\t\t<a href=\"https:\/\/wilkens-wohnstudio.de\/blog\/category\/dekoideen\/\" rel=\"category tag\">Dekoideen<\/a>, <a href=\"https:\/\/wilkens-wohnstudio.de\/blog\/category\/saisonal\/fruehling\/\" rel=\"category tag\">Fr\u00fchling<\/a>, <a href=\"https:\/\/wilkens-wohnstudio.de\/blog\/category\/saisonal\/herbst\/\" rel=\"category tag\">Herbst<\/a>, <a href=\"https:\/\/wilkens-wohnstudio.de\/blog\/category\/wohnideen\/kueche\/\" rel=\"category tag\">K\u00fcche<\/a>, <a href=\"https:\/\/wilkens-wohnstudio.de\/blog\/category\/saisonal\/ostern\/\" rel=\"category tag\">Ostern<\/a>, <a href=\"https:\/\/wilkens-wohnstudio.de\/blog\/category\/wohnideen\/schlafzimmer\/\" rel=\"category tag\">Schlafzimmer<\/a>, <a href=\"https:\/\/wilkens-wohnstudio.de\/blog\/category\/saisonal\/weihnachten\/\" rel=\"category tag\">Weihnachten<\/a>, <a href=\"https:\/\/wilkens-wohnstudio.de\/blog\/category\/saisonal\/winter\/\" rel=\"category tag\">Winter<\/a>, <a href=\"https:\/\/wilkens-wohnstudio.de\/blog\/category\/wohnideen\/\" rel=\"category tag\">Wohnideen<\/a>, <a href=\"https:\/\/wilkens-wohnstudio.de\/blog\/category\/wohnideen\/wohnzimmer\/\" rel=\"category tag\">Wohnzimmer<\/a>\t\t\t\t<\/div>\n\t\t\t\n\t\t\t\t\t\t\t<h3 class=\"wd-post-title wd-entities-title title post-title\">\n\t\t\t\t\t<a href=\"https:\/\/wilkens-wohnstudio.de\/blog\/dekoideen\/fensterbank-deko-ideen\/\" rel=\"bookmark\">22 tolle Fensterbank Deko Ideen<\/a>\n\t\t\t\t<\/h3>\n\t\t\t\n\t\t\t\t\t\t\t<div class=\"wd-post-meta\">\n\t\t\t\t\t\t\t\t\t\t\t\t\t\t\t<div class=\"wd-post-author\">\n\t\t\t\t\t\t\t\t\t\t\t<span>Geschrieben von<\/span>\n\t\t\n\t\t\t\t\t\t\t\n\t\t\t\t\t<a href=\"https:\/\/wilkens-wohnstudio.de\/blog\/author\/n-tangermann\/\" class=\"author\" rel=\"author\">Wilkens Wohnstudio<\/a>\n\t\t\t\t\t\t\t\t\t<\/div>\n\t\t\t\t\t<div class=\"wd-modified-date\">\n\t\t\t\t\t\t\t\t<time class=\"updated\" datetime=\"2023-08-17T16:18:59+02:00\">\n\t\t\t17.08.2023\t\t<\/time>\n\t\t\t\t\t\t\t<\/div>\n\n\t\t\t\t\t\t\t\t\t\t\t<div tabindex=\"0\" class=\"wd-post-share wd-tltp\">\n\t\t\t\t\t\t\t<div class=\"tooltip top\">\n\t\t\t\t\t\t\t\t<div class=\"tooltip-inner\">\n\t\t\t\t\t\t\t\t\t\t\t\t<div\n\t\t\t\t\t\tclass=\" wd-social-icons  wd-style-default wd-size-small social-share wd-shape-circle color-scheme-light text-center\">\n\t\t\t\t\n\t\t\t\t\n\t\t\t\t\t\t\t\t\t<a rel=\"noopener noreferrer nofollow\" href=\"https:\/\/www.facebook.com\/sharer\/sharer.php?u=https:\/\/wilkens-wohnstudio.de\/blog\/category\/wohnideen\/wohnzimmer\/\" target=\"_blank\" class=\" wd-social-icon social-facebook\" aria-label=\"Facebook-Social-Link\">\n\t\t\t\t\t\t<span class=\"wd-icon\"><\/span>\n\t\t\t\t\t\t\t\t\t\t\t<\/a>\n\t\t\t\t\n\t\t\t\t\n\t\t\t\t\n\t\t\t\t\n\t\t\t\t\n\t\t\t\t\n\t\t\t\t\n\t\t\t\t\t\t\t\t\t<a rel=\"noopener noreferrer nofollow\" href=\"https:\/\/pinterest.com\/pin\/create\/button\/?url=https:\/\/wilkens-wohnstudio.de\/blog\/category\/wohnideen\/wohnzimmer\/&media=https:\/\/wilkens-wohnstudio.de\/wp-content\/uploads\/2023\/08\/fensterbank-deko-ideen.jpg&description=22+tolle+Fensterbank+Deko+Ideen\" target=\"_blank\" class=\" wd-social-icon social-pinterest\" aria-label=\"Pinterest-Social-Link\">\n\t\t\t\t\t\t<span class=\"wd-icon\"><\/span>\n\t\t\t\t\t\t\t\t\t\t\t<\/a>\n\t\t\t\t\n\t\t\t\t\n\t\t\t\t\n\t\t\t\t\n\t\t\t\t\n\t\t\t\t\n\t\t\t\t\n\t\t\t\t\n\t\t\t\t\n\t\t\t\t\n\t\t\t\t\n\t\t\t\t\t\t\t\t\t<a rel=\"noopener noreferrer nofollow\" href=\"https:\/\/api.whatsapp.com\/send?text=https%3A%2F%2Fwilkens-wohnstudio.de%2Fblog%2Fcategory%2Fwohnideen%2Fwohnzimmer%2F\" target=\"_blank\" class=\"wd-hide-md  wd-social-icon social-whatsapp\" aria-label=\"WhatsApp-Social-Link\">\n\t\t\t\t\t\t<span class=\"wd-icon\"><\/span>\n\t\t\t\t\t\t\t\t\t\t\t<\/a>\n\n\t\t\t\t\t<a rel=\"noopener noreferrer nofollow\" href=\"whatsapp:\/\/send?text=https%3A%2F%2Fwilkens-wohnstudio.de%2Fblog%2Fcategory%2Fwohnideen%2Fwohnzimmer%2F\" target=\"_blank\" class=\"wd-hide-lg  wd-social-icon social-whatsapp\" aria-label=\"WhatsApp-Social-Link\">\n\t\t\t\t\t\t<span class=\"wd-icon\"><\/span>\n\t\t\t\t\t\t\t\t\t\t\t<\/a>\n\t\t\t\t\n\t\t\t\t\n\t\t\t\t\n\t\t\t\t\n\t\t\t\t\n\t\t\t\t\n\t\t\t\t\n\t\t\t\t\n\t\t\t<\/div>\n\n\t\t\t\t\t\t\t\t\t\t<\/div>\n\t\t\t\t\t\t\t\t<div class=\"tooltip-arrow\"><\/div>\n\t\t\t\t\t\t\t<\/div>\n\t\t\t\t\t\t<\/div>\n\t\t\t\t\t\n\t\t\t\t\t\t\t\t\t<\/div>\n\t\t\t\n\t\t\t\t\t\t\t\t\t\t\t\t<div class=\"wd-post-excerpt entry-content\">\n\t\t\t\t\t\t22 tolle Fensterbank Deko Ideen\r\nEgal ob in der K\u00fcche, im Wohnzimmer, oder im Schlafzimmer \u2013 die meisten R\u00e4ume, die eine Fens...\t\t\t\t\t<\/div>\n\t\t\t\t\n\t\t\t\t\t\t\t\t\t\t\t\t\t\t<div class=\"wd-post-read-more wd-style-link read-more-section\">\n\t\t\t\t\t\t<a class=\"\" href=\"https:\/\/wilkens-wohnstudio.de\/blog\/dekoideen\/fensterbank-deko-ideen\/\">weiter lesen<\/a>\t\t\t\t\t<\/div>\n\t\t\t\t\t\t\t\t\t\t\t\t\t<\/div>\n\t<\/div>\n<\/article>\n\n\t\t\t\t\t\t\t\t\t\t\t\n<article id=\"post-54514\" class=\"wd-post blog-design-masonry blog-post-loop blog-style-bg wd-add-shadow wd-col post-54514 post type-post status-publish format-standard has-post-thumbnail hentry category-dekoideen category-diy-ideen category-herbst category-kueche category-ostern category-sommer category-trockenblumen category-weihnachten category-wohnideen category-wohnzimmer tag-esstisch tag-tischdeko\">\n\t<div class=\"wd-post-inner article-inner\">\n\t\t\t\t\t<div class=\"wd-post-thumb entry-header\">\n\t\t\t\t\t\t\t\t\t<div class=\"wd-post-img post-img-wrapp\">\n\t\t\t\t\t\t<img width=\"1024\" height=\"768\" src=\"https:\/\/wilkens-wohnstudio.de\/wp-content\/uploads\/2023\/08\/tablett-dekorieren-tischdeko-ideen-1024x768.jpg\" class=\"attachment-large size-large\" alt=\"tablett dekorieren tischdeko ideen\" decoding=\"async\" srcset=\"https:\/\/wilkens-wohnstudio.de\/wp-content\/uploads\/2023\/08\/tablett-dekorieren-tischdeko-ideen-1024x768.jpg 1024w, https:\/\/wilkens-wohnstudio.de\/wp-content\/uploads\/2023\/08\/tablett-dekorieren-tischdeko-ideen-175x131.jpg 175w, https:\/\/wilkens-wohnstudio.de\/wp-content\/uploads\/2023\/08\/tablett-dekorieren-tischdeko-ideen-1000x750.jpg 1000w, https:\/\/wilkens-wohnstudio.de\/wp-content\/uploads\/2023\/08\/tablett-dekorieren-tischdeko-ideen-350x263.jpg 350w, https:\/\/wilkens-wohnstudio.de\/wp-content\/uploads\/2023\/08\/tablett-dekorieren-tischdeko-ideen-768x576.jpg 768w, https:\/\/wilkens-wohnstudio.de\/wp-content\/uploads\/2023\/08\/tablett-dekorieren-tischdeko-ideen-60x45.jpg 60w, https:\/\/wilkens-wohnstudio.de\/wp-content\/uploads\/2023\/08\/tablett-dekorieren-tischdeko-ideen-110x83.jpg 110w, https:\/\/wilkens-wohnstudio.de\/wp-content\/uploads\/2023\/08\/tablett-dekorieren-tischdeko-ideen.jpg 1440w\" sizes=\"(max-width: 1024px) 100vw, 1024px\" \/>\t\t\t\t\t<\/div>\n\t\t\t\t\t\t\t\t\t\t<a class=\"wd-fill\" tabindex=\"-1\" href=\"https:\/\/wilkens-wohnstudio.de\/blog\/dekoideen\/tablett-dekorieren\/\" aria-label=\"Link zum Beitrag Tablett dekorieren und mehr \u2013 16 tolle einfache Tischdeko Ideen\"><\/a>\n\t\t\t\t\n\t\t\t\t\t\t\t\t\t\t\t\t<div class=\"wd-post-date wd-style-with-bg\">\n\t\t\t\t<span class=\"post-date-day\">\n\t\t\t\t\t15\t\t\t\t<\/span>\n\t\t\t\t<span class=\"post-date-month\">\n\t\t\t\t\tAug.\t\t\t\t<\/span>\n\t\t\t<\/div>\n\t\t\t\t\t\t\t\t\t<\/div>\n\t\t\n\t\t<div class=\"wd-post-content article-body-container\">\n\t\t\t\t\t\t\t<div class=\"wd-post-cat wd-style-with-bg meta-post-categories\">\n\t\t\t\t\t<a href=\"https:\/\/wilkens-wohnstudio.de\/blog\/category\/dekoideen\/\" rel=\"category tag\">Dekoideen<\/a>, <a href=\"https:\/\/wilkens-wohnstudio.de\/blog\/category\/diy-ideen\/\" rel=\"category tag\">DIY-Ideen<\/a>, <a href=\"https:\/\/wilkens-wohnstudio.de\/blog\/category\/saisonal\/herbst\/\" rel=\"category tag\">Herbst<\/a>, <a href=\"https:\/\/wilkens-wohnstudio.de\/blog\/category\/wohnideen\/kueche\/\" rel=\"category tag\">K\u00fcche<\/a>, <a href=\"https:\/\/wilkens-wohnstudio.de\/blog\/category\/saisonal\/ostern\/\" rel=\"category tag\">Ostern<\/a>, <a href=\"https:\/\/wilkens-wohnstudio.de\/blog\/category\/saisonal\/sommer\/\" rel=\"category tag\">Sommer<\/a>, <a href=\"https:\/\/wilkens-wohnstudio.de\/blog\/category\/trockenblumen\/\" rel=\"category tag\">Trockenblumen<\/a>, <a href=\"https:\/\/wilkens-wohnstudio.de\/blog\/category\/saisonal\/weihnachten\/\" rel=\"category tag\">Weihnachten<\/a>, <a href=\"https:\/\/wilkens-wohnstudio.de\/blog\/category\/wohnideen\/\" rel=\"category tag\">Wohnideen<\/a>, <a href=\"https:\/\/wilkens-wohnstudio.de\/blog\/category\/wohnideen\/wohnzimmer\/\" rel=\"category tag\">Wohnzimmer<\/a>\t\t\t\t<\/div>\n\t\t\t\n\t\t\t\t\t\t\t<h3 class=\"wd-post-title wd-entities-title title post-title\">\n\t\t\t\t\t<a href=\"https:\/\/wilkens-wohnstudio.de\/blog\/dekoideen\/tablett-dekorieren\/\" rel=\"bookmark\">Tablett dekorieren und mehr \u2013 16 tolle einfache Tischdeko Ideen<\/a>\n\t\t\t\t<\/h3>\n\t\t\t\n\t\t\t\t\t\t\t<div class=\"wd-post-meta\">\n\t\t\t\t\t\t\t\t\t\t\t\t\t\t\t<div class=\"wd-post-author\">\n\t\t\t\t\t\t\t\t\t\t\t<span>Geschrieben von<\/span>\n\t\t\n\t\t\t\t\t\t\t\n\t\t\t\t\t<a href=\"https:\/\/wilkens-wohnstudio.de\/blog\/author\/n-tangermann\/\" class=\"author\" rel=\"author\">Wilkens Wohnstudio<\/a>\n\t\t\t\t\t\t\t\t\t<\/div>\n\t\t\t\t\t<div class=\"wd-modified-date\">\n\t\t\t\t\t\t\t\t<time class=\"updated\" datetime=\"2023-08-15T17:17:25+02:00\">\n\t\t\t15.08.2023\t\t<\/time>\n\t\t\t\t\t\t\t<\/div>\n\n\t\t\t\t\t\t\t\t\t\t\t<div tabindex=\"0\" class=\"wd-post-share wd-tltp\">\n\t\t\t\t\t\t\t<div class=\"tooltip top\">\n\t\t\t\t\t\t\t\t<div class=\"tooltip-inner\">\n\t\t\t\t\t\t\t\t\t\t\t\t<div\n\t\t\t\t\t\tclass=\" wd-social-icons  wd-style-default wd-size-small social-share wd-shape-circle color-scheme-light text-center\">\n\t\t\t\t\n\t\t\t\t\n\t\t\t\t\t\t\t\t\t<a rel=\"noopener noreferrer nofollow\" href=\"https:\/\/www.facebook.com\/sharer\/sharer.php?u=https:\/\/wilkens-wohnstudio.de\/blog\/category\/wohnideen\/wohnzimmer\/\" target=\"_blank\" class=\" wd-social-icon social-facebook\" aria-label=\"Facebook-Social-Link\">\n\t\t\t\t\t\t<span class=\"wd-icon\"><\/span>\n\t\t\t\t\t\t\t\t\t\t\t<\/a>\n\t\t\t\t\n\t\t\t\t\n\t\t\t\t\n\t\t\t\t\n\t\t\t\t\n\t\t\t\t\n\t\t\t\t\n\t\t\t\t\t\t\t\t\t<a rel=\"noopener noreferrer nofollow\" href=\"https:\/\/pinterest.com\/pin\/create\/button\/?url=https:\/\/wilkens-wohnstudio.de\/blog\/category\/wohnideen\/wohnzimmer\/&media=https:\/\/wilkens-wohnstudio.de\/wp-content\/uploads\/2023\/08\/tablett-dekorieren-tischdeko-ideen.jpg&description=Tablett+dekorieren+und+mehr+%E2%80%93+16+tolle+einfache+Tischdeko+Ideen\" target=\"_blank\" class=\" wd-social-icon social-pinterest\" aria-label=\"Pinterest-Social-Link\">\n\t\t\t\t\t\t<span class=\"wd-icon\"><\/span>\n\t\t\t\t\t\t\t\t\t\t\t<\/a>\n\t\t\t\t\n\t\t\t\t\n\t\t\t\t\n\t\t\t\t\n\t\t\t\t\n\t\t\t\t\n\t\t\t\t\n\t\t\t\t\n\t\t\t\t\n\t\t\t\t\n\t\t\t\t\n\t\t\t\t\t\t\t\t\t<a rel=\"noopener noreferrer nofollow\" href=\"https:\/\/api.whatsapp.com\/send?text=https%3A%2F%2Fwilkens-wohnstudio.de%2Fblog%2Fcategory%2Fwohnideen%2Fwohnzimmer%2F\" target=\"_blank\" class=\"wd-hide-md  wd-social-icon social-whatsapp\" aria-label=\"WhatsApp-Social-Link\">\n\t\t\t\t\t\t<span class=\"wd-icon\"><\/span>\n\t\t\t\t\t\t\t\t\t\t\t<\/a>\n\n\t\t\t\t\t<a rel=\"noopener noreferrer nofollow\" href=\"whatsapp:\/\/send?text=https%3A%2F%2Fwilkens-wohnstudio.de%2Fblog%2Fcategory%2Fwohnideen%2Fwohnzimmer%2F\" target=\"_blank\" class=\"wd-hide-lg  wd-social-icon social-whatsapp\" aria-label=\"WhatsApp-Social-Link\">\n\t\t\t\t\t\t<span class=\"wd-icon\"><\/span>\n\t\t\t\t\t\t\t\t\t\t\t<\/a>\n\t\t\t\t\n\t\t\t\t\n\t\t\t\t\n\t\t\t\t\n\t\t\t\t\n\t\t\t\t\n\t\t\t\t\n\t\t\t\t\n\t\t\t<\/div>\n\n\t\t\t\t\t\t\t\t\t\t<\/div>\n\t\t\t\t\t\t\t\t<div class=\"tooltip-arrow\"><\/div>\n\t\t\t\t\t\t\t<\/div>\n\t\t\t\t\t\t<\/div>\n\t\t\t\t\t\n\t\t\t\t\t\t\t\t\t<\/div>\n\t\t\t\n\t\t\t\t\t\t\t\t\t\t\t\t<div class=\"wd-post-excerpt entry-content\">\n\t\t\t\t\t\tEinfache Tischdeko Ideen \u2013 Das gewisse Extra\r\nMit Tischdeko macht ihr ein einfaches Abendessen zum festlichen Dinner! Ein Tab...\t\t\t\t\t<\/div>\n\t\t\t\t\n\t\t\t\t\t\t\t\t\t\t\t\t\t\t<div class=\"wd-post-read-more wd-style-link read-more-section\">\n\t\t\t\t\t\t<a class=\"\" href=\"https:\/\/wilkens-wohnstudio.de\/blog\/dekoideen\/tablett-dekorieren\/\">weiter lesen<\/a>\t\t\t\t\t<\/div>\n\t\t\t\t\t\t\t\t\t\t\t\t\t<\/div>\n\t<\/div>\n<\/article>\n\n\t\t\t\t\t\t\t\t\t\t\t\n<article id=\"post-54357\" class=\"wd-post blog-design-masonry blog-post-loop blog-style-bg wd-add-shadow wd-col post-54357 post type-post status-publish format-standard has-post-thumbnail hentry category-deko-stile category-kueche category-modern category-schlafzimmer category-wohnideen category-wohnzimmer tag-minimalismus\">\n\t<div class=\"wd-post-inner article-inner\">\n\t\t\t\t\t<div class=\"wd-post-thumb entry-header\">\n\t\t\t\t\t\t\t\t\t<div class=\"wd-post-img post-img-wrapp\">\n\t\t\t\t\t\t<img width=\"1024\" height=\"768\" src=\"https:\/\/wilkens-wohnstudio.de\/wp-content\/uploads\/2023\/08\/minimalistisch-wohnen-header-1024x768.jpg\" class=\"attachment-large size-large\" alt=\"minimalistisch wohnen header\" decoding=\"async\" srcset=\"https:\/\/wilkens-wohnstudio.de\/wp-content\/uploads\/2023\/08\/minimalistisch-wohnen-header-1024x768.jpg 1024w, https:\/\/wilkens-wohnstudio.de\/wp-content\/uploads\/2023\/08\/minimalistisch-wohnen-header-175x131.jpg 175w, https:\/\/wilkens-wohnstudio.de\/wp-content\/uploads\/2023\/08\/minimalistisch-wohnen-header-1000x750.jpg 1000w, https:\/\/wilkens-wohnstudio.de\/wp-content\/uploads\/2023\/08\/minimalistisch-wohnen-header-350x263.jpg 350w, https:\/\/wilkens-wohnstudio.de\/wp-content\/uploads\/2023\/08\/minimalistisch-wohnen-header-768x576.jpg 768w, https:\/\/wilkens-wohnstudio.de\/wp-content\/uploads\/2023\/08\/minimalistisch-wohnen-header-60x45.jpg 60w, https:\/\/wilkens-wohnstudio.de\/wp-content\/uploads\/2023\/08\/minimalistisch-wohnen-header-110x83.jpg 110w, https:\/\/wilkens-wohnstudio.de\/wp-content\/uploads\/2023\/08\/minimalistisch-wohnen-header.jpg 1440w\" sizes=\"(max-width: 1024px) 100vw, 1024px\" \/>\t\t\t\t\t<\/div>\n\t\t\t\t\t\t\t\t\t\t<a class=\"wd-fill\" tabindex=\"-1\" href=\"https:\/\/wilkens-wohnstudio.de\/blog\/deko-stile\/minimalistisch-wohnen\/\" aria-label=\"Link zum Beitrag Minimalistisch wohnen &#8211; 12+  tolle minimalistische Einrichtungsideen\"><\/a>\n\t\t\t\t\n\t\t\t\t\t\t\t\t\t\t\t\t<div class=\"wd-post-date wd-style-with-bg\">\n\t\t\t\t<span class=\"post-date-day\">\n\t\t\t\t\t04\t\t\t\t<\/span>\n\t\t\t\t<span class=\"post-date-month\">\n\t\t\t\t\tAug.\t\t\t\t<\/span>\n\t\t\t<\/div>\n\t\t\t\t\t\t\t\t\t<\/div>\n\t\t\n\t\t<div class=\"wd-post-content article-body-container\">\n\t\t\t\t\t\t\t<div class=\"wd-post-cat wd-style-with-bg meta-post-categories\">\n\t\t\t\t\t<a href=\"https:\/\/wilkens-wohnstudio.de\/blog\/category\/deko-stile\/\" rel=\"category tag\">Deko-Stile<\/a>, <a href=\"https:\/\/wilkens-wohnstudio.de\/blog\/category\/wohnideen\/kueche\/\" rel=\"category tag\">K\u00fcche<\/a>, <a href=\"https:\/\/wilkens-wohnstudio.de\/blog\/category\/deko-stile\/modern\/\" rel=\"category tag\">Modern<\/a>, <a href=\"https:\/\/wilkens-wohnstudio.de\/blog\/category\/wohnideen\/schlafzimmer\/\" rel=\"category tag\">Schlafzimmer<\/a>, <a href=\"https:\/\/wilkens-wohnstudio.de\/blog\/category\/wohnideen\/\" rel=\"category tag\">Wohnideen<\/a>, <a href=\"https:\/\/wilkens-wohnstudio.de\/blog\/category\/wohnideen\/wohnzimmer\/\" rel=\"category tag\">Wohnzimmer<\/a>\t\t\t\t<\/div>\n\t\t\t\n\t\t\t\t\t\t\t<h3 class=\"wd-post-title wd-entities-title title post-title\">\n\t\t\t\t\t<a href=\"https:\/\/wilkens-wohnstudio.de\/blog\/deko-stile\/minimalistisch-wohnen\/\" rel=\"bookmark\">Minimalistisch wohnen &#8211; 12+  tolle minimalistische Einrichtungsideen<\/a>\n\t\t\t\t<\/h3>\n\t\t\t\n\t\t\t\t\t\t\t<div class=\"wd-post-meta\">\n\t\t\t\t\t\t\t\t\t\t\t\t\t\t\t<div class=\"wd-post-author\">\n\t\t\t\t\t\t\t\t\t\t\t<span>Geschrieben von<\/span>\n\t\t\n\t\t\t\t\t\t\t\n\t\t\t\t\t<a href=\"https:\/\/wilkens-wohnstudio.de\/blog\/author\/n-tangermann\/\" class=\"author\" rel=\"author\">Wilkens Wohnstudio<\/a>\n\t\t\t\t\t\t\t\t\t<\/div>\n\t\t\t\t\t<div class=\"wd-modified-date\">\n\t\t\t\t\t\t\t\t<time class=\"updated\" datetime=\"2023-08-07T07:45:44+02:00\">\n\t\t\t07.08.2023\t\t<\/time>\n\t\t\t\t\t\t\t<\/div>\n\n\t\t\t\t\t\t\t\t\t\t\t<div tabindex=\"0\" class=\"wd-post-share wd-tltp\">\n\t\t\t\t\t\t\t<div class=\"tooltip top\">\n\t\t\t\t\t\t\t\t<div class=\"tooltip-inner\">\n\t\t\t\t\t\t\t\t\t\t\t\t<div\n\t\t\t\t\t\tclass=\" wd-social-icons  wd-style-default wd-size-small social-share wd-shape-circle color-scheme-light text-center\">\n\t\t\t\t\n\t\t\t\t\n\t\t\t\t\t\t\t\t\t<a rel=\"noopener noreferrer nofollow\" href=\"https:\/\/www.facebook.com\/sharer\/sharer.php?u=https:\/\/wilkens-wohnstudio.de\/blog\/category\/wohnideen\/wohnzimmer\/\" target=\"_blank\" class=\" wd-social-icon social-facebook\" aria-label=\"Facebook-Social-Link\">\n\t\t\t\t\t\t<span class=\"wd-icon\"><\/span>\n\t\t\t\t\t\t\t\t\t\t\t<\/a>\n\t\t\t\t\n\t\t\t\t\n\t\t\t\t\n\t\t\t\t\n\t\t\t\t\n\t\t\t\t\n\t\t\t\t\n\t\t\t\t\t\t\t\t\t<a rel=\"noopener noreferrer nofollow\" href=\"https:\/\/pinterest.com\/pin\/create\/button\/?url=https:\/\/wilkens-wohnstudio.de\/blog\/category\/wohnideen\/wohnzimmer\/&media=https:\/\/wilkens-wohnstudio.de\/wp-content\/uploads\/2023\/08\/minimalistisch-wohnen-header.jpg&description=Minimalistisch+wohnen+%26%238211%3B+12%2B++tolle+minimalistische+Einrichtungsideen\" target=\"_blank\" class=\" wd-social-icon social-pinterest\" aria-label=\"Pinterest-Social-Link\">\n\t\t\t\t\t\t<span class=\"wd-icon\"><\/span>\n\t\t\t\t\t\t\t\t\t\t\t<\/a>\n\t\t\t\t\n\t\t\t\t\n\t\t\t\t\n\t\t\t\t\n\t\t\t\t\n\t\t\t\t\n\t\t\t\t\n\t\t\t\t\n\t\t\t\t\n\t\t\t\t\n\t\t\t\t\n\t\t\t\t\t\t\t\t\t<a rel=\"noopener noreferrer nofollow\" href=\"https:\/\/api.whatsapp.com\/send?text=https%3A%2F%2Fwilkens-wohnstudio.de%2Fblog%2Fcategory%2Fwohnideen%2Fwohnzimmer%2F\" target=\"_blank\" class=\"wd-hide-md  wd-social-icon social-whatsapp\" aria-label=\"WhatsApp-Social-Link\">\n\t\t\t\t\t\t<span class=\"wd-icon\"><\/span>\n\t\t\t\t\t\t\t\t\t\t\t<\/a>\n\n\t\t\t\t\t<a rel=\"noopener noreferrer nofollow\" href=\"whatsapp:\/\/send?text=https%3A%2F%2Fwilkens-wohnstudio.de%2Fblog%2Fcategory%2Fwohnideen%2Fwohnzimmer%2F\" target=\"_blank\" class=\"wd-hide-lg  wd-social-icon social-whatsapp\" aria-label=\"WhatsApp-Social-Link\">\n\t\t\t\t\t\t<span class=\"wd-icon\"><\/span>\n\t\t\t\t\t\t\t\t\t\t\t<\/a>\n\t\t\t\t\n\t\t\t\t\n\t\t\t\t\n\t\t\t\t\n\t\t\t\t\n\t\t\t\t\n\t\t\t\t\n\t\t\t\t\n\t\t\t<\/div>\n\n\t\t\t\t\t\t\t\t\t\t<\/div>\n\t\t\t\t\t\t\t\t<div class=\"tooltip-arrow\"><\/div>\n\t\t\t\t\t\t\t<\/div>\n\t\t\t\t\t\t<\/div>\n\t\t\t\t\t\n\t\t\t\t\t\t\t\t\t<\/div>\n\t\t\t\n\t\t\t\t\t\t\t\t\t\t\t\t<div class=\"wd-post-excerpt entry-content\">\n\t\t\t\t\t\tMinimalistisch Wohnen: Minimalistische Einrichtungsideen\r\nPraktisch, Leicht und unbeschwert - Minimalistisch Wohnen hat viele...\t\t\t\t\t<\/div>\n\t\t\t\t\n\t\t\t\t\t\t\t\t\t\t\t\t\t\t<div class=\"wd-post-read-more wd-style-link read-more-section\">\n\t\t\t\t\t\t<a class=\"\" href=\"https:\/\/wilkens-wohnstudio.de\/blog\/deko-stile\/minimalistisch-wohnen\/\">weiter lesen<\/a>\t\t\t\t\t<\/div>\n\t\t\t\t\t\t\t\t\t\t\t\t\t<\/div>\n\t<\/div>\n<\/article>\n\n\t\t\t\t\t\t\t\t\t\t\t\n<article id=\"post-51231\" class=\"wd-post blog-design-masonry blog-post-loop blog-style-bg wd-add-shadow wd-col post-51231 post type-post status-publish format-standard has-post-thumbnail hentry category-wohnideen category-badezimmer category-kueche category-wohnzimmer tag-deko-mit-pflanzen tag-natur-deko tag-urban-jungle-deko\">\n\t<div class=\"wd-post-inner article-inner\">\n\t\t\t\t\t<div class=\"wd-post-thumb entry-header\">\n\t\t\t\t\t\t\t\t\t<div class=\"wd-post-img post-img-wrapp\">\n\t\t\t\t\t\t<img width=\"1024\" height=\"768\" src=\"https:\/\/wilkens-wohnstudio.de\/wp-content\/uploads\/2023\/06\/urban-jungle-deko-ideen-1024x768.jpg\" class=\"attachment-large size-large\" alt=\"urban jungle deko ideen\" decoding=\"async\" srcset=\"https:\/\/wilkens-wohnstudio.de\/wp-content\/uploads\/2023\/06\/urban-jungle-deko-ideen-1024x768.jpg 1024w, https:\/\/wilkens-wohnstudio.de\/wp-content\/uploads\/2023\/06\/urban-jungle-deko-ideen-175x131.jpg 175w, https:\/\/wilkens-wohnstudio.de\/wp-content\/uploads\/2023\/06\/urban-jungle-deko-ideen-1000x750.jpg 1000w, https:\/\/wilkens-wohnstudio.de\/wp-content\/uploads\/2023\/06\/urban-jungle-deko-ideen-350x263.jpg 350w, https:\/\/wilkens-wohnstudio.de\/wp-content\/uploads\/2023\/06\/urban-jungle-deko-ideen-768x576.jpg 768w, https:\/\/wilkens-wohnstudio.de\/wp-content\/uploads\/2023\/06\/urban-jungle-deko-ideen-60x45.jpg 60w, https:\/\/wilkens-wohnstudio.de\/wp-content\/uploads\/2023\/06\/urban-jungle-deko-ideen-110x83.jpg 110w, https:\/\/wilkens-wohnstudio.de\/wp-content\/uploads\/2023\/06\/urban-jungle-deko-ideen.jpg 1440w\" sizes=\"(max-width: 1024px) 100vw, 1024px\" \/>\t\t\t\t\t<\/div>\n\t\t\t\t\t\t\t\t\t\t<a class=\"wd-fill\" tabindex=\"-1\" href=\"https:\/\/wilkens-wohnstudio.de\/blog\/wohnideen\/urban-jungle-deko-ideen\/\" aria-label=\"Link zum Beitrag Tolle Zimmerpflanzen Deko: 11 Urban Jungle Deko Ideen\"><\/a>\n\t\t\t\t\n\t\t\t\t\t\t\t\t\t\t\t\t<div class=\"wd-post-date wd-style-with-bg\">\n\t\t\t\t<span class=\"post-date-day\">\n\t\t\t\t\t20\t\t\t\t<\/span>\n\t\t\t\t<span class=\"post-date-month\">\n\t\t\t\t\tJuni\t\t\t\t<\/span>\n\t\t\t<\/div>\n\t\t\t\t\t\t\t\t\t<\/div>\n\t\t\n\t\t<div class=\"wd-post-content article-body-container\">\n\t\t\t\t\t\t\t<div class=\"wd-post-cat wd-style-with-bg meta-post-categories\">\n\t\t\t\t\t<a href=\"https:\/\/wilkens-wohnstudio.de\/blog\/category\/wohnideen\/\" rel=\"category tag\">Wohnideen<\/a>, <a href=\"https:\/\/wilkens-wohnstudio.de\/blog\/category\/wohnideen\/badezimmer\/\" rel=\"category tag\">Badezimmer<\/a>, <a href=\"https:\/\/wilkens-wohnstudio.de\/blog\/category\/wohnideen\/kueche\/\" rel=\"category tag\">K\u00fcche<\/a>, <a href=\"https:\/\/wilkens-wohnstudio.de\/blog\/category\/wohnideen\/wohnzimmer\/\" rel=\"category tag\">Wohnzimmer<\/a>\t\t\t\t<\/div>\n\t\t\t\n\t\t\t\t\t\t\t<h3 class=\"wd-post-title wd-entities-title title post-title\">\n\t\t\t\t\t<a href=\"https:\/\/wilkens-wohnstudio.de\/blog\/wohnideen\/urban-jungle-deko-ideen\/\" rel=\"bookmark\">Tolle Zimmerpflanzen Deko: 11 Urban Jungle Deko Ideen<\/a>\n\t\t\t\t<\/h3>\n\t\t\t\n\t\t\t\t\t\t\t<div class=\"wd-post-meta\">\n\t\t\t\t\t\t\t\t\t\t\t\t\t\t\t<div class=\"wd-post-author\">\n\t\t\t\t\t\t\t\t\t\t\t<span>Geschrieben von<\/span>\n\t\t\n\t\t\t\t\t\t\t\n\t\t\t\t\t<a href=\"https:\/\/wilkens-wohnstudio.de\/blog\/author\/n-tangermann\/\" class=\"author\" rel=\"author\">Wilkens Wohnstudio<\/a>\n\t\t\t\t\t\t\t\t\t<\/div>\n\t\t\t\t\t<div class=\"wd-modified-date\">\n\t\t\t\t\t\t\t\t<time class=\"updated\" datetime=\"2023-06-20T16:24:44+02:00\">\n\t\t\t20.06.2023\t\t<\/time>\n\t\t\t\t\t\t\t<\/div>\n\n\t\t\t\t\t\t\t\t\t\t\t<div tabindex=\"0\" class=\"wd-post-share wd-tltp\">\n\t\t\t\t\t\t\t<div class=\"tooltip top\">\n\t\t\t\t\t\t\t\t<div class=\"tooltip-inner\">\n\t\t\t\t\t\t\t\t\t\t\t\t<div\n\t\t\t\t\t\tclass=\" wd-social-icons  wd-style-default wd-size-small social-share wd-shape-circle color-scheme-light text-center\">\n\t\t\t\t\n\t\t\t\t\n\t\t\t\t\t\t\t\t\t<a rel=\"noopener noreferrer nofollow\" href=\"https:\/\/www.facebook.com\/sharer\/sharer.php?u=https:\/\/wilkens-wohnstudio.de\/blog\/category\/wohnideen\/wohnzimmer\/\" target=\"_blank\" class=\" wd-social-icon social-facebook\" aria-label=\"Facebook-Social-Link\">\n\t\t\t\t\t\t<span class=\"wd-icon\"><\/span>\n\t\t\t\t\t\t\t\t\t\t\t<\/a>\n\t\t\t\t\n\t\t\t\t\n\t\t\t\t\n\t\t\t\t\n\t\t\t\t\n\t\t\t\t\n\t\t\t\t\n\t\t\t\t\t\t\t\t\t<a rel=\"noopener noreferrer nofollow\" href=\"https:\/\/pinterest.com\/pin\/create\/button\/?url=https:\/\/wilkens-wohnstudio.de\/blog\/category\/wohnideen\/wohnzimmer\/&media=https:\/\/wilkens-wohnstudio.de\/wp-content\/uploads\/2023\/06\/urban-jungle-deko-ideen.jpg&description=Tolle+Zimmerpflanzen+Deko%3A+11+Urban+Jungle+Deko+Ideen\" target=\"_blank\" class=\" wd-social-icon social-pinterest\" aria-label=\"Pinterest-Social-Link\">\n\t\t\t\t\t\t<span class=\"wd-icon\"><\/span>\n\t\t\t\t\t\t\t\t\t\t\t<\/a>\n\t\t\t\t\n\t\t\t\t\n\t\t\t\t\n\t\t\t\t\n\t\t\t\t\n\t\t\t\t\n\t\t\t\t\n\t\t\t\t\n\t\t\t\t\n\t\t\t\t\n\t\t\t\t\n\t\t\t\t\t\t\t\t\t<a rel=\"noopener noreferrer nofollow\" href=\"https:\/\/api.whatsapp.com\/send?text=https%3A%2F%2Fwilkens-wohnstudio.de%2Fblog%2Fcategory%2Fwohnideen%2Fwohnzimmer%2F\" target=\"_blank\" class=\"wd-hide-md  wd-social-icon social-whatsapp\" aria-label=\"WhatsApp-Social-Link\">\n\t\t\t\t\t\t<span class=\"wd-icon\"><\/span>\n\t\t\t\t\t\t\t\t\t\t\t<\/a>\n\n\t\t\t\t\t<a rel=\"noopener noreferrer nofollow\" href=\"whatsapp:\/\/send?text=https%3A%2F%2Fwilkens-wohnstudio.de%2Fblog%2Fcategory%2Fwohnideen%2Fwohnzimmer%2F\" target=\"_blank\" class=\"wd-hide-lg  wd-social-icon social-whatsapp\" aria-label=\"WhatsApp-Social-Link\">\n\t\t\t\t\t\t<span class=\"wd-icon\"><\/span>\n\t\t\t\t\t\t\t\t\t\t\t<\/a>\n\t\t\t\t\n\t\t\t\t\n\t\t\t\t\n\t\t\t\t\n\t\t\t\t\n\t\t\t\t\n\t\t\t\t\n\t\t\t\t\n\t\t\t<\/div>\n\n\t\t\t\t\t\t\t\t\t\t<\/div>\n\t\t\t\t\t\t\t\t<div class=\"tooltip-arrow\"><\/div>\n\t\t\t\t\t\t\t<\/div>\n\t\t\t\t\t\t<\/div>\n\t\t\t\t\t\n\t\t\t\t\t\t\t\t\t<\/div>\n\t\t\t\n\t\t\t\t\t\t\t\t\t\t\t\t<div class=\"wd-post-excerpt entry-content\">\n\t\t\t\t\t\tUrban Jungle Deko Ideen\r\nIm Gro\u00dfstadtjungle fehlt uns oft die Natur, zwischen hohen H\u00e4usern und belebten Gesch\u00e4ftsstra\u00dfen sin...\t\t\t\t\t<\/div>\n\t\t\t\t\n\t\t\t\t\t\t\t\t\t\t\t\t\t\t<div class=\"wd-post-read-more wd-style-link read-more-section\">\n\t\t\t\t\t\t<a class=\"\" href=\"https:\/\/wilkens-wohnstudio.de\/blog\/wohnideen\/urban-jungle-deko-ideen\/\">weiter lesen<\/a>\t\t\t\t\t<\/div>\n\t\t\t\t\t\t\t\t\t\t\t\t\t<\/div>\n\t<\/div>\n<\/article>\n\n\t\t\t\t\t\t\t\t\t\t\t\n<article id=\"post-38561\" class=\"wd-post blog-design-masonry blog-post-loop blog-style-bg wd-add-shadow wd-col post-38561 post type-post status-publish format-standard has-post-thumbnail hentry category-deko-stile category-industriell category-landhausstil category-maritim category-modern category-shabby-chic category-skandinavisch category-vintage category-wohnideen category-wohnzimmer tag-einrichtungs-stile tag-wohnzimmer\">\n\t<div class=\"wd-post-inner article-inner\">\n\t\t\t\t\t<div class=\"wd-post-thumb entry-header\">\n\t\t\t\t\t\t\t\t\t<div class=\"wd-post-img post-img-wrapp\">\n\t\t\t\t\t\t<img width=\"1024\" height=\"768\" src=\"https:\/\/wilkens-wohnstudio.de\/wp-content\/uploads\/2022\/09\/einrichtungs-stile-wohnzimmer-deko-1024x768.jpg\" class=\"attachment-large size-large\" alt=\"einrichtungs-stile-wohnzimmer-deko\" decoding=\"async\" srcset=\"https:\/\/wilkens-wohnstudio.de\/wp-content\/uploads\/2022\/09\/einrichtungs-stile-wohnzimmer-deko-1024x768.jpg 1024w, https:\/\/wilkens-wohnstudio.de\/wp-content\/uploads\/2022\/09\/einrichtungs-stile-wohnzimmer-deko-175x131.jpg 175w, https:\/\/wilkens-wohnstudio.de\/wp-content\/uploads\/2022\/09\/einrichtungs-stile-wohnzimmer-deko-1000x750.jpg 1000w, https:\/\/wilkens-wohnstudio.de\/wp-content\/uploads\/2022\/09\/einrichtungs-stile-wohnzimmer-deko-350x263.jpg 350w, https:\/\/wilkens-wohnstudio.de\/wp-content\/uploads\/2022\/09\/einrichtungs-stile-wohnzimmer-deko-768x576.jpg 768w, https:\/\/wilkens-wohnstudio.de\/wp-content\/uploads\/2022\/09\/einrichtungs-stile-wohnzimmer-deko-1536x1152.jpg 1536w, https:\/\/wilkens-wohnstudio.de\/wp-content\/uploads\/2022\/09\/einrichtungs-stile-wohnzimmer-deko-2048x1536.jpg 2048w, https:\/\/wilkens-wohnstudio.de\/wp-content\/uploads\/2022\/09\/einrichtungs-stile-wohnzimmer-deko-scaled.jpg 1440w\" sizes=\"(max-width: 1024px) 100vw, 1024px\" \/>\t\t\t\t\t<\/div>\n\t\t\t\t\t\t\t\t\t\t<a class=\"wd-fill\" tabindex=\"-1\" href=\"https:\/\/wilkens-wohnstudio.de\/blog\/deko-stile\/einrichtungs-stile\/\" aria-label=\"Link zum Beitrag 11 tolle Einrichtungs-Stile f\u00fcr das Wohnzimmer\"><\/a>\n\t\t\t\t\n\t\t\t\t\t\t\t\t\t\t\t\t<div class=\"wd-post-date wd-style-with-bg\">\n\t\t\t\t<span class=\"post-date-day\">\n\t\t\t\t\t21\t\t\t\t<\/span>\n\t\t\t\t<span class=\"post-date-month\">\n\t\t\t\t\tSep.\t\t\t\t<\/span>\n\t\t\t<\/div>\n\t\t\t\t\t\t\t\t\t<\/div>\n\t\t\n\t\t<div class=\"wd-post-content article-body-container\">\n\t\t\t\t\t\t\t<div class=\"wd-post-cat wd-style-with-bg meta-post-categories\">\n\t\t\t\t\t<a href=\"https:\/\/wilkens-wohnstudio.de\/blog\/category\/deko-stile\/\" rel=\"category tag\">Deko-Stile<\/a>, <a href=\"https:\/\/wilkens-wohnstudio.de\/blog\/category\/deko-stile\/industriell\/\" rel=\"category tag\">Industriell<\/a>, <a href=\"https:\/\/wilkens-wohnstudio.de\/blog\/category\/deko-stile\/landhausstil\/\" rel=\"category tag\">Landhausstil<\/a>, <a href=\"https:\/\/wilkens-wohnstudio.de\/blog\/category\/deko-stile\/maritim\/\" rel=\"category tag\">Maritim<\/a>, <a href=\"https:\/\/wilkens-wohnstudio.de\/blog\/category\/deko-stile\/modern\/\" rel=\"category tag\">Modern<\/a>, <a href=\"https:\/\/wilkens-wohnstudio.de\/blog\/category\/deko-stile\/shabby-chic\/\" rel=\"category tag\">Shabby Chic<\/a>, <a href=\"https:\/\/wilkens-wohnstudio.de\/blog\/category\/deko-stile\/skandinavisch\/\" rel=\"category tag\">Skandinavisch<\/a>, <a href=\"https:\/\/wilkens-wohnstudio.de\/blog\/category\/deko-stile\/vintage\/\" rel=\"category tag\">Vintage<\/a>, <a href=\"https:\/\/wilkens-wohnstudio.de\/blog\/category\/wohnideen\/\" rel=\"category tag\">Wohnideen<\/a>, <a href=\"https:\/\/wilkens-wohnstudio.de\/blog\/category\/wohnideen\/wohnzimmer\/\" rel=\"category tag\">Wohnzimmer<\/a>\t\t\t\t<\/div>\n\t\t\t\n\t\t\t\t\t\t\t<h3 class=\"wd-post-title wd-entities-title title post-title\">\n\t\t\t\t\t<a href=\"https:\/\/wilkens-wohnstudio.de\/blog\/deko-stile\/einrichtungs-stile\/\" rel=\"bookmark\">11 tolle Einrichtungs-Stile f\u00fcr das Wohnzimmer<\/a>\n\t\t\t\t<\/h3>\n\t\t\t\n\t\t\t\t\t\t\t<div class=\"wd-post-meta\">\n\t\t\t\t\t\t\t\t\t\t\t\t\t\t\t<div class=\"wd-post-author\">\n\t\t\t\t\t\t\t\t\t\t\t<span>Geschrieben von<\/span>\n\t\t\n\t\t\t\t\t\t\t\n\t\t\t\t\t<a href=\"https:\/\/wilkens-wohnstudio.de\/blog\/author\/n-tangermann\/\" class=\"author\" rel=\"author\">Wilkens Wohnstudio<\/a>\n\t\t\t\t\t\t\t\t\t<\/div>\n\t\t\t\t\t<div class=\"wd-modified-date\">\n\t\t\t\t\t\t\t\t<time class=\"updated\" datetime=\"2023-01-05T17:00:49+01:00\">\n\t\t\t05.01.2023\t\t<\/time>\n\t\t\t\t\t\t\t<\/div>\n\n\t\t\t\t\t\t\t\t\t\t\t<div tabindex=\"0\" class=\"wd-post-share wd-tltp\">\n\t\t\t\t\t\t\t<div class=\"tooltip top\">\n\t\t\t\t\t\t\t\t<div class=\"tooltip-inner\">\n\t\t\t\t\t\t\t\t\t\t\t\t<div\n\t\t\t\t\t\tclass=\" wd-social-icons  wd-style-default wd-size-small social-share wd-shape-circle color-scheme-light text-center\">\n\t\t\t\t\n\t\t\t\t\n\t\t\t\t\t\t\t\t\t<a rel=\"noopener noreferrer nofollow\" href=\"https:\/\/www.facebook.com\/sharer\/sharer.php?u=https:\/\/wilkens-wohnstudio.de\/blog\/category\/wohnideen\/wohnzimmer\/\" target=\"_blank\" class=\" wd-social-icon social-facebook\" aria-label=\"Facebook-Social-Link\">\n\t\t\t\t\t\t<span class=\"wd-icon\"><\/span>\n\t\t\t\t\t\t\t\t\t\t\t<\/a>\n\t\t\t\t\n\t\t\t\t\n\t\t\t\t\n\t\t\t\t\n\t\t\t\t\n\t\t\t\t\n\t\t\t\t\n\t\t\t\t\t\t\t\t\t<a rel=\"noopener noreferrer nofollow\" href=\"https:\/\/pinterest.com\/pin\/create\/button\/?url=https:\/\/wilkens-wohnstudio.de\/blog\/category\/wohnideen\/wohnzimmer\/&media=https:\/\/wilkens-wohnstudio.de\/wp-content\/uploads\/2022\/09\/einrichtungs-stile-wohnzimmer-deko-scaled.jpg&description=11+tolle+Einrichtungs-Stile+f%C3%BCr+das+Wohnzimmer\" target=\"_blank\" class=\" wd-social-icon social-pinterest\" aria-label=\"Pinterest-Social-Link\">\n\t\t\t\t\t\t<span class=\"wd-icon\"><\/span>\n\t\t\t\t\t\t\t\t\t\t\t<\/a>\n\t\t\t\t\n\t\t\t\t\n\t\t\t\t\n\t\t\t\t\n\t\t\t\t\n\t\t\t\t\n\t\t\t\t\n\t\t\t\t\n\t\t\t\t\n\t\t\t\t\n\t\t\t\t\n\t\t\t\t\t\t\t\t\t<a rel=\"noopener noreferrer nofollow\" href=\"https:\/\/api.whatsapp.com\/send?text=https%3A%2F%2Fwilkens-wohnstudio.de%2Fblog%2Fcategory%2Fwohnideen%2Fwohnzimmer%2F\" target=\"_blank\" class=\"wd-hide-md  wd-social-icon social-whatsapp\" aria-label=\"WhatsApp-Social-Link\">\n\t\t\t\t\t\t<span class=\"wd-icon\"><\/span>\n\t\t\t\t\t\t\t\t\t\t\t<\/a>\n\n\t\t\t\t\t<a rel=\"noopener noreferrer nofollow\" href=\"whatsapp:\/\/send?text=https%3A%2F%2Fwilkens-wohnstudio.de%2Fblog%2Fcategory%2Fwohnideen%2Fwohnzimmer%2F\" target=\"_blank\" class=\"wd-hide-lg  wd-social-icon social-whatsapp\" aria-label=\"WhatsApp-Social-Link\">\n\t\t\t\t\t\t<span class=\"wd-icon\"><\/span>\n\t\t\t\t\t\t\t\t\t\t\t<\/a>\n\t\t\t\t\n\t\t\t\t\n\t\t\t\t\n\t\t\t\t\n\t\t\t\t\n\t\t\t\t\n\t\t\t\t\n\t\t\t\t\n\t\t\t<\/div>\n\n\t\t\t\t\t\t\t\t\t\t<\/div>\n\t\t\t\t\t\t\t\t<div class=\"tooltip-arrow\"><\/div>\n\t\t\t\t\t\t\t<\/div>\n\t\t\t\t\t\t<\/div>\n\t\t\t\t\t\n\t\t\t\t\t\t\t\t\t<\/div>\n\t\t\t\n\t\t\t\t\t\t\t\t\t\t\t\t<div class=\"wd-post-excerpt entry-content\">\n\t\t\t\t\t\tEinrichtungs-Stile f\u00fcr das Wohnzimmer \u2013 Wohnzimmer-Deko und mehr\r\nEinrichtungs-Stile kommen, gehen und Ver\u00e4ndern sich mit der...\t\t\t\t\t<\/div>\n\t\t\t\t\n\t\t\t\t\t\t\t\t\t\t\t\t\t\t<div class=\"wd-post-read-more wd-style-link read-more-section\">\n\t\t\t\t\t\t<a class=\"\" href=\"https:\/\/wilkens-wohnstudio.de\/blog\/deko-stile\/einrichtungs-stile\/\">weiter lesen<\/a>\t\t\t\t\t<\/div>\n\t\t\t\t\t\t\t\t\t\t\t\t\t<\/div>\n\t<\/div>\n<\/article>\n\n\t\t\t\t\t\t\t\t\t\t\t\n<article id=\"post-31916\" class=\"wd-post blog-design-masonry blog-post-loop blog-style-bg wd-add-shadow wd-col post-31916 post type-post status-publish format-standard has-post-thumbnail hentry category-deko-stile category-dekoideen category-kueche category-schlafzimmer category-wohnideen category-wohnzimmer tag-aesthetics tag-barock-deko tag-dark-academia tag-vintage tag-vintage-deko\">\n\t<div class=\"wd-post-inner article-inner\">\n\t\t\t\t\t<div class=\"wd-post-thumb entry-header\">\n\t\t\t\t\t\t\t\t\t<div class=\"wd-post-img post-img-wrapp\">\n\t\t\t\t\t\t<img width=\"1024\" height=\"768\" src=\"https:\/\/wilkens-wohnstudio.de\/wp-content\/uploads\/2022\/04\/Dark-Academia-1024x768.jpg\" class=\"attachment-large size-large\" alt=\"Dark Academia\" decoding=\"async\" srcset=\"https:\/\/wilkens-wohnstudio.de\/wp-content\/uploads\/2022\/04\/Dark-Academia-1024x768.jpg 1024w, https:\/\/wilkens-wohnstudio.de\/wp-content\/uploads\/2022\/04\/Dark-Academia-175x131.jpg 175w, https:\/\/wilkens-wohnstudio.de\/wp-content\/uploads\/2022\/04\/Dark-Academia-1000x750.jpg 1000w, https:\/\/wilkens-wohnstudio.de\/wp-content\/uploads\/2022\/04\/Dark-Academia-350x263.jpg 350w, https:\/\/wilkens-wohnstudio.de\/wp-content\/uploads\/2022\/04\/Dark-Academia-768x576.jpg 768w, https:\/\/wilkens-wohnstudio.de\/wp-content\/uploads\/2022\/04\/Dark-Academia-1536x1152.jpg 1536w, https:\/\/wilkens-wohnstudio.de\/wp-content\/uploads\/2022\/04\/Dark-Academia.jpg 1440w\" sizes=\"(max-width: 1024px) 100vw, 1024px\" \/>\t\t\t\t\t<\/div>\n\t\t\t\t\t\t\t\t\t\t<a class=\"wd-fill\" tabindex=\"-1\" href=\"https:\/\/wilkens-wohnstudio.de\/blog\/deko-stile\/dark-academia\/\" aria-label=\"Link zum Beitrag Dark Academia Deko &#8211; So kreieren Sie den Look Zuhause\"><\/a>\n\t\t\t\t\n\t\t\t\t\t\t\t\t\t\t\t\t<div class=\"wd-post-date wd-style-with-bg\">\n\t\t\t\t<span class=\"post-date-day\">\n\t\t\t\t\t08\t\t\t\t<\/span>\n\t\t\t\t<span class=\"post-date-month\">\n\t\t\t\t\tApr.\t\t\t\t<\/span>\n\t\t\t<\/div>\n\t\t\t\t\t\t\t\t\t<\/div>\n\t\t\n\t\t<div class=\"wd-post-content article-body-container\">\n\t\t\t\t\t\t\t<div class=\"wd-post-cat wd-style-with-bg meta-post-categories\">\n\t\t\t\t\t<a href=\"https:\/\/wilkens-wohnstudio.de\/blog\/category\/deko-stile\/\" rel=\"category tag\">Deko-Stile<\/a>, <a href=\"https:\/\/wilkens-wohnstudio.de\/blog\/category\/dekoideen\/\" rel=\"category tag\">Dekoideen<\/a>, <a href=\"https:\/\/wilkens-wohnstudio.de\/blog\/category\/wohnideen\/kueche\/\" rel=\"category tag\">K\u00fcche<\/a>, <a href=\"https:\/\/wilkens-wohnstudio.de\/blog\/category\/wohnideen\/schlafzimmer\/\" rel=\"category tag\">Schlafzimmer<\/a>, <a href=\"https:\/\/wilkens-wohnstudio.de\/blog\/category\/wohnideen\/\" rel=\"category tag\">Wohnideen<\/a>, <a href=\"https:\/\/wilkens-wohnstudio.de\/blog\/category\/wohnideen\/wohnzimmer\/\" rel=\"category tag\">Wohnzimmer<\/a>\t\t\t\t<\/div>\n\t\t\t\n\t\t\t\t\t\t\t<h3 class=\"wd-post-title wd-entities-title title post-title\">\n\t\t\t\t\t<a href=\"https:\/\/wilkens-wohnstudio.de\/blog\/deko-stile\/dark-academia\/\" rel=\"bookmark\">Dark Academia Deko &#8211; So kreieren Sie den Look Zuhause<\/a>\n\t\t\t\t<\/h3>\n\t\t\t\n\t\t\t\t\t\t\t<div class=\"wd-post-meta\">\n\t\t\t\t\t\t\t\t\t\t\t\t\t\t\t<div class=\"wd-post-author\">\n\t\t\t\t\t\t\t\t\t\t\t<span>Geschrieben von<\/span>\n\t\t\n\t\t\t\t\t\t\t\n\t\t\t\t\t<a href=\"https:\/\/wilkens-wohnstudio.de\/blog\/author\/n-tangermann\/\" class=\"author\" rel=\"author\">Wilkens Wohnstudio<\/a>\n\t\t\t\t\t\t\t\t\t<\/div>\n\t\t\t\t\t<div class=\"wd-modified-date\">\n\t\t\t\t\t\t\t\t<time class=\"updated\" datetime=\"2023-05-26T11:56:57+02:00\">\n\t\t\t26.05.2023\t\t<\/time>\n\t\t\t\t\t\t\t<\/div>\n\n\t\t\t\t\t\t\t\t\t\t\t<div tabindex=\"0\" class=\"wd-post-share wd-tltp\">\n\t\t\t\t\t\t\t<div class=\"tooltip top\">\n\t\t\t\t\t\t\t\t<div class=\"tooltip-inner\">\n\t\t\t\t\t\t\t\t\t\t\t\t<div\n\t\t\t\t\t\tclass=\" wd-social-icons  wd-style-default wd-size-small social-share wd-shape-circle color-scheme-light text-center\">\n\t\t\t\t\n\t\t\t\t\n\t\t\t\t\t\t\t\t\t<a rel=\"noopener noreferrer nofollow\" href=\"https:\/\/www.facebook.com\/sharer\/sharer.php?u=https:\/\/wilkens-wohnstudio.de\/blog\/category\/wohnideen\/wohnzimmer\/\" target=\"_blank\" class=\" wd-social-icon social-facebook\" aria-label=\"Facebook-Social-Link\">\n\t\t\t\t\t\t<span class=\"wd-icon\"><\/span>\n\t\t\t\t\t\t\t\t\t\t\t<\/a>\n\t\t\t\t\n\t\t\t\t\n\t\t\t\t\n\t\t\t\t\n\t\t\t\t\n\t\t\t\t\n\t\t\t\t\n\t\t\t\t\t\t\t\t\t<a rel=\"noopener noreferrer nofollow\" href=\"https:\/\/pinterest.com\/pin\/create\/button\/?url=https:\/\/wilkens-wohnstudio.de\/blog\/category\/wohnideen\/wohnzimmer\/&media=https:\/\/wilkens-wohnstudio.de\/wp-content\/uploads\/2022\/04\/Dark-Academia.jpg&description=Dark+Academia+Deko+%26%238211%3B+So+kreieren+Sie+den+Look+Zuhause\" target=\"_blank\" class=\" wd-social-icon social-pinterest\" aria-label=\"Pinterest-Social-Link\">\n\t\t\t\t\t\t<span class=\"wd-icon\"><\/span>\n\t\t\t\t\t\t\t\t\t\t\t<\/a>\n\t\t\t\t\n\t\t\t\t\n\t\t\t\t\n\t\t\t\t\n\t\t\t\t\n\t\t\t\t\n\t\t\t\t\n\t\t\t\t\n\t\t\t\t\n\t\t\t\t\n\t\t\t\t\n\t\t\t\t\t\t\t\t\t<a rel=\"noopener noreferrer nofollow\" href=\"https:\/\/api.whatsapp.com\/send?text=https%3A%2F%2Fwilkens-wohnstudio.de%2Fblog%2Fcategory%2Fwohnideen%2Fwohnzimmer%2F\" target=\"_blank\" class=\"wd-hide-md  wd-social-icon social-whatsapp\" aria-label=\"WhatsApp-Social-Link\">\n\t\t\t\t\t\t<span class=\"wd-icon\"><\/span>\n\t\t\t\t\t\t\t\t\t\t\t<\/a>\n\n\t\t\t\t\t<a rel=\"noopener noreferrer nofollow\" href=\"whatsapp:\/\/send?text=https%3A%2F%2Fwilkens-wohnstudio.de%2Fblog%2Fcategory%2Fwohnideen%2Fwohnzimmer%2F\" target=\"_blank\" class=\"wd-hide-lg  wd-social-icon social-whatsapp\" aria-label=\"WhatsApp-Social-Link\">\n\t\t\t\t\t\t<span class=\"wd-icon\"><\/span>\n\t\t\t\t\t\t\t\t\t\t\t<\/a>\n\t\t\t\t\n\t\t\t\t\n\t\t\t\t\n\t\t\t\t\n\t\t\t\t\n\t\t\t\t\n\t\t\t\t\n\t\t\t\t\n\t\t\t<\/div>\n\n\t\t\t\t\t\t\t\t\t\t<\/div>\n\t\t\t\t\t\t\t\t<div class=\"tooltip-arrow\"><\/div>\n\t\t\t\t\t\t\t<\/div>\n\t\t\t\t\t\t<\/div>\n\t\t\t\t\t\n\t\t\t\t\t\t\t\t\t<\/div>\n\t\t\t\n\t\t\t\t\t\t\t\t\t\t\t\t<div class=\"wd-post-excerpt entry-content\">\n\t\t\t\t\t\tWas ist Dark Academia?\r\nDark Academia z\u00e4hlt zu den sogenannten \u201eAesthetics\u201c, die wie auch Cottagecore in sozialen Medien wie ...\t\t\t\t\t<\/div>\n\t\t\t\t\n\t\t\t\t\t\t\t\t\t\t\t\t\t\t<div class=\"wd-post-read-more wd-style-link read-more-section\">\n\t\t\t\t\t\t<a class=\"\" href=\"https:\/\/wilkens-wohnstudio.de\/blog\/deko-stile\/dark-academia\/\">weiter lesen<\/a>\t\t\t\t\t<\/div>\n\t\t\t\t\t\t\t\t\t\t\t\t\t<\/div>\n\t<\/div>\n<\/article>\n\n\t\t\t\t\t\t\t\t\t\t\t\n<article id=\"post-31667\" class=\"wd-post blog-design-masonry blog-post-loop blog-style-bg wd-add-shadow wd-col post-31667 post type-post status-publish format-standard has-post-thumbnail hentry category-dekoideen category-kueche category-schlafzimmer category-wohnideen category-wohnzimmer tag-beleuchtung tag-gemuetlichkeit\">\n\t<div class=\"wd-post-inner article-inner\">\n\t\t\t\t\t<div class=\"wd-post-thumb entry-header\">\n\t\t\t\t\t\t\t\t\t<div class=\"wd-post-img post-img-wrapp\">\n\t\t\t\t\t\t<img width=\"1024\" height=\"768\" src=\"https:\/\/wilkens-wohnstudio.de\/wp-content\/uploads\/2022\/04\/Beleuchtung-1024x768.jpg\" class=\"attachment-large size-large\" alt=\"Beleuchtung\" decoding=\"async\" srcset=\"https:\/\/wilkens-wohnstudio.de\/wp-content\/uploads\/2022\/04\/Beleuchtung-1024x768.jpg 1024w, https:\/\/wilkens-wohnstudio.de\/wp-content\/uploads\/2022\/04\/Beleuchtung-175x131.jpg 175w, https:\/\/wilkens-wohnstudio.de\/wp-content\/uploads\/2022\/04\/Beleuchtung-1000x750.jpg 1000w, https:\/\/wilkens-wohnstudio.de\/wp-content\/uploads\/2022\/04\/Beleuchtung-350x263.jpg 350w, https:\/\/wilkens-wohnstudio.de\/wp-content\/uploads\/2022\/04\/Beleuchtung-768x576.jpg 768w, https:\/\/wilkens-wohnstudio.de\/wp-content\/uploads\/2022\/04\/Beleuchtung-1536x1152.jpg 1536w, https:\/\/wilkens-wohnstudio.de\/wp-content\/uploads\/2022\/04\/Beleuchtung.jpg 1440w\" sizes=\"(max-width: 1024px) 100vw, 1024px\" \/>\t\t\t\t\t<\/div>\n\t\t\t\t\t\t\t\t\t\t<a class=\"wd-fill\" tabindex=\"-1\" href=\"https:\/\/wilkens-wohnstudio.de\/blog\/dekoideen\/lichtstimmung-beleuchtung\/\" aria-label=\"Link zum Beitrag 6 tolle Tipps um mit Beleuchtung Stimmung zu erzeugen\"><\/a>\n\t\t\t\t\n\t\t\t\t\t\t\t\t\t\t\t\t<div class=\"wd-post-date wd-style-with-bg\">\n\t\t\t\t<span class=\"post-date-day\">\n\t\t\t\t\t06\t\t\t\t<\/span>\n\t\t\t\t<span class=\"post-date-month\">\n\t\t\t\t\tApr.\t\t\t\t<\/span>\n\t\t\t<\/div>\n\t\t\t\t\t\t\t\t\t<\/div>\n\t\t\n\t\t<div class=\"wd-post-content article-body-container\">\n\t\t\t\t\t\t\t<div class=\"wd-post-cat wd-style-with-bg meta-post-categories\">\n\t\t\t\t\t<a href=\"https:\/\/wilkens-wohnstudio.de\/blog\/category\/dekoideen\/\" rel=\"category tag\">Dekoideen<\/a>, <a href=\"https:\/\/wilkens-wohnstudio.de\/blog\/category\/wohnideen\/kueche\/\" rel=\"category tag\">K\u00fcche<\/a>, <a href=\"https:\/\/wilkens-wohnstudio.de\/blog\/category\/wohnideen\/schlafzimmer\/\" rel=\"category tag\">Schlafzimmer<\/a>, <a href=\"https:\/\/wilkens-wohnstudio.de\/blog\/category\/wohnideen\/\" rel=\"category tag\">Wohnideen<\/a>, <a href=\"https:\/\/wilkens-wohnstudio.de\/blog\/category\/wohnideen\/wohnzimmer\/\" rel=\"category tag\">Wohnzimmer<\/a>\t\t\t\t<\/div>\n\t\t\t\n\t\t\t\t\t\t\t<h3 class=\"wd-post-title wd-entities-title title post-title\">\n\t\t\t\t\t<a href=\"https:\/\/wilkens-wohnstudio.de\/blog\/dekoideen\/lichtstimmung-beleuchtung\/\" rel=\"bookmark\">6 tolle Tipps um mit Beleuchtung Stimmung zu erzeugen<\/a>\n\t\t\t\t<\/h3>\n\t\t\t\n\t\t\t\t\t\t\t<div class=\"wd-post-meta\">\n\t\t\t\t\t\t\t\t\t\t\t\t\t\t\t<div class=\"wd-post-author\">\n\t\t\t\t\t\t\t\t\t\t\t<span>Geschrieben von<\/span>\n\t\t\n\t\t\t\t\t\t\t\n\t\t\t\t\t<a href=\"https:\/\/wilkens-wohnstudio.de\/blog\/author\/n-tangermann\/\" class=\"author\" rel=\"author\">Wilkens Wohnstudio<\/a>\n\t\t\t\t\t\t\t\t\t<\/div>\n\t\t\t\t\t<div class=\"wd-modified-date\">\n\t\t\t\t\t\t\t\t<time class=\"updated\" datetime=\"2023-01-05T17:03:23+01:00\">\n\t\t\t05.01.2023\t\t<\/time>\n\t\t\t\t\t\t\t<\/div>\n\n\t\t\t\t\t\t\t\t\t\t\t<div tabindex=\"0\" class=\"wd-post-share wd-tltp\">\n\t\t\t\t\t\t\t<div class=\"tooltip top\">\n\t\t\t\t\t\t\t\t<div class=\"tooltip-inner\">\n\t\t\t\t\t\t\t\t\t\t\t\t<div\n\t\t\t\t\t\tclass=\" wd-social-icons  wd-style-default wd-size-small social-share wd-shape-circle color-scheme-light text-center\">\n\t\t\t\t\n\t\t\t\t\n\t\t\t\t\t\t\t\t\t<a rel=\"noopener noreferrer nofollow\" href=\"https:\/\/www.facebook.com\/sharer\/sharer.php?u=https:\/\/wilkens-wohnstudio.de\/blog\/category\/wohnideen\/wohnzimmer\/\" target=\"_blank\" class=\" wd-social-icon social-facebook\" aria-label=\"Facebook-Social-Link\">\n\t\t\t\t\t\t<span class=\"wd-icon\"><\/span>\n\t\t\t\t\t\t\t\t\t\t\t<\/a>\n\t\t\t\t\n\t\t\t\t\n\t\t\t\t\n\t\t\t\t\n\t\t\t\t\n\t\t\t\t\n\t\t\t\t\n\t\t\t\t\t\t\t\t\t<a rel=\"noopener noreferrer nofollow\" href=\"https:\/\/pinterest.com\/pin\/create\/button\/?url=https:\/\/wilkens-wohnstudio.de\/blog\/category\/wohnideen\/wohnzimmer\/&media=https:\/\/wilkens-wohnstudio.de\/wp-content\/uploads\/2022\/04\/Beleuchtung.jpg&description=6+tolle+Tipps+um+mit+Beleuchtung+Stimmung+zu+erzeugen\" target=\"_blank\" class=\" wd-social-icon social-pinterest\" aria-label=\"Pinterest-Social-Link\">\n\t\t\t\t\t\t<span class=\"wd-icon\"><\/span>\n\t\t\t\t\t\t\t\t\t\t\t<\/a>\n\t\t\t\t\n\t\t\t\t\n\t\t\t\t\n\t\t\t\t\n\t\t\t\t\n\t\t\t\t\n\t\t\t\t\n\t\t\t\t\n\t\t\t\t\n\t\t\t\t\n\t\t\t\t\n\t\t\t\t\t\t\t\t\t<a rel=\"noopener noreferrer nofollow\" href=\"https:\/\/api.whatsapp.com\/send?text=https%3A%2F%2Fwilkens-wohnstudio.de%2Fblog%2Fcategory%2Fwohnideen%2Fwohnzimmer%2F\" target=\"_blank\" class=\"wd-hide-md  wd-social-icon social-whatsapp\" aria-label=\"WhatsApp-Social-Link\">\n\t\t\t\t\t\t<span class=\"wd-icon\"><\/span>\n\t\t\t\t\t\t\t\t\t\t\t<\/a>\n\n\t\t\t\t\t<a rel=\"noopener noreferrer nofollow\" href=\"whatsapp:\/\/send?text=https%3A%2F%2Fwilkens-wohnstudio.de%2Fblog%2Fcategory%2Fwohnideen%2Fwohnzimmer%2F\" target=\"_blank\" class=\"wd-hide-lg  wd-social-icon social-whatsapp\" aria-label=\"WhatsApp-Social-Link\">\n\t\t\t\t\t\t<span class=\"wd-icon\"><\/span>\n\t\t\t\t\t\t\t\t\t\t\t<\/a>\n\t\t\t\t\n\t\t\t\t\n\t\t\t\t\n\t\t\t\t\n\t\t\t\t\n\t\t\t\t\n\t\t\t\t\n\t\t\t\t\n\t\t\t<\/div>\n\n\t\t\t\t\t\t\t\t\t\t<\/div>\n\t\t\t\t\t\t\t\t<div class=\"tooltip-arrow\"><\/div>\n\t\t\t\t\t\t\t<\/div>\n\t\t\t\t\t\t<\/div>\n\t\t\t\t\t\n\t\t\t\t\t\t\t\t\t<\/div>\n\t\t\t\n\t\t\t\t\t\t\t\t\t\t\t\t<div class=\"wd-post-excerpt entry-content\">\n\t\t\t\t\t\tIm richtigen Licht\r\nDie Wahl der richtigen Beleuchtung spielt eine gro\u00dfe Rolle f\u00fcr die Wirkung eines Zimmers. Je nach gew\u00fcnsc...\t\t\t\t\t<\/div>\n\t\t\t\t\n\t\t\t\t\t\t\t\t\t\t\t\t\t\t<div class=\"wd-post-read-more wd-style-link read-more-section\">\n\t\t\t\t\t\t<a class=\"\" href=\"https:\/\/wilkens-wohnstudio.de\/blog\/dekoideen\/lichtstimmung-beleuchtung\/\">weiter lesen<\/a>\t\t\t\t\t<\/div>\n\t\t\t\t\t\t\t\t\t\t\t\t\t<\/div>\n\t<\/div>\n<\/article>\n\n\t\t\t\t\t\t\t\t\t\t\t\n<article id=\"post-31185\" class=\"wd-post blog-design-masonry blog-post-loop blog-style-bg wd-add-shadow wd-col post-31185 post type-post status-publish format-standard has-post-thumbnail hentry category-skandinavisch category-schlafzimmer category-wohnideen category-wohnzimmer tag-gemuetlichkeit tag-hygge tag-skandinavien\">\n\t<div class=\"wd-post-inner article-inner\">\n\t\t\t\t\t<div class=\"wd-post-thumb entry-header\">\n\t\t\t\t\t\t\t\t\t<div class=\"wd-post-img post-img-wrapp\">\n\t\t\t\t\t\t<img width=\"1024\" height=\"768\" src=\"https:\/\/wilkens-wohnstudio.de\/wp-content\/uploads\/2022\/03\/Hygge-1024x768.jpg\" class=\"attachment-large size-large\" alt=\"Hygge\" decoding=\"async\" srcset=\"https:\/\/wilkens-wohnstudio.de\/wp-content\/uploads\/2022\/03\/Hygge-1024x768.jpg 1024w, https:\/\/wilkens-wohnstudio.de\/wp-content\/uploads\/2022\/03\/Hygge-175x131.jpg 175w, https:\/\/wilkens-wohnstudio.de\/wp-content\/uploads\/2022\/03\/Hygge-1000x750.jpg 1000w, https:\/\/wilkens-wohnstudio.de\/wp-content\/uploads\/2022\/03\/Hygge-350x263.jpg 350w, https:\/\/wilkens-wohnstudio.de\/wp-content\/uploads\/2022\/03\/Hygge-768x576.jpg 768w, https:\/\/wilkens-wohnstudio.de\/wp-content\/uploads\/2022\/03\/Hygge-1536x1152.jpg 1536w, https:\/\/wilkens-wohnstudio.de\/wp-content\/uploads\/2022\/03\/Hygge.jpg 1440w\" sizes=\"(max-width: 1024px) 100vw, 1024px\" \/>\t\t\t\t\t<\/div>\n\t\t\t\t\t\t\t\t\t\t<a class=\"wd-fill\" tabindex=\"-1\" href=\"https:\/\/wilkens-wohnstudio.de\/blog\/deko-stile\/skandinavisch\/hygge\/\" aria-label=\"Link zum Beitrag 8 tolle Tipps f\u00fcr mehr Hygge im Alltag\"><\/a>\n\t\t\t\t\n\t\t\t\t\t\t\t\t\t\t\t\t<div class=\"wd-post-date wd-style-with-bg\">\n\t\t\t\t<span class=\"post-date-day\">\n\t\t\t\t\t29\t\t\t\t<\/span>\n\t\t\t\t<span class=\"post-date-month\">\n\t\t\t\t\tM\u00e4rz\t\t\t\t<\/span>\n\t\t\t<\/div>\n\t\t\t\t\t\t\t\t\t<\/div>\n\t\t\n\t\t<div class=\"wd-post-content article-body-container\">\n\t\t\t\t\t\t\t<div class=\"wd-post-cat wd-style-with-bg meta-post-categories\">\n\t\t\t\t\t<a href=\"https:\/\/wilkens-wohnstudio.de\/blog\/category\/deko-stile\/skandinavisch\/\" rel=\"category tag\">Skandinavisch<\/a>, <a href=\"https:\/\/wilkens-wohnstudio.de\/blog\/category\/wohnideen\/schlafzimmer\/\" rel=\"category tag\">Schlafzimmer<\/a>, <a href=\"https:\/\/wilkens-wohnstudio.de\/blog\/category\/wohnideen\/\" rel=\"category tag\">Wohnideen<\/a>, <a href=\"https:\/\/wilkens-wohnstudio.de\/blog\/category\/wohnideen\/wohnzimmer\/\" rel=\"category tag\">Wohnzimmer<\/a>\t\t\t\t<\/div>\n\t\t\t\n\t\t\t\t\t\t\t<h3 class=\"wd-post-title wd-entities-title title post-title\">\n\t\t\t\t\t<a href=\"https:\/\/wilkens-wohnstudio.de\/blog\/deko-stile\/skandinavisch\/hygge\/\" rel=\"bookmark\">8 tolle Tipps f\u00fcr mehr Hygge im Alltag<\/a>\n\t\t\t\t<\/h3>\n\t\t\t\n\t\t\t\t\t\t\t<div class=\"wd-post-meta\">\n\t\t\t\t\t\t\t\t\t\t\t\t\t\t\t<div class=\"wd-post-author\">\n\t\t\t\t\t\t\t\t\t\t\t<span>Geschrieben von<\/span>\n\t\t\n\t\t\t\t\t\t\t\n\t\t\t\t\t<a href=\"https:\/\/wilkens-wohnstudio.de\/blog\/author\/n-tangermann\/\" class=\"author\" rel=\"author\">Wilkens Wohnstudio<\/a>\n\t\t\t\t\t\t\t\t\t<\/div>\n\t\t\t\t\t<div class=\"wd-modified-date\">\n\t\t\t\t\t\t\t\t<time class=\"updated\" datetime=\"2023-01-05T17:03:27+01:00\">\n\t\t\t05.01.2023\t\t<\/time>\n\t\t\t\t\t\t\t<\/div>\n\n\t\t\t\t\t\t\t\t\t\t\t<div tabindex=\"0\" class=\"wd-post-share wd-tltp\">\n\t\t\t\t\t\t\t<div class=\"tooltip top\">\n\t\t\t\t\t\t\t\t<div class=\"tooltip-inner\">\n\t\t\t\t\t\t\t\t\t\t\t\t<div\n\t\t\t\t\t\tclass=\" wd-social-icons  wd-style-default wd-size-small social-share wd-shape-circle color-scheme-light text-center\">\n\t\t\t\t\n\t\t\t\t\n\t\t\t\t\t\t\t\t\t<a rel=\"noopener noreferrer nofollow\" href=\"https:\/\/www.facebook.com\/sharer\/sharer.php?u=https:\/\/wilkens-wohnstudio.de\/blog\/category\/wohnideen\/wohnzimmer\/\" target=\"_blank\" class=\" wd-social-icon social-facebook\" aria-label=\"Facebook-Social-Link\">\n\t\t\t\t\t\t<span class=\"wd-icon\"><\/span>\n\t\t\t\t\t\t\t\t\t\t\t<\/a>\n\t\t\t\t\n\t\t\t\t\n\t\t\t\t\n\t\t\t\t\n\t\t\t\t\n\t\t\t\t\n\t\t\t\t\n\t\t\t\t\t\t\t\t\t<a rel=\"noopener noreferrer nofollow\" href=\"https:\/\/pinterest.com\/pin\/create\/button\/?url=https:\/\/wilkens-wohnstudio.de\/blog\/category\/wohnideen\/wohnzimmer\/&media=https:\/\/wilkens-wohnstudio.de\/wp-content\/uploads\/2022\/03\/Hygge.jpg&description=8+tolle+Tipps+f%C3%BCr+mehr+Hygge+im+Alltag\" target=\"_blank\" class=\" wd-social-icon social-pinterest\" aria-label=\"Pinterest-Social-Link\">\n\t\t\t\t\t\t<span class=\"wd-icon\"><\/span>\n\t\t\t\t\t\t\t\t\t\t\t<\/a>\n\t\t\t\t\n\t\t\t\t\n\t\t\t\t\n\t\t\t\t\n\t\t\t\t\n\t\t\t\t\n\t\t\t\t\n\t\t\t\t\n\t\t\t\t\n\t\t\t\t\n\t\t\t\t\n\t\t\t\t\t\t\t\t\t<a rel=\"noopener noreferrer nofollow\" href=\"https:\/\/api.whatsapp.com\/send?text=https%3A%2F%2Fwilkens-wohnstudio.de%2Fblog%2Fcategory%2Fwohnideen%2Fwohnzimmer%2F\" target=\"_blank\" class=\"wd-hide-md  wd-social-icon social-whatsapp\" aria-label=\"WhatsApp-Social-Link\">\n\t\t\t\t\t\t<span class=\"wd-icon\"><\/span>\n\t\t\t\t\t\t\t\t\t\t\t<\/a>\n\n\t\t\t\t\t<a rel=\"noopener noreferrer nofollow\" href=\"whatsapp:\/\/send?text=https%3A%2F%2Fwilkens-wohnstudio.de%2Fblog%2Fcategory%2Fwohnideen%2Fwohnzimmer%2F\" target=\"_blank\" class=\"wd-hide-lg  wd-social-icon social-whatsapp\" aria-label=\"WhatsApp-Social-Link\">\n\t\t\t\t\t\t<span class=\"wd-icon\"><\/span>\n\t\t\t\t\t\t\t\t\t\t\t<\/a>\n\t\t\t\t\n\t\t\t\t\n\t\t\t\t\n\t\t\t\t\n\t\t\t\t\n\t\t\t\t\n\t\t\t\t\n\t\t\t\t\n\t\t\t<\/div>\n\n\t\t\t\t\t\t\t\t\t\t<\/div>\n\t\t\t\t\t\t\t\t<div class=\"tooltip-arrow\"><\/div>\n\t\t\t\t\t\t\t<\/div>\n\t\t\t\t\t\t<\/div>\n\t\t\t\t\t\n\t\t\t\t\t\t\t\t\t<\/div>\n\t\t\t\n\t\t\t\t\t\t\t\t\t\t\t\t<div class=\"wd-post-excerpt entry-content\">\n\t\t\t\t\t\tZuhause im Gl\u00fcck\r\nWas ist eigentlich Hygge? Hygge ist weniger ein Einrichtungsstil, als vielmehr ein Teil der d\u00e4nischen Kultu...\t\t\t\t\t<\/div>\n\t\t\t\t\n\t\t\t\t\t\t\t\t\t\t\t\t\t\t<div class=\"wd-post-read-more wd-style-link read-more-section\">\n\t\t\t\t\t\t<a class=\"\" href=\"https:\/\/wilkens-wohnstudio.de\/blog\/deko-stile\/skandinavisch\/hygge\/\">weiter lesen<\/a>\t\t\t\t\t<\/div>\n\t\t\t\t\t\t\t\t\t\t\t\t\t<\/div>\n\t<\/div>\n<\/article>\n\n\t\t\t\t\t\t\t\t\t\t\t\n<article id=\"post-30386\" class=\"wd-post blog-design-masonry blog-post-loop blog-style-bg wd-add-shadow wd-col post-30386 post type-post status-publish format-standard has-post-thumbnail hentry category-deko-stile category-dekoideen category-schlafzimmer category-skandinavisch category-wohnideen category-wohnzimmer tag-hygge tag-japandi tag-wabi-sabi\">\n\t<div class=\"wd-post-inner article-inner\">\n\t\t\t\t\t<div class=\"wd-post-thumb entry-header\">\n\t\t\t\t\t\t\t\t\t<div class=\"wd-post-img post-img-wrapp\">\n\t\t\t\t\t\t<img width=\"1024\" height=\"768\" src=\"https:\/\/wilkens-wohnstudio.de\/wp-content\/uploads\/2022\/03\/Japandi-Stil-1024x768.jpg\" class=\"attachment-large size-large\" alt=\"Japandi-Stil\" decoding=\"async\" srcset=\"https:\/\/wilkens-wohnstudio.de\/wp-content\/uploads\/2022\/03\/Japandi-Stil-1024x768.jpg 1024w, https:\/\/wilkens-wohnstudio.de\/wp-content\/uploads\/2022\/03\/Japandi-Stil-175x131.jpg 175w, https:\/\/wilkens-wohnstudio.de\/wp-content\/uploads\/2022\/03\/Japandi-Stil-1000x750.jpg 1000w, https:\/\/wilkens-wohnstudio.de\/wp-content\/uploads\/2022\/03\/Japandi-Stil-350x263.jpg 350w, https:\/\/wilkens-wohnstudio.de\/wp-content\/uploads\/2022\/03\/Japandi-Stil-768x576.jpg 768w, https:\/\/wilkens-wohnstudio.de\/wp-content\/uploads\/2022\/03\/Japandi-Stil-1536x1152.jpg 1536w, https:\/\/wilkens-wohnstudio.de\/wp-content\/uploads\/2022\/03\/Japandi-Stil.jpg 1440w\" sizes=\"(max-width: 1024px) 100vw, 1024px\" \/>\t\t\t\t\t<\/div>\n\t\t\t\t\t\t\t\t\t\t<a class=\"wd-fill\" tabindex=\"-1\" href=\"https:\/\/wilkens-wohnstudio.de\/blog\/deko-stile\/einrichten-im-japandi-stil\/\" aria-label=\"Link zum Beitrag Einrichten im Japandi-Stil\"><\/a>\n\t\t\t\t\n\t\t\t\t\t\t\t\t\t\t\t\t<div class=\"wd-post-date wd-style-with-bg\">\n\t\t\t\t<span class=\"post-date-day\">\n\t\t\t\t\t16\t\t\t\t<\/span>\n\t\t\t\t<span class=\"post-date-month\">\n\t\t\t\t\tM\u00e4rz\t\t\t\t<\/span>\n\t\t\t<\/div>\n\t\t\t\t\t\t\t\t\t<\/div>\n\t\t\n\t\t<div class=\"wd-post-content article-body-container\">\n\t\t\t\t\t\t\t<div class=\"wd-post-cat wd-style-with-bg meta-post-categories\">\n\t\t\t\t\t<a href=\"https:\/\/wilkens-wohnstudio.de\/blog\/category\/deko-stile\/\" rel=\"category tag\">Deko-Stile<\/a>, <a href=\"https:\/\/wilkens-wohnstudio.de\/blog\/category\/dekoideen\/\" rel=\"category tag\">Dekoideen<\/a>, <a href=\"https:\/\/wilkens-wohnstudio.de\/blog\/category\/wohnideen\/schlafzimmer\/\" rel=\"category tag\">Schlafzimmer<\/a>, <a href=\"https:\/\/wilkens-wohnstudio.de\/blog\/category\/deko-stile\/skandinavisch\/\" rel=\"category tag\">Skandinavisch<\/a>, <a href=\"https:\/\/wilkens-wohnstudio.de\/blog\/category\/wohnideen\/\" rel=\"category tag\">Wohnideen<\/a>, <a href=\"https:\/\/wilkens-wohnstudio.de\/blog\/category\/wohnideen\/wohnzimmer\/\" rel=\"category tag\">Wohnzimmer<\/a>\t\t\t\t<\/div>\n\t\t\t\n\t\t\t\t\t\t\t<h3 class=\"wd-post-title wd-entities-title title post-title\">\n\t\t\t\t\t<a href=\"https:\/\/wilkens-wohnstudio.de\/blog\/deko-stile\/einrichten-im-japandi-stil\/\" rel=\"bookmark\">Einrichten im Japandi-Stil<\/a>\n\t\t\t\t<\/h3>\n\t\t\t\n\t\t\t\t\t\t\t<div class=\"wd-post-meta\">\n\t\t\t\t\t\t\t\t\t\t\t\t\t\t\t<div class=\"wd-post-author\">\n\t\t\t\t\t\t\t\t\t\t\t<span>Geschrieben von<\/span>\n\t\t\n\t\t\t\t\t\t\t\n\t\t\t\t\t<a href=\"https:\/\/wilkens-wohnstudio.de\/blog\/author\/n-tangermann\/\" class=\"author\" rel=\"author\">Wilkens Wohnstudio<\/a>\n\t\t\t\t\t\t\t\t\t<\/div>\n\t\t\t\t\t<div class=\"wd-modified-date\">\n\t\t\t\t\t\t\t\t<time class=\"updated\" datetime=\"2023-01-05T17:03:34+01:00\">\n\t\t\t05.01.2023\t\t<\/time>\n\t\t\t\t\t\t\t<\/div>\n\n\t\t\t\t\t\t\t\t\t\t\t<div tabindex=\"0\" class=\"wd-post-share wd-tltp\">\n\t\t\t\t\t\t\t<div class=\"tooltip top\">\n\t\t\t\t\t\t\t\t<div class=\"tooltip-inner\">\n\t\t\t\t\t\t\t\t\t\t\t\t<div\n\t\t\t\t\t\tclass=\" wd-social-icons  wd-style-default wd-size-small social-share wd-shape-circle color-scheme-light text-center\">\n\t\t\t\t\n\t\t\t\t\n\t\t\t\t\t\t\t\t\t<a rel=\"noopener noreferrer nofollow\" href=\"https:\/\/www.facebook.com\/sharer\/sharer.php?u=https:\/\/wilkens-wohnstudio.de\/blog\/category\/wohnideen\/wohnzimmer\/\" target=\"_blank\" class=\" wd-social-icon social-facebook\" aria-label=\"Facebook-Social-Link\">\n\t\t\t\t\t\t<span class=\"wd-icon\"><\/span>\n\t\t\t\t\t\t\t\t\t\t\t<\/a>\n\t\t\t\t\n\t\t\t\t\n\t\t\t\t\n\t\t\t\t\n\t\t\t\t\n\t\t\t\t\n\t\t\t\t\n\t\t\t\t\t\t\t\t\t<a rel=\"noopener noreferrer nofollow\" href=\"https:\/\/pinterest.com\/pin\/create\/button\/?url=https:\/\/wilkens-wohnstudio.de\/blog\/category\/wohnideen\/wohnzimmer\/&media=https:\/\/wilkens-wohnstudio.de\/wp-content\/uploads\/2022\/03\/Japandi-Stil.jpg&description=Einrichten+im+Japandi-Stil\" target=\"_blank\" class=\" wd-social-icon social-pinterest\" aria-label=\"Pinterest-Social-Link\">\n\t\t\t\t\t\t<span class=\"wd-icon\"><\/span>\n\t\t\t\t\t\t\t\t\t\t\t<\/a>\n\t\t\t\t\n\t\t\t\t\n\t\t\t\t\n\t\t\t\t\n\t\t\t\t\n\t\t\t\t\n\t\t\t\t\n\t\t\t\t\n\t\t\t\t\n\t\t\t\t\n\t\t\t\t\n\t\t\t\t\t\t\t\t\t<a rel=\"noopener noreferrer nofollow\" href=\"https:\/\/api.whatsapp.com\/send?text=https%3A%2F%2Fwilkens-wohnstudio.de%2Fblog%2Fcategory%2Fwohnideen%2Fwohnzimmer%2F\" target=\"_blank\" class=\"wd-hide-md  wd-social-icon social-whatsapp\" aria-label=\"WhatsApp-Social-Link\">\n\t\t\t\t\t\t<span class=\"wd-icon\"><\/span>\n\t\t\t\t\t\t\t\t\t\t\t<\/a>\n\n\t\t\t\t\t<a rel=\"noopener noreferrer nofollow\" href=\"whatsapp:\/\/send?text=https%3A%2F%2Fwilkens-wohnstudio.de%2Fblog%2Fcategory%2Fwohnideen%2Fwohnzimmer%2F\" target=\"_blank\" class=\"wd-hide-lg  wd-social-icon social-whatsapp\" aria-label=\"WhatsApp-Social-Link\">\n\t\t\t\t\t\t<span class=\"wd-icon\"><\/span>\n\t\t\t\t\t\t\t\t\t\t\t<\/a>\n\t\t\t\t\n\t\t\t\t\n\t\t\t\t\n\t\t\t\t\n\t\t\t\t\n\t\t\t\t\n\t\t\t\t\n\t\t\t\t\n\t\t\t<\/div>\n\n\t\t\t\t\t\t\t\t\t\t<\/div>\n\t\t\t\t\t\t\t\t<div class=\"tooltip-arrow\"><\/div>\n\t\t\t\t\t\t\t<\/div>\n\t\t\t\t\t\t<\/div>\n\t\t\t\t\t\n\t\t\t\t\t\t\t\t\t<\/div>\n\t\t\t\n\t\t\t\t\t\t\t\t\t\t\t\t<div class=\"wd-post-excerpt entry-content\">\n\t\t\t\t\t\tJapandi-Stil \u2013 Purismus f\u00fcr Auge und Seele\r\nManchmal liegt die Ruhe in der Reduktion. Der Japandi-Stil setzt sich aus den Wor...\t\t\t\t\t<\/div>\n\t\t\t\t\n\t\t\t\t\t\t\t\t\t\t\t\t\t\t<div class=\"wd-post-read-more wd-style-link read-more-section\">\n\t\t\t\t\t\t<a class=\"\" href=\"https:\/\/wilkens-wohnstudio.de\/blog\/deko-stile\/einrichten-im-japandi-stil\/\">weiter lesen<\/a>\t\t\t\t\t<\/div>\n\t\t\t\t\t\t\t\t\t\t\t\t\t<\/div>\n\t<\/div>\n<\/article>\n\n\t\t\t\t\t\t\t\t\t\t\t\n<article id=\"post-28830\" class=\"wd-post blog-design-masonry blog-post-loop blog-style-bg wd-add-shadow wd-col post-28830 post type-post status-publish format-standard has-post-thumbnail hentry category-saisonal category-fruehling category-kueche category-wohnideen category-wohnzimmer tag-esstisch tag-fruehling tag-tischdeko\">\n\t<div class=\"wd-post-inner article-inner\">\n\t\t\t\t\t<div class=\"wd-post-thumb entry-header\">\n\t\t\t\t\t\t\t\t\t<div class=\"wd-post-img post-img-wrapp\">\n\t\t\t\t\t\t<img width=\"1024\" height=\"768\" src=\"https:\/\/wilkens-wohnstudio.de\/wp-content\/uploads\/2022\/03\/Tischdeko_im_Fruehling-1024x768.jpg\" class=\"attachment-large size-large\" alt=\"Tischdeko im Fr\u00fchling\" decoding=\"async\" srcset=\"https:\/\/wilkens-wohnstudio.de\/wp-content\/uploads\/2022\/03\/Tischdeko_im_Fruehling-1024x768.jpg 1024w, https:\/\/wilkens-wohnstudio.de\/wp-content\/uploads\/2022\/03\/Tischdeko_im_Fruehling-175x131.jpg 175w, https:\/\/wilkens-wohnstudio.de\/wp-content\/uploads\/2022\/03\/Tischdeko_im_Fruehling-1000x750.jpg 1000w, https:\/\/wilkens-wohnstudio.de\/wp-content\/uploads\/2022\/03\/Tischdeko_im_Fruehling-350x263.jpg 350w, https:\/\/wilkens-wohnstudio.de\/wp-content\/uploads\/2022\/03\/Tischdeko_im_Fruehling-768x576.jpg 768w, https:\/\/wilkens-wohnstudio.de\/wp-content\/uploads\/2022\/03\/Tischdeko_im_Fruehling-1536x1152.jpg 1536w, https:\/\/wilkens-wohnstudio.de\/wp-content\/uploads\/2022\/03\/Tischdeko_im_Fruehling.jpg 1440w\" sizes=\"(max-width: 1024px) 100vw, 1024px\" \/>\t\t\t\t\t<\/div>\n\t\t\t\t\t\t\t\t\t\t<a class=\"wd-fill\" tabindex=\"-1\" href=\"https:\/\/wilkens-wohnstudio.de\/blog\/saisonal\/tischdeko-im-fruehling\/\" aria-label=\"Link zum Beitrag Tischdeko im Fr\u00fchling\"><\/a>\n\t\t\t\t\n\t\t\t\t\t\t\t\t\t\t\t\t<div class=\"wd-post-date wd-style-with-bg\">\n\t\t\t\t<span class=\"post-date-day\">\n\t\t\t\t\t04\t\t\t\t<\/span>\n\t\t\t\t<span class=\"post-date-month\">\n\t\t\t\t\tM\u00e4rz\t\t\t\t<\/span>\n\t\t\t<\/div>\n\t\t\t\t\t\t\t\t\t<\/div>\n\t\t\n\t\t<div class=\"wd-post-content article-body-container\">\n\t\t\t\t\t\t\t<div class=\"wd-post-cat wd-style-with-bg meta-post-categories\">\n\t\t\t\t\t<a href=\"https:\/\/wilkens-wohnstudio.de\/blog\/category\/saisonal\/\" rel=\"category tag\">Saisonal<\/a>, <a href=\"https:\/\/wilkens-wohnstudio.de\/blog\/category\/saisonal\/fruehling\/\" rel=\"category tag\">Fr\u00fchling<\/a>, <a href=\"https:\/\/wilkens-wohnstudio.de\/blog\/category\/wohnideen\/kueche\/\" rel=\"category tag\">K\u00fcche<\/a>, <a href=\"https:\/\/wilkens-wohnstudio.de\/blog\/category\/wohnideen\/\" rel=\"category tag\">Wohnideen<\/a>, <a href=\"https:\/\/wilkens-wohnstudio.de\/blog\/category\/wohnideen\/wohnzimmer\/\" rel=\"category tag\">Wohnzimmer<\/a>\t\t\t\t<\/div>\n\t\t\t\n\t\t\t\t\t\t\t<h3 class=\"wd-post-title wd-entities-title title post-title\">\n\t\t\t\t\t<a href=\"https:\/\/wilkens-wohnstudio.de\/blog\/saisonal\/tischdeko-im-fruehling\/\" rel=\"bookmark\">Tischdeko im Fr\u00fchling<\/a>\n\t\t\t\t<\/h3>\n\t\t\t\n\t\t\t\t\t\t\t<div class=\"wd-post-meta\">\n\t\t\t\t\t\t\t\t\t\t\t\t\t\t\t<div class=\"wd-post-author\">\n\t\t\t\t\t\t\t\t\t\t\t<span>Geschrieben von<\/span>\n\t\t\n\t\t\t\t\t\t\t\n\t\t\t\t\t<a href=\"https:\/\/wilkens-wohnstudio.de\/blog\/author\/n-tangermann\/\" class=\"author\" rel=\"author\">Wilkens Wohnstudio<\/a>\n\t\t\t\t\t\t\t\t\t<\/div>\n\t\t\t\t\t<div class=\"wd-modified-date\">\n\t\t\t\t\t\t\t\t<time class=\"updated\" datetime=\"2023-01-05T17:04:14+01:00\">\n\t\t\t05.01.2023\t\t<\/time>\n\t\t\t\t\t\t\t<\/div>\n\n\t\t\t\t\t\t\t\t\t\t\t<div tabindex=\"0\" class=\"wd-post-share wd-tltp\">\n\t\t\t\t\t\t\t<div class=\"tooltip top\">\n\t\t\t\t\t\t\t\t<div class=\"tooltip-inner\">\n\t\t\t\t\t\t\t\t\t\t\t\t<div\n\t\t\t\t\t\tclass=\" wd-social-icons  wd-style-default wd-size-small social-share wd-shape-circle color-scheme-light text-center\">\n\t\t\t\t\n\t\t\t\t\n\t\t\t\t\t\t\t\t\t<a rel=\"noopener noreferrer nofollow\" href=\"https:\/\/www.facebook.com\/sharer\/sharer.php?u=https:\/\/wilkens-wohnstudio.de\/blog\/category\/wohnideen\/wohnzimmer\/\" target=\"_blank\" class=\" wd-social-icon social-facebook\" aria-label=\"Facebook-Social-Link\">\n\t\t\t\t\t\t<span class=\"wd-icon\"><\/span>\n\t\t\t\t\t\t\t\t\t\t\t<\/a>\n\t\t\t\t\n\t\t\t\t\n\t\t\t\t\n\t\t\t\t\n\t\t\t\t\n\t\t\t\t\n\t\t\t\t\n\t\t\t\t\t\t\t\t\t<a rel=\"noopener noreferrer nofollow\" href=\"https:\/\/pinterest.com\/pin\/create\/button\/?url=https:\/\/wilkens-wohnstudio.de\/blog\/category\/wohnideen\/wohnzimmer\/&media=https:\/\/wilkens-wohnstudio.de\/wp-content\/uploads\/2022\/03\/Tischdeko_im_Fruehling.jpg&description=Tischdeko+im+Fr%C3%BChling\" target=\"_blank\" class=\" wd-social-icon social-pinterest\" aria-label=\"Pinterest-Social-Link\">\n\t\t\t\t\t\t<span class=\"wd-icon\"><\/span>\n\t\t\t\t\t\t\t\t\t\t\t<\/a>\n\t\t\t\t\n\t\t\t\t\n\t\t\t\t\n\t\t\t\t\n\t\t\t\t\n\t\t\t\t\n\t\t\t\t\n\t\t\t\t\n\t\t\t\t\n\t\t\t\t\n\t\t\t\t\n\t\t\t\t\t\t\t\t\t<a rel=\"noopener noreferrer nofollow\" href=\"https:\/\/api.whatsapp.com\/send?text=https%3A%2F%2Fwilkens-wohnstudio.de%2Fblog%2Fcategory%2Fwohnideen%2Fwohnzimmer%2F\" target=\"_blank\" class=\"wd-hide-md  wd-social-icon social-whatsapp\" aria-label=\"WhatsApp-Social-Link\">\n\t\t\t\t\t\t<span class=\"wd-icon\"><\/span>\n\t\t\t\t\t\t\t\t\t\t\t<\/a>\n\n\t\t\t\t\t<a rel=\"noopener noreferrer nofollow\" href=\"whatsapp:\/\/send?text=https%3A%2F%2Fwilkens-wohnstudio.de%2Fblog%2Fcategory%2Fwohnideen%2Fwohnzimmer%2F\" target=\"_blank\" class=\"wd-hide-lg  wd-social-icon social-whatsapp\" aria-label=\"WhatsApp-Social-Link\">\n\t\t\t\t\t\t<span class=\"wd-icon\"><\/span>\n\t\t\t\t\t\t\t\t\t\t\t<\/a>\n\t\t\t\t\n\t\t\t\t\n\t\t\t\t\n\t\t\t\t\n\t\t\t\t\n\t\t\t\t\n\t\t\t\t\n\t\t\t\t\n\t\t\t<\/div>\n\n\t\t\t\t\t\t\t\t\t\t<\/div>\n\t\t\t\t\t\t\t\t<div class=\"tooltip-arrow\"><\/div>\n\t\t\t\t\t\t\t<\/div>\n\t\t\t\t\t\t<\/div>\n\t\t\t\t\t\n\t\t\t\t\t\t\t\t\t\t\t\t\t\t<link rel=\"stylesheet\" id=\"wd-blog-mod-comments-button-css\" href=\"https:\/\/wilkens-wohnstudio.de\/wp-content\/themes\/woodmart\/css\/parts\/blog-mod-comments-button.min.css?ver=8.3.9\" type=\"text\/css\" media=\"all\" \/> \t\t\t\t\t\t\t\t\t<div class=\"wd-post-reply wd-style-1\">\n\t\t\t\t\t\t\t<a href=\"https:\/\/wilkens-wohnstudio.de\/blog\/saisonal\/tischdeko-im-fruehling\/#respond\"><span class=\"wd-replies-count\">0<\/span><\/a>\t\t\t\t\t\t<\/div>\n\t\t\t\t\t\t\t\t\t<\/div>\n\t\t\t\n\t\t\t\t\t\t\t\t\t\t\t\t<div class=\"wd-post-excerpt entry-content\">\n\t\t\t\t\t\tDie Natur erwacht!\r\nDie Sonne scheint wieder, die V\u00f6gel singen \u2013 der Fr\u00fchling ist da. Tischdeko im Fr\u00fchling zeigt sich hell, ...\t\t\t\t\t<\/div>\n\t\t\t\t\n\t\t\t\t\t\t\t\t\t\t\t\t\t\t<div class=\"wd-post-read-more wd-style-link read-more-section\">\n\t\t\t\t\t\t<a class=\"\" href=\"https:\/\/wilkens-wohnstudio.de\/blog\/saisonal\/tischdeko-im-fruehling\/\">weiter lesen<\/a>\t\t\t\t\t<\/div>\n\t\t\t\t\t\t\t\t\t\t\t\t\t<\/div>\n\t<\/div>\n<\/article>\n\n\t\t\t\t\t\t\t\t\t\t\t\n<article id=\"post-28280\" class=\"wd-post blog-design-masonry blog-post-loop blog-style-bg wd-add-shadow wd-col post-28280 post type-post status-publish format-standard has-post-thumbnail hentry category-dekoideen category-wohnideen category-wohnzimmer tag-dschungel tag-urban-jungle tag-zimmerpflanzen\">\n\t<div class=\"wd-post-inner article-inner\">\n\t\t\t\t\t<div class=\"wd-post-thumb entry-header\">\n\t\t\t\t\t\t\t\t\t<div class=\"wd-post-img post-img-wrapp\">\n\t\t\t\t\t\t<img width=\"1024\" height=\"768\" src=\"https:\/\/wilkens-wohnstudio.de\/wp-content\/uploads\/2022\/02\/Urban_Jungle-1024x768.jpg\" class=\"attachment-large size-large\" alt=\"Urban Jungle\" decoding=\"async\" srcset=\"https:\/\/wilkens-wohnstudio.de\/wp-content\/uploads\/2022\/02\/Urban_Jungle-1024x768.jpg 1024w, https:\/\/wilkens-wohnstudio.de\/wp-content\/uploads\/2022\/02\/Urban_Jungle-175x131.jpg 175w, https:\/\/wilkens-wohnstudio.de\/wp-content\/uploads\/2022\/02\/Urban_Jungle-1000x750.jpg 1000w, https:\/\/wilkens-wohnstudio.de\/wp-content\/uploads\/2022\/02\/Urban_Jungle-350x263.jpg 350w, https:\/\/wilkens-wohnstudio.de\/wp-content\/uploads\/2022\/02\/Urban_Jungle-768x576.jpg 768w, https:\/\/wilkens-wohnstudio.de\/wp-content\/uploads\/2022\/02\/Urban_Jungle-1536x1152.jpg 1536w, https:\/\/wilkens-wohnstudio.de\/wp-content\/uploads\/2022\/02\/Urban_Jungle.jpg 1440w\" sizes=\"(max-width: 1024px) 100vw, 1024px\" \/>\t\t\t\t\t<\/div>\n\t\t\t\t\t\t\t\t\t\t<a class=\"wd-fill\" tabindex=\"-1\" href=\"https:\/\/wilkens-wohnstudio.de\/blog\/dekoideen\/urban-jungle\/\" aria-label=\"Link zum Beitrag Voll im Dschungel-Fieber: Den Urban Jungle gestalten\"><\/a>\n\t\t\t\t\n\t\t\t\t\t\t\t\t\t\t\t\t<div class=\"wd-post-date wd-style-with-bg\">\n\t\t\t\t<span class=\"post-date-day\">\n\t\t\t\t\t22\t\t\t\t<\/span>\n\t\t\t\t<span class=\"post-date-month\">\n\t\t\t\t\tFeb.\t\t\t\t<\/span>\n\t\t\t<\/div>\n\t\t\t\t\t\t\t\t\t<\/div>\n\t\t\n\t\t<div class=\"wd-post-content article-body-container\">\n\t\t\t\t\t\t\t<div class=\"wd-post-cat wd-style-with-bg meta-post-categories\">\n\t\t\t\t\t<a href=\"https:\/\/wilkens-wohnstudio.de\/blog\/category\/dekoideen\/\" rel=\"category tag\">Dekoideen<\/a>, <a href=\"https:\/\/wilkens-wohnstudio.de\/blog\/category\/wohnideen\/\" rel=\"category tag\">Wohnideen<\/a>, <a href=\"https:\/\/wilkens-wohnstudio.de\/blog\/category\/wohnideen\/wohnzimmer\/\" rel=\"category tag\">Wohnzimmer<\/a>\t\t\t\t<\/div>\n\t\t\t\n\t\t\t\t\t\t\t<h3 class=\"wd-post-title wd-entities-title title post-title\">\n\t\t\t\t\t<a href=\"https:\/\/wilkens-wohnstudio.de\/blog\/dekoideen\/urban-jungle\/\" rel=\"bookmark\">Voll im Dschungel-Fieber: Den Urban Jungle gestalten<\/a>\n\t\t\t\t<\/h3>\n\t\t\t\n\t\t\t\t\t\t\t<div class=\"wd-post-meta\">\n\t\t\t\t\t\t\t\t\t\t\t\t\t\t\t<div class=\"wd-post-author\">\n\t\t\t\t\t\t\t\t\t\t\t<span>Geschrieben von<\/span>\n\t\t\n\t\t\t\t\t\t\t\n\t\t\t\t\t<a href=\"https:\/\/wilkens-wohnstudio.de\/blog\/author\/n-tangermann\/\" class=\"author\" rel=\"author\">Wilkens Wohnstudio<\/a>\n\t\t\t\t\t\t\t\t\t<\/div>\n\t\t\t\t\t<div class=\"wd-modified-date\">\n\t\t\t\t\t\t\t\t<time class=\"updated\" datetime=\"2023-01-05T17:04:18+01:00\">\n\t\t\t05.01.2023\t\t<\/time>\n\t\t\t\t\t\t\t<\/div>\n\n\t\t\t\t\t\t\t\t\t\t\t<div tabindex=\"0\" class=\"wd-post-share wd-tltp\">\n\t\t\t\t\t\t\t<div class=\"tooltip top\">\n\t\t\t\t\t\t\t\t<div class=\"tooltip-inner\">\n\t\t\t\t\t\t\t\t\t\t\t\t<div\n\t\t\t\t\t\tclass=\" wd-social-icons  wd-style-default wd-size-small social-share wd-shape-circle color-scheme-light text-center\">\n\t\t\t\t\n\t\t\t\t\n\t\t\t\t\t\t\t\t\t<a rel=\"noopener noreferrer nofollow\" href=\"https:\/\/www.facebook.com\/sharer\/sharer.php?u=https:\/\/wilkens-wohnstudio.de\/blog\/category\/wohnideen\/wohnzimmer\/\" target=\"_blank\" class=\" wd-social-icon social-facebook\" aria-label=\"Facebook-Social-Link\">\n\t\t\t\t\t\t<span class=\"wd-icon\"><\/span>\n\t\t\t\t\t\t\t\t\t\t\t<\/a>\n\t\t\t\t\n\t\t\t\t\n\t\t\t\t\n\t\t\t\t\n\t\t\t\t\n\t\t\t\t\n\t\t\t\t\n\t\t\t\t\t\t\t\t\t<a rel=\"noopener noreferrer nofollow\" href=\"https:\/\/pinterest.com\/pin\/create\/button\/?url=https:\/\/wilkens-wohnstudio.de\/blog\/category\/wohnideen\/wohnzimmer\/&media=https:\/\/wilkens-wohnstudio.de\/wp-content\/uploads\/2022\/02\/Urban_Jungle.jpg&description=Voll+im+Dschungel-Fieber%3A+Den+Urban+Jungle+gestalten\" target=\"_blank\" class=\" wd-social-icon social-pinterest\" aria-label=\"Pinterest-Social-Link\">\n\t\t\t\t\t\t<span class=\"wd-icon\"><\/span>\n\t\t\t\t\t\t\t\t\t\t\t<\/a>\n\t\t\t\t\n\t\t\t\t\n\t\t\t\t\n\t\t\t\t\n\t\t\t\t\n\t\t\t\t\n\t\t\t\t\n\t\t\t\t\n\t\t\t\t\n\t\t\t\t\n\t\t\t\t\n\t\t\t\t\t\t\t\t\t<a rel=\"noopener noreferrer nofollow\" href=\"https:\/\/api.whatsapp.com\/send?text=https%3A%2F%2Fwilkens-wohnstudio.de%2Fblog%2Fcategory%2Fwohnideen%2Fwohnzimmer%2F\" target=\"_blank\" class=\"wd-hide-md  wd-social-icon social-whatsapp\" aria-label=\"WhatsApp-Social-Link\">\n\t\t\t\t\t\t<span class=\"wd-icon\"><\/span>\n\t\t\t\t\t\t\t\t\t\t\t<\/a>\n\n\t\t\t\t\t<a rel=\"noopener noreferrer nofollow\" href=\"whatsapp:\/\/send?text=https%3A%2F%2Fwilkens-wohnstudio.de%2Fblog%2Fcategory%2Fwohnideen%2Fwohnzimmer%2F\" target=\"_blank\" class=\"wd-hide-lg  wd-social-icon social-whatsapp\" aria-label=\"WhatsApp-Social-Link\">\n\t\t\t\t\t\t<span class=\"wd-icon\"><\/span>\n\t\t\t\t\t\t\t\t\t\t\t<\/a>\n\t\t\t\t\n\t\t\t\t\n\t\t\t\t\n\t\t\t\t\n\t\t\t\t\n\t\t\t\t\n\t\t\t\t\n\t\t\t\t\n\t\t\t<\/div>\n\n\t\t\t\t\t\t\t\t\t\t<\/div>\n\t\t\t\t\t\t\t\t<div class=\"tooltip-arrow\"><\/div>\n\t\t\t\t\t\t\t<\/div>\n\t\t\t\t\t\t<\/div>\n\t\t\t\t\t\n\t\t\t\t\t\t\t\t\t\t\t\t\t\t\t\t\t<div class=\"wd-post-reply wd-style-1\">\n\t\t\t\t\t\t\t<a href=\"https:\/\/wilkens-wohnstudio.de\/blog\/dekoideen\/urban-jungle\/#respond\"><span class=\"wd-replies-count\">0<\/span><\/a>\t\t\t\t\t\t<\/div>\n\t\t\t\t\t\t\t\t\t<\/div>\n\t\t\t\n\t\t\t\t\t\t\t\t\t\t\t\t<div class=\"wd-post-excerpt entry-content\">\n\t\t\t\t\t\tEine gr\u00fcne Oase im Haus\r\nNicht jeder kann einen Garten oder Terrasse sein Eigen nennen, bei der Lust aufs Gr\u00fcn schafft hier d...\t\t\t\t\t<\/div>\n\t\t\t\t\n\t\t\t\t\t\t\t\t\t\t\t\t\t\t<div class=\"wd-post-read-more wd-style-link read-more-section\">\n\t\t\t\t\t\t<a class=\"\" href=\"https:\/\/wilkens-wohnstudio.de\/blog\/dekoideen\/urban-jungle\/\">weiter lesen<\/a>\t\t\t\t\t<\/div>\n\t\t\t\t\t\t\t\t\t\t\t\t\t<\/div>\n\t<\/div>\n<\/article>\n\n\t\t\t\t\t\t\t\t\t\t\t\n<article id=\"post-27490\" class=\"wd-post blog-design-masonry blog-post-loop blog-style-bg wd-add-shadow wd-col post-27490 post type-post status-publish format-standard has-post-thumbnail hentry category-dekoideen category-schlafzimmer category-wohnzimmer tag-beleuchtung tag-gemuetlich tag-kerzen tag-led-kerzen tag-romantisch\">\n\t<div class=\"wd-post-inner article-inner\">\n\t\t\t\t\t<div class=\"wd-post-thumb entry-header\">\n\t\t\t\t\t\t\t\t\t<div class=\"wd-post-img post-img-wrapp\">\n\t\t\t\t\t\t<img width=\"1024\" height=\"768\" src=\"https:\/\/wilkens-wohnstudio.de\/wp-content\/uploads\/2022\/02\/LED_Kerzen-1024x768.jpg\" class=\"attachment-large size-large\" alt=\"LED-Kerzen\" decoding=\"async\" srcset=\"https:\/\/wilkens-wohnstudio.de\/wp-content\/uploads\/2022\/02\/LED_Kerzen-1024x768.jpg 1024w, https:\/\/wilkens-wohnstudio.de\/wp-content\/uploads\/2022\/02\/LED_Kerzen-175x131.jpg 175w, https:\/\/wilkens-wohnstudio.de\/wp-content\/uploads\/2022\/02\/LED_Kerzen-1000x750.jpg 1000w, https:\/\/wilkens-wohnstudio.de\/wp-content\/uploads\/2022\/02\/LED_Kerzen-350x263.jpg 350w, https:\/\/wilkens-wohnstudio.de\/wp-content\/uploads\/2022\/02\/LED_Kerzen-768x576.jpg 768w, https:\/\/wilkens-wohnstudio.de\/wp-content\/uploads\/2022\/02\/LED_Kerzen-1536x1152.jpg 1536w, https:\/\/wilkens-wohnstudio.de\/wp-content\/uploads\/2022\/02\/LED_Kerzen.jpg 1440w\" sizes=\"(max-width: 1024px) 100vw, 1024px\" \/>\t\t\t\t\t<\/div>\n\t\t\t\t\t\t\t\t\t\t<a class=\"wd-fill\" tabindex=\"-1\" href=\"https:\/\/wilkens-wohnstudio.de\/blog\/dekoideen\/led-kerzen\/\" aria-label=\"Link zum Beitrag LED-Kerzen: Gem\u00fctliche Dauerbrenner\"><\/a>\n\t\t\t\t\n\t\t\t\t\t\t\t\t\t\t\t\t<div class=\"wd-post-date wd-style-with-bg\">\n\t\t\t\t<span class=\"post-date-day\">\n\t\t\t\t\t10\t\t\t\t<\/span>\n\t\t\t\t<span class=\"post-date-month\">\n\t\t\t\t\tFeb.\t\t\t\t<\/span>\n\t\t\t<\/div>\n\t\t\t\t\t\t\t\t\t<\/div>\n\t\t\n\t\t<div class=\"wd-post-content article-body-container\">\n\t\t\t\t\t\t\t<div class=\"wd-post-cat wd-style-with-bg meta-post-categories\">\n\t\t\t\t\t<a href=\"https:\/\/wilkens-wohnstudio.de\/blog\/category\/dekoideen\/\" rel=\"category tag\">Dekoideen<\/a>, <a href=\"https:\/\/wilkens-wohnstudio.de\/blog\/category\/wohnideen\/schlafzimmer\/\" rel=\"category tag\">Schlafzimmer<\/a>, <a href=\"https:\/\/wilkens-wohnstudio.de\/blog\/category\/wohnideen\/wohnzimmer\/\" rel=\"category tag\">Wohnzimmer<\/a>\t\t\t\t<\/div>\n\t\t\t\n\t\t\t\t\t\t\t<h3 class=\"wd-post-title wd-entities-title title post-title\">\n\t\t\t\t\t<a href=\"https:\/\/wilkens-wohnstudio.de\/blog\/dekoideen\/led-kerzen\/\" rel=\"bookmark\">LED-Kerzen: Gem\u00fctliche Dauerbrenner<\/a>\n\t\t\t\t<\/h3>\n\t\t\t\n\t\t\t\t\t\t\t<div class=\"wd-post-meta\">\n\t\t\t\t\t\t\t\t\t\t\t\t\t\t\t<div class=\"wd-post-author\">\n\t\t\t\t\t\t\t\t\t\t\t<span>Geschrieben von<\/span>\n\t\t\n\t\t\t\t\t\t\t\n\t\t\t\t\t<a href=\"https:\/\/wilkens-wohnstudio.de\/blog\/author\/n-tangermann\/\" class=\"author\" rel=\"author\">Wilkens Wohnstudio<\/a>\n\t\t\t\t\t\t\t\t\t<\/div>\n\t\t\t\t\t<div class=\"wd-modified-date\">\n\t\t\t\t\t\t\t\t<time class=\"updated\" datetime=\"2023-01-05T17:04:22+01:00\">\n\t\t\t05.01.2023\t\t<\/time>\n\t\t\t\t\t\t\t<\/div>\n\n\t\t\t\t\t\t\t\t\t\t\t<div tabindex=\"0\" class=\"wd-post-share wd-tltp\">\n\t\t\t\t\t\t\t<div class=\"tooltip top\">\n\t\t\t\t\t\t\t\t<div class=\"tooltip-inner\">\n\t\t\t\t\t\t\t\t\t\t\t\t<div\n\t\t\t\t\t\tclass=\" wd-social-icons  wd-style-default wd-size-small social-share wd-shape-circle color-scheme-light text-center\">\n\t\t\t\t\n\t\t\t\t\n\t\t\t\t\t\t\t\t\t<a rel=\"noopener noreferrer nofollow\" href=\"https:\/\/www.facebook.com\/sharer\/sharer.php?u=https:\/\/wilkens-wohnstudio.de\/blog\/category\/wohnideen\/wohnzimmer\/\" target=\"_blank\" class=\" wd-social-icon social-facebook\" aria-label=\"Facebook-Social-Link\">\n\t\t\t\t\t\t<span class=\"wd-icon\"><\/span>\n\t\t\t\t\t\t\t\t\t\t\t<\/a>\n\t\t\t\t\n\t\t\t\t\n\t\t\t\t\n\t\t\t\t\n\t\t\t\t\n\t\t\t\t\n\t\t\t\t\n\t\t\t\t\t\t\t\t\t<a rel=\"noopener noreferrer nofollow\" href=\"https:\/\/pinterest.com\/pin\/create\/button\/?url=https:\/\/wilkens-wohnstudio.de\/blog\/category\/wohnideen\/wohnzimmer\/&media=https:\/\/wilkens-wohnstudio.de\/wp-content\/uploads\/2022\/02\/LED_Kerzen.jpg&description=LED-Kerzen%3A+Gem%C3%BCtliche+Dauerbrenner\" target=\"_blank\" class=\" wd-social-icon social-pinterest\" aria-label=\"Pinterest-Social-Link\">\n\t\t\t\t\t\t<span class=\"wd-icon\"><\/span>\n\t\t\t\t\t\t\t\t\t\t\t<\/a>\n\t\t\t\t\n\t\t\t\t\n\t\t\t\t\n\t\t\t\t\n\t\t\t\t\n\t\t\t\t\n\t\t\t\t\n\t\t\t\t\n\t\t\t\t\n\t\t\t\t\n\t\t\t\t\n\t\t\t\t\t\t\t\t\t<a rel=\"noopener noreferrer nofollow\" href=\"https:\/\/api.whatsapp.com\/send?text=https%3A%2F%2Fwilkens-wohnstudio.de%2Fblog%2Fcategory%2Fwohnideen%2Fwohnzimmer%2F\" target=\"_blank\" class=\"wd-hide-md  wd-social-icon social-whatsapp\" aria-label=\"WhatsApp-Social-Link\">\n\t\t\t\t\t\t<span class=\"wd-icon\"><\/span>\n\t\t\t\t\t\t\t\t\t\t\t<\/a>\n\n\t\t\t\t\t<a rel=\"noopener noreferrer nofollow\" href=\"whatsapp:\/\/send?text=https%3A%2F%2Fwilkens-wohnstudio.de%2Fblog%2Fcategory%2Fwohnideen%2Fwohnzimmer%2F\" target=\"_blank\" class=\"wd-hide-lg  wd-social-icon social-whatsapp\" aria-label=\"WhatsApp-Social-Link\">\n\t\t\t\t\t\t<span class=\"wd-icon\"><\/span>\n\t\t\t\t\t\t\t\t\t\t\t<\/a>\n\t\t\t\t\n\t\t\t\t\n\t\t\t\t\n\t\t\t\t\n\t\t\t\t\n\t\t\t\t\n\t\t\t\t\n\t\t\t\t\n\t\t\t<\/div>\n\n\t\t\t\t\t\t\t\t\t\t<\/div>\n\t\t\t\t\t\t\t\t<div class=\"tooltip-arrow\"><\/div>\n\t\t\t\t\t\t\t<\/div>\n\t\t\t\t\t\t<\/div>\n\t\t\t\t\t\n\t\t\t\t\t\t\t\t\t\t\t\t\t\t\t\t\t<div class=\"wd-post-reply wd-style-1\">\n\t\t\t\t\t\t\t<a href=\"https:\/\/wilkens-wohnstudio.de\/blog\/dekoideen\/led-kerzen\/#respond\"><span class=\"wd-replies-count\">0<\/span><\/a>\t\t\t\t\t\t<\/div>\n\t\t\t\t\t\t\t\t\t<\/div>\n\t\t\t\n\t\t\t\t\t\t\t\t\t\t\t\t<div class=\"wd-post-excerpt entry-content\">\n\t\t\t\t\t\tVielf\u00e4ltig, Praktisch, Sicher \u2013 die LED-Kerze\r\nNicht nur in der Weihnachtszeit kann mit Kerzenlicht eine ganz besondere Stimm...\t\t\t\t\t<\/div>\n\t\t\t\t\n\t\t\t\t\t\t\t\t\t\t\t\t\t\t<div class=\"wd-post-read-more wd-style-link read-more-section\">\n\t\t\t\t\t\t<a class=\"\" href=\"https:\/\/wilkens-wohnstudio.de\/blog\/dekoideen\/led-kerzen\/\">weiter lesen<\/a>\t\t\t\t\t<\/div>\n\t\t\t\t\t\t\t\t\t\t\t\t\t<\/div>\n\t<\/div>\n<\/article>\n\n\t\t\t\t\t\n\t\t\t\t\t","status":"have-posts","nextPage":"https:\/\/wilkens-wohnstudio.de\/blog\/category\/wohnideen\/wohnzimmer\/page\/3\/?srsltid=AfmBOoqMfvLzYQc6N25jAUaY7gzG4MRmGtqc2Zv2LX1QODKZAidQLg5u&woo_ajax=1#038;woo_ajax=1","currentPage":"https:\/\/wilkens-wohnstudio.de\/blog\/category\/wohnideen\/wohnzimmer\/page\/2"}