
			
				

					
				

			
		{"items":"\n\t\t\t\t\t\t\t\t\t\t\t\t\t\t<link rel=\"stylesheet\" id=\"wd-post-types-mod-categories-style-bg-css\" href=\"https:\/\/wilkens-wohnstudio.de\/wp-content\/themes\/woodmart\/css\/parts\/post-types-mod-categories-style-bg.min.css?ver=8.3.9\" type=\"text\/css\" media=\"all\" \/> \t\t\t\n<article id=\"post-40590\" class=\"wd-post blog-design-masonry blog-post-loop blog-style-bg wd-add-shadow wd-col post-40590 post type-post status-publish format-standard has-post-thumbnail hentry category-diy-ideen category-weihnachten tag-adventskranz-selber-machen tag-diy tag-weihnachts-deko\">\n\t<div class=\"wd-post-inner article-inner\">\n\t\t\t\t\t<div class=\"wd-post-thumb entry-header\">\n\t\t\t\t\t\t\t\t\t<div class=\"wd-post-img post-img-wrapp\">\n\t\t\t\t\t\t<img width=\"1024\" height=\"768\" src=\"https:\/\/wilkens-wohnstudio.de\/wp-content\/uploads\/2022\/10\/adventskranz-selber-machen-1-1024x768.jpg\" class=\"attachment-large size-large\" alt=\"adventskranz-selber-machen\" decoding=\"async\" fetchpriority=\"high\" srcset=\"https:\/\/wilkens-wohnstudio.de\/wp-content\/uploads\/2022\/10\/adventskranz-selber-machen-1-1024x768.jpg 1024w, https:\/\/wilkens-wohnstudio.de\/wp-content\/uploads\/2022\/10\/adventskranz-selber-machen-1-175x131.jpg 175w, https:\/\/wilkens-wohnstudio.de\/wp-content\/uploads\/2022\/10\/adventskranz-selber-machen-1-1000x750.jpg 1000w, https:\/\/wilkens-wohnstudio.de\/wp-content\/uploads\/2022\/10\/adventskranz-selber-machen-1-350x263.jpg 350w, https:\/\/wilkens-wohnstudio.de\/wp-content\/uploads\/2022\/10\/adventskranz-selber-machen-1-768x576.jpg 768w, https:\/\/wilkens-wohnstudio.de\/wp-content\/uploads\/2022\/10\/adventskranz-selber-machen-1-1536x1152.jpg 1536w, https:\/\/wilkens-wohnstudio.de\/wp-content\/uploads\/2022\/10\/adventskranz-selber-machen-1.jpg 2000w\" sizes=\"(max-width: 1024px) 100vw, 1024px\" \/>\t\t\t\t\t<\/div>\n\t\t\t\t\t\t\t\t\t\t<a class=\"wd-fill\" tabindex=\"-1\" href=\"https:\/\/wilkens-wohnstudio.de\/blog\/diy-ideen\/adventskranz-selber-machen\/\" aria-label=\"Link zum Beitrag Den Adventskranz selber machen \u2013 5 tolle Ideen f\u00fcr Adventskr\u00e4nze\"><\/a>\n\t\t\t\t\n\t\t\t\t\t\t\t\t\t\t\t\t<link rel=\"stylesheet\" id=\"wd-post-types-mod-date-style-bg-css\" href=\"https:\/\/wilkens-wohnstudio.de\/wp-content\/themes\/woodmart\/css\/parts\/post-types-mod-date-style-bg.min.css?ver=8.3.9\" type=\"text\/css\" media=\"all\" \/> \t\t\t\t\t\t<div class=\"wd-post-date wd-style-with-bg\">\n\t\t\t\t<span class=\"post-date-day\">\n\t\t\t\t\t19\t\t\t\t<\/span>\n\t\t\t\t<span class=\"post-date-month\">\n\t\t\t\t\tOkt.\t\t\t\t<\/span>\n\t\t\t<\/div>\n\t\t\t\t\t\t\t\t\t<\/div>\n\t\t\n\t\t<div class=\"wd-post-content article-body-container\">\n\t\t\t\t\t\t\t<div class=\"wd-post-cat wd-style-with-bg meta-post-categories\">\n\t\t\t\t\t<a href=\"https:\/\/wilkens-wohnstudio.de\/blog\/category\/diy-ideen\/\" rel=\"category tag\">DIY-Ideen<\/a>, <a href=\"https:\/\/wilkens-wohnstudio.de\/blog\/category\/saisonal\/weihnachten\/\" rel=\"category tag\">Weihnachten<\/a>\t\t\t\t<\/div>\n\t\t\t\n\t\t\t\t\t\t\t<h3 class=\"wd-post-title wd-entities-title title post-title\">\n\t\t\t\t\t<a href=\"https:\/\/wilkens-wohnstudio.de\/blog\/diy-ideen\/adventskranz-selber-machen\/\" rel=\"bookmark\">Den Adventskranz selber machen \u2013 5 tolle Ideen f\u00fcr Adventskr\u00e4nze<\/a>\n\t\t\t\t<\/h3>\n\t\t\t\n\t\t\t\t\t\t\t<div class=\"wd-post-meta\">\n\t\t\t\t\t\t\t\t\t\t\t\t\t<link rel=\"stylesheet\" id=\"wd-blog-mod-author-css\" href=\"https:\/\/wilkens-wohnstudio.de\/wp-content\/themes\/woodmart\/css\/parts\/blog-mod-author.min.css?ver=8.3.9\" type=\"text\/css\" media=\"all\" \/> \t\t\t\t\t\t\t\t<div class=\"wd-post-author\">\n\t\t\t\t\t\t\t\t\t\t\t<span>Geschrieben von<\/span>\n\t\t\n\t\t\t\t\t\t\t\n\t\t\t\t\t<a href=\"https:\/\/wilkens-wohnstudio.de\/blog\/author\/n-tangermann\/\" class=\"author\" rel=\"author\">Wilkens Wohnstudio<\/a>\n\t\t\t\t\t\t\t\t\t<\/div>\n\t\t\t\t\t<div class=\"wd-modified-date\">\n\t\t\t\t\t\t\t\t<time class=\"updated\" datetime=\"2023-01-05T17:00:36+01:00\">\n\t\t\t05.01.2023\t\t<\/time>\n\t\t\t\t\t\t\t<\/div>\n\n\t\t\t\t\t\t\t\t\t\t\t<div tabindex=\"0\" class=\"wd-post-share wd-tltp\">\n\t\t\t\t\t\t\t<div class=\"tooltip top\">\n\t\t\t\t\t\t\t\t<div class=\"tooltip-inner\">\n\t\t\t\t\t\t\t\t\t\t\t\t<link rel=\"stylesheet\" id=\"wd-social-icons-css\" href=\"https:\/\/wilkens-wohnstudio.de\/wp-content\/themes\/woodmart\/css\/parts\/el-social-icons.min.css?ver=8.3.9\" type=\"text\/css\" media=\"all\" \/> \t\t\t\t\t\t<div\n\t\t\t\t\t\tclass=\" wd-social-icons  wd-style-default wd-size-small social-share wd-shape-circle color-scheme-light text-center\">\n\t\t\t\t\n\t\t\t\t\n\t\t\t\t\t\t\t\t\t<a rel=\"noopener noreferrer nofollow\" href=\"https:\/\/www.facebook.com\/sharer\/sharer.php?u=https:\/\/wilkens-wohnstudio.de\/blog\/category\/saisonal\/weihnachten\/\" target=\"_blank\" class=\" wd-social-icon social-facebook\" aria-label=\"Facebook-Social-Link\">\n\t\t\t\t\t\t<span class=\"wd-icon\"><\/span>\n\t\t\t\t\t\t\t\t\t\t\t<\/a>\n\t\t\t\t\n\t\t\t\t\n\t\t\t\t\n\t\t\t\t\n\t\t\t\t\n\t\t\t\t\n\t\t\t\t\n\t\t\t\t\t\t\t\t\t<a rel=\"noopener noreferrer nofollow\" href=\"https:\/\/pinterest.com\/pin\/create\/button\/?url=https:\/\/wilkens-wohnstudio.de\/blog\/category\/saisonal\/weihnachten\/&media=https:\/\/wilkens-wohnstudio.de\/wp-content\/uploads\/2022\/10\/adventskranz-selber-machen-1.jpg&description=Den+Adventskranz+selber+machen+%E2%80%93+5+tolle+Ideen+f%C3%BCr+Adventskr%C3%A4nze\" target=\"_blank\" class=\" wd-social-icon social-pinterest\" aria-label=\"Pinterest-Social-Link\">\n\t\t\t\t\t\t<span class=\"wd-icon\"><\/span>\n\t\t\t\t\t\t\t\t\t\t\t<\/a>\n\t\t\t\t\n\t\t\t\t\n\t\t\t\t\n\t\t\t\t\n\t\t\t\t\n\t\t\t\t\n\t\t\t\t\n\t\t\t\t\n\t\t\t\t\n\t\t\t\t\n\t\t\t\t\n\t\t\t\t\t\t\t\t\t<a rel=\"noopener noreferrer nofollow\" href=\"https:\/\/api.whatsapp.com\/send?text=https%3A%2F%2Fwilkens-wohnstudio.de%2Fblog%2Fcategory%2Fsaisonal%2Fweihnachten%2F\" target=\"_blank\" class=\"wd-hide-md  wd-social-icon social-whatsapp\" aria-label=\"WhatsApp-Social-Link\">\n\t\t\t\t\t\t<span class=\"wd-icon\"><\/span>\n\t\t\t\t\t\t\t\t\t\t\t<\/a>\n\n\t\t\t\t\t<a rel=\"noopener noreferrer nofollow\" href=\"whatsapp:\/\/send?text=https%3A%2F%2Fwilkens-wohnstudio.de%2Fblog%2Fcategory%2Fsaisonal%2Fweihnachten%2F\" target=\"_blank\" class=\"wd-hide-lg  wd-social-icon social-whatsapp\" aria-label=\"WhatsApp-Social-Link\">\n\t\t\t\t\t\t<span class=\"wd-icon\"><\/span>\n\t\t\t\t\t\t\t\t\t\t\t<\/a>\n\t\t\t\t\n\t\t\t\t\n\t\t\t\t\n\t\t\t\t\n\t\t\t\t\n\t\t\t\t\n\t\t\t\t\n\t\t\t\t\n\t\t\t<\/div>\n\n\t\t\t\t\t\t\t\t\t\t<\/div>\n\t\t\t\t\t\t\t\t<div class=\"tooltip-arrow\"><\/div>\n\t\t\t\t\t\t\t<\/div>\n\t\t\t\t\t\t<\/div>\n\t\t\t\t\t\n\t\t\t\t\t\t\t\t\t<\/div>\n\t\t\t\n\t\t\t\t\t\t\t\t\t\t\t\t<div class=\"wd-post-excerpt entry-content\">\n\t\t\t\t\t\tEin selbstgemachter Adventskranz\r\nDer Adventskranz \u2013 4 Kerzen, 4 besinnliche Sonntage in der Vorweihnachtszeit. Ob der Klassi...\t\t\t\t\t<\/div>\n\t\t\t\t\n\t\t\t\t\t\t\t\t\t\t\t\t\t\t<div class=\"wd-post-read-more wd-style-link read-more-section\">\n\t\t\t\t\t\t<a class=\"\" href=\"https:\/\/wilkens-wohnstudio.de\/blog\/diy-ideen\/adventskranz-selber-machen\/\">weiter lesen<\/a>\t\t\t\t\t<\/div>\n\t\t\t\t\t\t\t\t\t\t\t\t\t<\/div>\n\t<\/div>\n<\/article>\n\n\t\t\t\t\t\t\t\t\t\t\t\n<article id=\"post-40281\" class=\"wd-post blog-design-masonry blog-post-loop blog-style-bg wd-add-shadow wd-col post-40281 post type-post status-publish format-standard has-post-thumbnail hentry category-saisonal category-weihnachten category-winter tag-weihnachten-2022 tag-weihnachts-deko\">\n\t<div class=\"wd-post-inner article-inner\">\n\t\t\t\t\t<div class=\"wd-post-thumb entry-header\">\n\t\t\t\t\t\t\t\t\t<div class=\"wd-post-img post-img-wrapp\">\n\t\t\t\t\t\t<img width=\"1024\" height=\"768\" src=\"https:\/\/wilkens-wohnstudio.de\/wp-content\/uploads\/2022\/10\/weihnachten-2022-deko-trends-1024x768.jpg\" class=\"attachment-large size-large\" alt=\"weihnachten-2022-deko-trends\" decoding=\"async\" srcset=\"https:\/\/wilkens-wohnstudio.de\/wp-content\/uploads\/2022\/10\/weihnachten-2022-deko-trends-1024x768.jpg 1024w, https:\/\/wilkens-wohnstudio.de\/wp-content\/uploads\/2022\/10\/weihnachten-2022-deko-trends-175x131.jpg 175w, https:\/\/wilkens-wohnstudio.de\/wp-content\/uploads\/2022\/10\/weihnachten-2022-deko-trends-1000x750.jpg 1000w, https:\/\/wilkens-wohnstudio.de\/wp-content\/uploads\/2022\/10\/weihnachten-2022-deko-trends-350x263.jpg 350w, https:\/\/wilkens-wohnstudio.de\/wp-content\/uploads\/2022\/10\/weihnachten-2022-deko-trends-768x576.jpg 768w, https:\/\/wilkens-wohnstudio.de\/wp-content\/uploads\/2022\/10\/weihnachten-2022-deko-trends-1536x1152.jpg 1536w, https:\/\/wilkens-wohnstudio.de\/wp-content\/uploads\/2022\/10\/weihnachten-2022-deko-trends.jpg 1440w\" sizes=\"(max-width: 1024px) 100vw, 1024px\" \/>\t\t\t\t\t<\/div>\n\t\t\t\t\t\t\t\t\t\t<a class=\"wd-fill\" tabindex=\"-1\" href=\"https:\/\/wilkens-wohnstudio.de\/blog\/saisonal\/weihnachten-2022\/\" aria-label=\"Link zum Beitrag 15 tolle Deko-Trends f\u00fcr Weihnachten 2022\"><\/a>\n\t\t\t\t\n\t\t\t\t\t\t\t\t\t\t\t\t<div class=\"wd-post-date wd-style-with-bg\">\n\t\t\t\t<span class=\"post-date-day\">\n\t\t\t\t\t14\t\t\t\t<\/span>\n\t\t\t\t<span class=\"post-date-month\">\n\t\t\t\t\tOkt.\t\t\t\t<\/span>\n\t\t\t<\/div>\n\t\t\t\t\t\t\t\t\t<\/div>\n\t\t\n\t\t<div class=\"wd-post-content article-body-container\">\n\t\t\t\t\t\t\t<div class=\"wd-post-cat wd-style-with-bg meta-post-categories\">\n\t\t\t\t\t<a href=\"https:\/\/wilkens-wohnstudio.de\/blog\/category\/saisonal\/\" rel=\"category tag\">Saisonal<\/a>, <a href=\"https:\/\/wilkens-wohnstudio.de\/blog\/category\/saisonal\/weihnachten\/\" rel=\"category tag\">Weihnachten<\/a>, <a href=\"https:\/\/wilkens-wohnstudio.de\/blog\/category\/saisonal\/winter\/\" rel=\"category tag\">Winter<\/a>\t\t\t\t<\/div>\n\t\t\t\n\t\t\t\t\t\t\t<h3 class=\"wd-post-title wd-entities-title title post-title\">\n\t\t\t\t\t<a href=\"https:\/\/wilkens-wohnstudio.de\/blog\/saisonal\/weihnachten-2022\/\" rel=\"bookmark\">15 tolle Deko-Trends f\u00fcr Weihnachten 2022<\/a>\n\t\t\t\t<\/h3>\n\t\t\t\n\t\t\t\t\t\t\t<div class=\"wd-post-meta\">\n\t\t\t\t\t\t\t\t\t\t\t\t\t\t\t<div class=\"wd-post-author\">\n\t\t\t\t\t\t\t\t\t\t\t<span>Geschrieben von<\/span>\n\t\t\n\t\t\t\t\t\t\t\n\t\t\t\t\t<a href=\"https:\/\/wilkens-wohnstudio.de\/blog\/author\/n-tangermann\/\" class=\"author\" rel=\"author\">Wilkens Wohnstudio<\/a>\n\t\t\t\t\t\t\t\t\t<\/div>\n\t\t\t\t\t<div class=\"wd-modified-date\">\n\t\t\t\t\t\t\t\t<time class=\"updated\" datetime=\"2023-05-26T13:05:39+02:00\">\n\t\t\t26.05.2023\t\t<\/time>\n\t\t\t\t\t\t\t<\/div>\n\n\t\t\t\t\t\t\t\t\t\t\t<div tabindex=\"0\" class=\"wd-post-share wd-tltp\">\n\t\t\t\t\t\t\t<div class=\"tooltip top\">\n\t\t\t\t\t\t\t\t<div class=\"tooltip-inner\">\n\t\t\t\t\t\t\t\t\t\t\t\t<div\n\t\t\t\t\t\tclass=\" wd-social-icons  wd-style-default wd-size-small social-share wd-shape-circle color-scheme-light text-center\">\n\t\t\t\t\n\t\t\t\t\n\t\t\t\t\t\t\t\t\t<a rel=\"noopener noreferrer nofollow\" href=\"https:\/\/www.facebook.com\/sharer\/sharer.php?u=https:\/\/wilkens-wohnstudio.de\/blog\/category\/saisonal\/weihnachten\/\" target=\"_blank\" class=\" wd-social-icon social-facebook\" aria-label=\"Facebook-Social-Link\">\n\t\t\t\t\t\t<span class=\"wd-icon\"><\/span>\n\t\t\t\t\t\t\t\t\t\t\t<\/a>\n\t\t\t\t\n\t\t\t\t\n\t\t\t\t\n\t\t\t\t\n\t\t\t\t\n\t\t\t\t\n\t\t\t\t\n\t\t\t\t\t\t\t\t\t<a rel=\"noopener noreferrer nofollow\" href=\"https:\/\/pinterest.com\/pin\/create\/button\/?url=https:\/\/wilkens-wohnstudio.de\/blog\/category\/saisonal\/weihnachten\/&media=https:\/\/wilkens-wohnstudio.de\/wp-content\/uploads\/2022\/10\/weihnachten-2022-deko-trends.jpg&description=15+tolle+Deko-Trends+f%C3%BCr+Weihnachten+2022\" target=\"_blank\" class=\" wd-social-icon social-pinterest\" aria-label=\"Pinterest-Social-Link\">\n\t\t\t\t\t\t<span class=\"wd-icon\"><\/span>\n\t\t\t\t\t\t\t\t\t\t\t<\/a>\n\t\t\t\t\n\t\t\t\t\n\t\t\t\t\n\t\t\t\t\n\t\t\t\t\n\t\t\t\t\n\t\t\t\t\n\t\t\t\t\n\t\t\t\t\n\t\t\t\t\n\t\t\t\t\n\t\t\t\t\t\t\t\t\t<a rel=\"noopener noreferrer nofollow\" href=\"https:\/\/api.whatsapp.com\/send?text=https%3A%2F%2Fwilkens-wohnstudio.de%2Fblog%2Fcategory%2Fsaisonal%2Fweihnachten%2F\" target=\"_blank\" class=\"wd-hide-md  wd-social-icon social-whatsapp\" aria-label=\"WhatsApp-Social-Link\">\n\t\t\t\t\t\t<span class=\"wd-icon\"><\/span>\n\t\t\t\t\t\t\t\t\t\t\t<\/a>\n\n\t\t\t\t\t<a rel=\"noopener noreferrer nofollow\" href=\"whatsapp:\/\/send?text=https%3A%2F%2Fwilkens-wohnstudio.de%2Fblog%2Fcategory%2Fsaisonal%2Fweihnachten%2F\" target=\"_blank\" class=\"wd-hide-lg  wd-social-icon social-whatsapp\" aria-label=\"WhatsApp-Social-Link\">\n\t\t\t\t\t\t<span class=\"wd-icon\"><\/span>\n\t\t\t\t\t\t\t\t\t\t\t<\/a>\n\t\t\t\t\n\t\t\t\t\n\t\t\t\t\n\t\t\t\t\n\t\t\t\t\n\t\t\t\t\n\t\t\t\t\n\t\t\t\t\n\t\t\t<\/div>\n\n\t\t\t\t\t\t\t\t\t\t<\/div>\n\t\t\t\t\t\t\t\t<div class=\"tooltip-arrow\"><\/div>\n\t\t\t\t\t\t\t<\/div>\n\t\t\t\t\t\t<\/div>\n\t\t\t\t\t\n\t\t\t\t\t\t\t\t\t<\/div>\n\t\t\t\n\t\t\t\t\t\t\t\t\t\t\t\t<div class=\"wd-post-excerpt entry-content\">\n\t\t\t\t\t\tWeihnachten 2022\r\nWeihnachten 2022 kommt! Alle Jahre wieder kommt nicht nur das Christuskind, sondern auch Deko-Trends f\u00fcr We...\t\t\t\t\t<\/div>\n\t\t\t\t\n\t\t\t\t\t\t\t\t\t\t\t\t\t\t<div class=\"wd-post-read-more wd-style-link read-more-section\">\n\t\t\t\t\t\t<a class=\"\" href=\"https:\/\/wilkens-wohnstudio.de\/blog\/saisonal\/weihnachten-2022\/\">weiter lesen<\/a>\t\t\t\t\t<\/div>\n\t\t\t\t\t\t\t\t\t\t\t\t\t<\/div>\n\t<\/div>\n<\/article>\n\n\t\t\t\t\t\t\t\t\t\t\t\n<article id=\"post-37259\" class=\"wd-post blog-design-masonry blog-post-loop blog-style-bg wd-add-shadow wd-col post-37259 post type-post status-publish format-standard has-post-thumbnail hentry category-skandinavisch category-dekoideen category-fruehling category-herbst category-maritim category-modern category-ostern category-vintage category-weihnachten category-wohnideen tag-holzdeko tag-nachhaltige-deko tag-natuerlich\">\n\t<div class=\"wd-post-inner article-inner\">\n\t\t\t\t\t<div class=\"wd-post-thumb entry-header\">\n\t\t\t\t\t\t\t\t\t<div class=\"wd-post-img post-img-wrapp\">\n\t\t\t\t\t\t<img width=\"1024\" height=\"1024\" src=\"https:\/\/wilkens-wohnstudio.de\/wp-content\/uploads\/2022\/08\/Holz-Deko-1024x1024.jpg\" class=\"attachment-large size-large\" alt=\"Holz-Deko\" decoding=\"async\" srcset=\"https:\/\/wilkens-wohnstudio.de\/wp-content\/uploads\/2022\/08\/Holz-Deko-1024x1024.jpg 1024w, https:\/\/wilkens-wohnstudio.de\/wp-content\/uploads\/2022\/08\/Holz-Deko-315x315.jpg 315w, https:\/\/wilkens-wohnstudio.de\/wp-content\/uploads\/2022\/08\/Holz-Deko-175x175.jpg 175w, https:\/\/wilkens-wohnstudio.de\/wp-content\/uploads\/2022\/08\/Holz-Deko-1000x1000.jpg 1000w, https:\/\/wilkens-wohnstudio.de\/wp-content\/uploads\/2022\/08\/Holz-Deko-350x350.jpg 350w, https:\/\/wilkens-wohnstudio.de\/wp-content\/uploads\/2022\/08\/Holz-Deko-250x250.jpg 250w, https:\/\/wilkens-wohnstudio.de\/wp-content\/uploads\/2022\/08\/Holz-Deko-768x768.jpg 768w, https:\/\/wilkens-wohnstudio.de\/wp-content\/uploads\/2022\/08\/Holz-Deko-1536x1536.jpg 1536w, https:\/\/wilkens-wohnstudio.de\/wp-content\/uploads\/2022\/08\/Holz-Deko-630x630.jpg 630w, https:\/\/wilkens-wohnstudio.de\/wp-content\/uploads\/2022\/08\/Holz-Deko.jpg 1080w\" sizes=\"(max-width: 1024px) 100vw, 1024px\" \/>\t\t\t\t\t<\/div>\n\t\t\t\t\t\t\t\t\t\t<a class=\"wd-fill\" tabindex=\"-1\" href=\"https:\/\/wilkens-wohnstudio.de\/blog\/deko-stile\/skandinavisch\/holzdeko-ideen\/\" aria-label=\"Link zum Beitrag Nat\u00fcrliche Holz-Deko: 13 tolle Holzdeko Ideen f\u00fcr Ihr Zuhause\"><\/a>\n\t\t\t\t\n\t\t\t\t\t\t\t\t\t\t\t\t<div class=\"wd-post-date wd-style-with-bg\">\n\t\t\t\t<span class=\"post-date-day\">\n\t\t\t\t\t18\t\t\t\t<\/span>\n\t\t\t\t<span class=\"post-date-month\">\n\t\t\t\t\tAug.\t\t\t\t<\/span>\n\t\t\t<\/div>\n\t\t\t\t\t\t\t\t\t<\/div>\n\t\t\n\t\t<div class=\"wd-post-content article-body-container\">\n\t\t\t\t\t\t\t<div class=\"wd-post-cat wd-style-with-bg meta-post-categories\">\n\t\t\t\t\t<a href=\"https:\/\/wilkens-wohnstudio.de\/blog\/category\/deko-stile\/skandinavisch\/\" rel=\"category tag\">Skandinavisch<\/a>, <a href=\"https:\/\/wilkens-wohnstudio.de\/blog\/category\/dekoideen\/\" rel=\"category tag\">Dekoideen<\/a>, <a href=\"https:\/\/wilkens-wohnstudio.de\/blog\/category\/saisonal\/fruehling\/\" rel=\"category tag\">Fr\u00fchling<\/a>, <a href=\"https:\/\/wilkens-wohnstudio.de\/blog\/category\/saisonal\/herbst\/\" rel=\"category tag\">Herbst<\/a>, <a href=\"https:\/\/wilkens-wohnstudio.de\/blog\/category\/deko-stile\/maritim\/\" rel=\"category tag\">Maritim<\/a>, <a href=\"https:\/\/wilkens-wohnstudio.de\/blog\/category\/deko-stile\/modern\/\" rel=\"category tag\">Modern<\/a>, <a href=\"https:\/\/wilkens-wohnstudio.de\/blog\/category\/saisonal\/ostern\/\" rel=\"category tag\">Ostern<\/a>, <a href=\"https:\/\/wilkens-wohnstudio.de\/blog\/category\/deko-stile\/vintage\/\" rel=\"category tag\">Vintage<\/a>, <a href=\"https:\/\/wilkens-wohnstudio.de\/blog\/category\/saisonal\/weihnachten\/\" rel=\"category tag\">Weihnachten<\/a>, <a href=\"https:\/\/wilkens-wohnstudio.de\/blog\/category\/wohnideen\/\" rel=\"category tag\">Wohnideen<\/a>\t\t\t\t<\/div>\n\t\t\t\n\t\t\t\t\t\t\t<h3 class=\"wd-post-title wd-entities-title title post-title\">\n\t\t\t\t\t<a href=\"https:\/\/wilkens-wohnstudio.de\/blog\/deko-stile\/skandinavisch\/holzdeko-ideen\/\" rel=\"bookmark\">Nat\u00fcrliche Holz-Deko: 13 tolle Holzdeko Ideen f\u00fcr Ihr Zuhause<\/a>\n\t\t\t\t<\/h3>\n\t\t\t\n\t\t\t\t\t\t\t<div class=\"wd-post-meta\">\n\t\t\t\t\t\t\t\t\t\t\t\t\t\t\t<div class=\"wd-post-author\">\n\t\t\t\t\t\t\t\t\t\t\t<span>Geschrieben von<\/span>\n\t\t\n\t\t\t\t\t\t\t\n\t\t\t\t\t<a href=\"https:\/\/wilkens-wohnstudio.de\/blog\/author\/n-tangermann\/\" class=\"author\" rel=\"author\">Wilkens Wohnstudio<\/a>\n\t\t\t\t\t\t\t\t\t<\/div>\n\t\t\t\t\t<div class=\"wd-modified-date\">\n\t\t\t\t\t\t\t\t<time class=\"updated\" datetime=\"2023-05-25T17:17:16+02:00\">\n\t\t\t25.05.2023\t\t<\/time>\n\t\t\t\t\t\t\t<\/div>\n\n\t\t\t\t\t\t\t\t\t\t\t<div tabindex=\"0\" class=\"wd-post-share wd-tltp\">\n\t\t\t\t\t\t\t<div class=\"tooltip top\">\n\t\t\t\t\t\t\t\t<div class=\"tooltip-inner\">\n\t\t\t\t\t\t\t\t\t\t\t\t<div\n\t\t\t\t\t\tclass=\" wd-social-icons  wd-style-default wd-size-small social-share wd-shape-circle color-scheme-light text-center\">\n\t\t\t\t\n\t\t\t\t\n\t\t\t\t\t\t\t\t\t<a rel=\"noopener noreferrer nofollow\" href=\"https:\/\/www.facebook.com\/sharer\/sharer.php?u=https:\/\/wilkens-wohnstudio.de\/blog\/category\/saisonal\/weihnachten\/\" target=\"_blank\" class=\" wd-social-icon social-facebook\" aria-label=\"Facebook-Social-Link\">\n\t\t\t\t\t\t<span class=\"wd-icon\"><\/span>\n\t\t\t\t\t\t\t\t\t\t\t<\/a>\n\t\t\t\t\n\t\t\t\t\n\t\t\t\t\n\t\t\t\t\n\t\t\t\t\n\t\t\t\t\n\t\t\t\t\n\t\t\t\t\t\t\t\t\t<a rel=\"noopener noreferrer nofollow\" href=\"https:\/\/pinterest.com\/pin\/create\/button\/?url=https:\/\/wilkens-wohnstudio.de\/blog\/category\/saisonal\/weihnachten\/&media=https:\/\/wilkens-wohnstudio.de\/wp-content\/uploads\/2022\/08\/Holz-Deko.jpg&description=Nat%C3%BCrliche+Holz-Deko%3A+13+tolle+Holzdeko+Ideen+f%C3%BCr+Ihr+Zuhause\" target=\"_blank\" class=\" wd-social-icon social-pinterest\" aria-label=\"Pinterest-Social-Link\">\n\t\t\t\t\t\t<span class=\"wd-icon\"><\/span>\n\t\t\t\t\t\t\t\t\t\t\t<\/a>\n\t\t\t\t\n\t\t\t\t\n\t\t\t\t\n\t\t\t\t\n\t\t\t\t\n\t\t\t\t\n\t\t\t\t\n\t\t\t\t\n\t\t\t\t\n\t\t\t\t\n\t\t\t\t\n\t\t\t\t\t\t\t\t\t<a rel=\"noopener noreferrer nofollow\" href=\"https:\/\/api.whatsapp.com\/send?text=https%3A%2F%2Fwilkens-wohnstudio.de%2Fblog%2Fcategory%2Fsaisonal%2Fweihnachten%2F\" target=\"_blank\" class=\"wd-hide-md  wd-social-icon social-whatsapp\" aria-label=\"WhatsApp-Social-Link\">\n\t\t\t\t\t\t<span class=\"wd-icon\"><\/span>\n\t\t\t\t\t\t\t\t\t\t\t<\/a>\n\n\t\t\t\t\t<a rel=\"noopener noreferrer nofollow\" href=\"whatsapp:\/\/send?text=https%3A%2F%2Fwilkens-wohnstudio.de%2Fblog%2Fcategory%2Fsaisonal%2Fweihnachten%2F\" target=\"_blank\" class=\"wd-hide-lg  wd-social-icon social-whatsapp\" aria-label=\"WhatsApp-Social-Link\">\n\t\t\t\t\t\t<span class=\"wd-icon\"><\/span>\n\t\t\t\t\t\t\t\t\t\t\t<\/a>\n\t\t\t\t\n\t\t\t\t\n\t\t\t\t\n\t\t\t\t\n\t\t\t\t\n\t\t\t\t\n\t\t\t\t\n\t\t\t\t\n\t\t\t<\/div>\n\n\t\t\t\t\t\t\t\t\t\t<\/div>\n\t\t\t\t\t\t\t\t<div class=\"tooltip-arrow\"><\/div>\n\t\t\t\t\t\t\t<\/div>\n\t\t\t\t\t\t<\/div>\n\t\t\t\t\t\n\t\t\t\t\t\t\t\t\t<\/div>\n\t\t\t\n\t\t\t\t\t\t\t\t\t\t\t\t<div class=\"wd-post-excerpt entry-content\">\n\t\t\t\t\t\tHolz \u2013 ein Werkstoff mit Geschichte\r\nHolzdeko ist ein Klassiker in der Deko-Welt. Schon seit Jahrtausenden stellen die Mensch...\t\t\t\t\t<\/div>\n\t\t\t\t\n\t\t\t\t\t\t\t\t\t\t\t\t\t\t<div class=\"wd-post-read-more wd-style-link read-more-section\">\n\t\t\t\t\t\t<a class=\"\" href=\"https:\/\/wilkens-wohnstudio.de\/blog\/deko-stile\/skandinavisch\/holzdeko-ideen\/\">weiter lesen<\/a>\t\t\t\t\t<\/div>\n\t\t\t\t\t\t\t\t\t\t\t\t\t<\/div>\n\t<\/div>\n<\/article>\n\n\t\t\t\t\t\t\t\t\t\t\t\n<article id=\"post-21236\" class=\"wd-post blog-design-masonry blog-post-loop blog-style-bg wd-add-shadow wd-col post-21236 post type-post status-publish format-standard has-post-thumbnail hentry category-dekoideen category-weihnachten category-winter tag-hirsch tag-rentier tag-winter\">\n\t<div class=\"wd-post-inner article-inner\">\n\t\t\t\t\t<div class=\"wd-post-thumb entry-header\">\n\t\t\t\t\t\t\t\t\t<div class=\"wd-post-img post-img-wrapp\">\n\t\t\t\t\t\t<img width=\"1024\" height=\"768\" src=\"https:\/\/wilkens-wohnstudio.de\/wp-content\/uploads\/2021\/10\/hirsche-1024x768.jpg\" class=\"attachment-large size-large\" alt=\"Hirsche_Huettenzauber\" decoding=\"async\" srcset=\"https:\/\/wilkens-wohnstudio.de\/wp-content\/uploads\/2021\/10\/hirsche-1024x768.jpg 1024w, https:\/\/wilkens-wohnstudio.de\/wp-content\/uploads\/2021\/10\/hirsche-175x131.jpg 175w, https:\/\/wilkens-wohnstudio.de\/wp-content\/uploads\/2021\/10\/hirsche-1000x750.jpg 1000w, https:\/\/wilkens-wohnstudio.de\/wp-content\/uploads\/2021\/10\/hirsche-350x263.jpg 350w, https:\/\/wilkens-wohnstudio.de\/wp-content\/uploads\/2021\/10\/hirsche-768x576.jpg 768w, https:\/\/wilkens-wohnstudio.de\/wp-content\/uploads\/2021\/10\/hirsche-1536x1152.jpg 1536w, https:\/\/wilkens-wohnstudio.de\/wp-content\/uploads\/2021\/10\/hirsche.jpg 1440w\" sizes=\"(max-width: 1024px) 100vw, 1024px\" \/>\t\t\t\t\t<\/div>\n\t\t\t\t\t\t\t\t\t\t<a class=\"wd-fill\" tabindex=\"-1\" href=\"https:\/\/wilkens-wohnstudio.de\/blog\/dekoideen\/huettenzauber-deko\/\" aria-label=\"Link zum Beitrag Winterliche H\u00fcttenzauber Deko: Tolle Deko mit Hirsch und Holz\"><\/a>\n\t\t\t\t\n\t\t\t\t\t\t\t\t\t\t\t\t<div class=\"wd-post-date wd-style-with-bg\">\n\t\t\t\t<span class=\"post-date-day\">\n\t\t\t\t\t26\t\t\t\t<\/span>\n\t\t\t\t<span class=\"post-date-month\">\n\t\t\t\t\tOkt.\t\t\t\t<\/span>\n\t\t\t<\/div>\n\t\t\t\t\t\t\t\t\t<\/div>\n\t\t\n\t\t<div class=\"wd-post-content article-body-container\">\n\t\t\t\t\t\t\t<div class=\"wd-post-cat wd-style-with-bg meta-post-categories\">\n\t\t\t\t\t<a href=\"https:\/\/wilkens-wohnstudio.de\/blog\/category\/dekoideen\/\" rel=\"category tag\">Dekoideen<\/a>, <a href=\"https:\/\/wilkens-wohnstudio.de\/blog\/category\/saisonal\/weihnachten\/\" rel=\"category tag\">Weihnachten<\/a>, <a href=\"https:\/\/wilkens-wohnstudio.de\/blog\/category\/saisonal\/winter\/\" rel=\"category tag\">Winter<\/a>\t\t\t\t<\/div>\n\t\t\t\n\t\t\t\t\t\t\t<h3 class=\"wd-post-title wd-entities-title title post-title\">\n\t\t\t\t\t<a href=\"https:\/\/wilkens-wohnstudio.de\/blog\/dekoideen\/huettenzauber-deko\/\" rel=\"bookmark\">Winterliche H\u00fcttenzauber Deko: Tolle Deko mit Hirsch und Holz<\/a>\n\t\t\t\t<\/h3>\n\t\t\t\n\t\t\t\t\t\t\t<div class=\"wd-post-meta\">\n\t\t\t\t\t\t\t\t\t\t\t\t\t\t\t<div class=\"wd-post-author\">\n\t\t\t\t\t\t\t\t\t\t\t<span>Geschrieben von<\/span>\n\t\t\n\t\t\t\t\t\t\t\n\t\t\t\t\t<a href=\"https:\/\/wilkens-wohnstudio.de\/blog\/author\/n-tangermann\/\" class=\"author\" rel=\"author\">Wilkens Wohnstudio<\/a>\n\t\t\t\t\t\t\t\t\t<\/div>\n\t\t\t\t\t<div class=\"wd-modified-date\">\n\t\t\t\t\t\t\t\t<time class=\"updated\" datetime=\"2024-07-17T10:49:56+02:00\">\n\t\t\t17.07.2024\t\t<\/time>\n\t\t\t\t\t\t\t<\/div>\n\n\t\t\t\t\t\t\t\t\t\t\t<div tabindex=\"0\" class=\"wd-post-share wd-tltp\">\n\t\t\t\t\t\t\t<div class=\"tooltip top\">\n\t\t\t\t\t\t\t\t<div class=\"tooltip-inner\">\n\t\t\t\t\t\t\t\t\t\t\t\t<div\n\t\t\t\t\t\tclass=\" wd-social-icons  wd-style-default wd-size-small social-share wd-shape-circle color-scheme-light text-center\">\n\t\t\t\t\n\t\t\t\t\n\t\t\t\t\t\t\t\t\t<a rel=\"noopener noreferrer nofollow\" href=\"https:\/\/www.facebook.com\/sharer\/sharer.php?u=https:\/\/wilkens-wohnstudio.de\/blog\/category\/saisonal\/weihnachten\/\" target=\"_blank\" class=\" wd-social-icon social-facebook\" aria-label=\"Facebook-Social-Link\">\n\t\t\t\t\t\t<span class=\"wd-icon\"><\/span>\n\t\t\t\t\t\t\t\t\t\t\t<\/a>\n\t\t\t\t\n\t\t\t\t\n\t\t\t\t\n\t\t\t\t\n\t\t\t\t\n\t\t\t\t\n\t\t\t\t\n\t\t\t\t\t\t\t\t\t<a rel=\"noopener noreferrer nofollow\" href=\"https:\/\/pinterest.com\/pin\/create\/button\/?url=https:\/\/wilkens-wohnstudio.de\/blog\/category\/saisonal\/weihnachten\/&media=https:\/\/wilkens-wohnstudio.de\/wp-content\/uploads\/2021\/10\/hirsche.jpg&description=Winterliche+H%C3%BCttenzauber+Deko%3A+Tolle+Deko+mit+Hirsch+und+Holz\" target=\"_blank\" class=\" wd-social-icon social-pinterest\" aria-label=\"Pinterest-Social-Link\">\n\t\t\t\t\t\t<span class=\"wd-icon\"><\/span>\n\t\t\t\t\t\t\t\t\t\t\t<\/a>\n\t\t\t\t\n\t\t\t\t\n\t\t\t\t\n\t\t\t\t\n\t\t\t\t\n\t\t\t\t\n\t\t\t\t\n\t\t\t\t\n\t\t\t\t\n\t\t\t\t\n\t\t\t\t\n\t\t\t\t\t\t\t\t\t<a rel=\"noopener noreferrer nofollow\" href=\"https:\/\/api.whatsapp.com\/send?text=https%3A%2F%2Fwilkens-wohnstudio.de%2Fblog%2Fcategory%2Fsaisonal%2Fweihnachten%2F\" target=\"_blank\" class=\"wd-hide-md  wd-social-icon social-whatsapp\" aria-label=\"WhatsApp-Social-Link\">\n\t\t\t\t\t\t<span class=\"wd-icon\"><\/span>\n\t\t\t\t\t\t\t\t\t\t\t<\/a>\n\n\t\t\t\t\t<a rel=\"noopener noreferrer nofollow\" href=\"whatsapp:\/\/send?text=https%3A%2F%2Fwilkens-wohnstudio.de%2Fblog%2Fcategory%2Fsaisonal%2Fweihnachten%2F\" target=\"_blank\" class=\"wd-hide-lg  wd-social-icon social-whatsapp\" aria-label=\"WhatsApp-Social-Link\">\n\t\t\t\t\t\t<span class=\"wd-icon\"><\/span>\n\t\t\t\t\t\t\t\t\t\t\t<\/a>\n\t\t\t\t\n\t\t\t\t\n\t\t\t\t\n\t\t\t\t\n\t\t\t\t\n\t\t\t\t\n\t\t\t\t\n\t\t\t\t\n\t\t\t<\/div>\n\n\t\t\t\t\t\t\t\t\t\t<\/div>\n\t\t\t\t\t\t\t\t<div class=\"tooltip-arrow\"><\/div>\n\t\t\t\t\t\t\t<\/div>\n\t\t\t\t\t\t<\/div>\n\t\t\t\t\t\n\t\t\t\t\t\t\t\t\t\t\t\t\t\t<link rel=\"stylesheet\" id=\"wd-blog-mod-comments-button-css\" href=\"https:\/\/wilkens-wohnstudio.de\/wp-content\/themes\/woodmart\/css\/parts\/blog-mod-comments-button.min.css?ver=8.3.9\" type=\"text\/css\" media=\"all\" \/> \t\t\t\t\t\t\t\t\t<div class=\"wd-post-reply wd-style-1\">\n\t\t\t\t\t\t\t<a href=\"https:\/\/wilkens-wohnstudio.de\/blog\/dekoideen\/huettenzauber-deko\/#respond\"><span class=\"wd-replies-count\">0<\/span><\/a>\t\t\t\t\t\t<\/div>\n\t\t\t\t\t\t\t\t\t<\/div>\n\t\t\t\n\t\t\t\t\t\t\t\t\t\t\t\t<div class=\"wd-post-excerpt entry-content\">\n\t\t\t\t\t\tUrgem\u00fctlich: H\u00fcttenzauber Deko und Hirsch Deko\r\nDer Winter kommt! Drau\u00dfen malt der Frost Eisblumen an die Fenster, der Schnee...\t\t\t\t\t<\/div>\n\t\t\t\t\n\t\t\t\t\t\t\t\t\t\t\t\t\t\t<div class=\"wd-post-read-more wd-style-link read-more-section\">\n\t\t\t\t\t\t<a class=\"\" href=\"https:\/\/wilkens-wohnstudio.de\/blog\/dekoideen\/huettenzauber-deko\/\">weiter lesen<\/a>\t\t\t\t\t<\/div>\n\t\t\t\t\t\t\t\t\t\t\t\t\t<\/div>\n\t<\/div>\n<\/article>\n\n\t\t\t\t\t\t\t\t\t\t\t\n<article id=\"post-6354\" class=\"wd-post blog-design-masonry blog-post-loop blog-style-bg wd-add-shadow wd-col post-6354 post type-post status-publish format-standard has-post-thumbnail hentry category-weihnachten category-dekoideen category-saisonal category-winter category-wohnideen tag-dekoration tag-weihnachten tag-winter\">\n\t<div class=\"wd-post-inner article-inner\">\n\t\t\t\t\t<div class=\"wd-post-thumb entry-header\">\n\t\t\t\t\t\t\t\t\t<div class=\"wd-post-img post-img-wrapp\">\n\t\t\t\t\t\t<img width=\"1024\" height=\"768\" src=\"https:\/\/wilkens-wohnstudio.de\/wp-content\/uploads\/2021\/06\/Winterdeko_Ideen-1024x768.jpg\" class=\"attachment-large size-large\" alt=\"Weihnachtsdeko\" decoding=\"async\" srcset=\"https:\/\/wilkens-wohnstudio.de\/wp-content\/uploads\/2021\/06\/Winterdeko_Ideen-1024x768.jpg 1024w, https:\/\/wilkens-wohnstudio.de\/wp-content\/uploads\/2021\/06\/Winterdeko_Ideen-175x131.jpg 175w, https:\/\/wilkens-wohnstudio.de\/wp-content\/uploads\/2021\/06\/Winterdeko_Ideen-1000x750.jpg 1000w, https:\/\/wilkens-wohnstudio.de\/wp-content\/uploads\/2021\/06\/Winterdeko_Ideen-300x225.jpg 300w, https:\/\/wilkens-wohnstudio.de\/wp-content\/uploads\/2021\/06\/Winterdeko_Ideen-768x576.jpg 768w, https:\/\/wilkens-wohnstudio.de\/wp-content\/uploads\/2021\/06\/Winterdeko_Ideen-1536x1152.jpg 1536w, https:\/\/wilkens-wohnstudio.de\/wp-content\/uploads\/2021\/06\/Winterdeko_Ideen-2048x1536.jpg 2048w, https:\/\/wilkens-wohnstudio.de\/wp-content\/uploads\/2021\/06\/Winterdeko_Ideen.jpg 1440w\" sizes=\"(max-width: 1024px) 100vw, 1024px\" \/>\t\t\t\t\t<\/div>\n\t\t\t\t\t\t\t\t\t\t<a class=\"wd-fill\" tabindex=\"-1\" href=\"https:\/\/wilkens-wohnstudio.de\/blog\/saisonal\/weihnachten\/weihnachtsdeko\/\" aria-label=\"Link zum Beitrag Die sch\u00f6nste Weihnachtsdeko im \u00dcberblick\"><\/a>\n\t\t\t\t\n\t\t\t\t\t\t\t\t\t\t\t\t<div class=\"wd-post-date wd-style-with-bg\">\n\t\t\t\t<span class=\"post-date-day\">\n\t\t\t\t\t17\t\t\t\t<\/span>\n\t\t\t\t<span class=\"post-date-month\">\n\t\t\t\t\tJuni\t\t\t\t<\/span>\n\t\t\t<\/div>\n\t\t\t\t\t\t\t\t\t<\/div>\n\t\t\n\t\t<div class=\"wd-post-content article-body-container\">\n\t\t\t\t\t\t\t<div class=\"wd-post-cat wd-style-with-bg meta-post-categories\">\n\t\t\t\t\t<a href=\"https:\/\/wilkens-wohnstudio.de\/blog\/category\/saisonal\/weihnachten\/\" rel=\"category tag\">Weihnachten<\/a>, <a href=\"https:\/\/wilkens-wohnstudio.de\/blog\/category\/dekoideen\/\" rel=\"category tag\">Dekoideen<\/a>, <a href=\"https:\/\/wilkens-wohnstudio.de\/blog\/category\/saisonal\/\" rel=\"category tag\">Saisonal<\/a>, <a href=\"https:\/\/wilkens-wohnstudio.de\/blog\/category\/saisonal\/winter\/\" rel=\"category tag\">Winter<\/a>, <a href=\"https:\/\/wilkens-wohnstudio.de\/blog\/category\/wohnideen\/\" rel=\"category tag\">Wohnideen<\/a>\t\t\t\t<\/div>\n\t\t\t\n\t\t\t\t\t\t\t<h3 class=\"wd-post-title wd-entities-title title post-title\">\n\t\t\t\t\t<a href=\"https:\/\/wilkens-wohnstudio.de\/blog\/saisonal\/weihnachten\/weihnachtsdeko\/\" rel=\"bookmark\">Die sch\u00f6nste Weihnachtsdeko im \u00dcberblick<\/a>\n\t\t\t\t<\/h3>\n\t\t\t\n\t\t\t\t\t\t\t<div class=\"wd-post-meta\">\n\t\t\t\t\t\t\t\t\t\t\t\t\t\t\t<div class=\"wd-post-author\">\n\t\t\t\t\t\t\t\t\t\t\t<span>Geschrieben von<\/span>\n\t\t\n\t\t\t\t\t\t\t\n\t\t\t\t\t<a href=\"https:\/\/wilkens-wohnstudio.de\/blog\/author\/wilkens_wohnstudio\/\" class=\"author\" rel=\"author\">Wilkens Wohnstudio<\/a>\n\t\t\t\t\t\t\t\t\t<\/div>\n\t\t\t\t\t<div class=\"wd-modified-date\">\n\t\t\t\t\t\t\t\t<time class=\"updated\" datetime=\"2023-01-05T17:07:10+01:00\">\n\t\t\t05.01.2023\t\t<\/time>\n\t\t\t\t\t\t\t<\/div>\n\n\t\t\t\t\t\t\t\t\t\t\t<div tabindex=\"0\" class=\"wd-post-share wd-tltp\">\n\t\t\t\t\t\t\t<div class=\"tooltip top\">\n\t\t\t\t\t\t\t\t<div class=\"tooltip-inner\">\n\t\t\t\t\t\t\t\t\t\t\t\t<div\n\t\t\t\t\t\tclass=\" wd-social-icons  wd-style-default wd-size-small social-share wd-shape-circle color-scheme-light text-center\">\n\t\t\t\t\n\t\t\t\t\n\t\t\t\t\t\t\t\t\t<a rel=\"noopener noreferrer nofollow\" href=\"https:\/\/www.facebook.com\/sharer\/sharer.php?u=https:\/\/wilkens-wohnstudio.de\/blog\/category\/saisonal\/weihnachten\/\" target=\"_blank\" class=\" wd-social-icon social-facebook\" aria-label=\"Facebook-Social-Link\">\n\t\t\t\t\t\t<span class=\"wd-icon\"><\/span>\n\t\t\t\t\t\t\t\t\t\t\t<\/a>\n\t\t\t\t\n\t\t\t\t\n\t\t\t\t\n\t\t\t\t\n\t\t\t\t\n\t\t\t\t\n\t\t\t\t\n\t\t\t\t\t\t\t\t\t<a rel=\"noopener noreferrer nofollow\" href=\"https:\/\/pinterest.com\/pin\/create\/button\/?url=https:\/\/wilkens-wohnstudio.de\/blog\/category\/saisonal\/weihnachten\/&media=https:\/\/wilkens-wohnstudio.de\/wp-content\/uploads\/2021\/06\/Winterdeko_Ideen.jpg&description=Die+sch%C3%B6nste+Weihnachtsdeko+im+%C3%9Cberblick\" target=\"_blank\" class=\" wd-social-icon social-pinterest\" aria-label=\"Pinterest-Social-Link\">\n\t\t\t\t\t\t<span class=\"wd-icon\"><\/span>\n\t\t\t\t\t\t\t\t\t\t\t<\/a>\n\t\t\t\t\n\t\t\t\t\n\t\t\t\t\n\t\t\t\t\n\t\t\t\t\n\t\t\t\t\n\t\t\t\t\n\t\t\t\t\n\t\t\t\t\n\t\t\t\t\n\t\t\t\t\n\t\t\t\t\t\t\t\t\t<a rel=\"noopener noreferrer nofollow\" href=\"https:\/\/api.whatsapp.com\/send?text=https%3A%2F%2Fwilkens-wohnstudio.de%2Fblog%2Fcategory%2Fsaisonal%2Fweihnachten%2F\" target=\"_blank\" class=\"wd-hide-md  wd-social-icon social-whatsapp\" aria-label=\"WhatsApp-Social-Link\">\n\t\t\t\t\t\t<span class=\"wd-icon\"><\/span>\n\t\t\t\t\t\t\t\t\t\t\t<\/a>\n\n\t\t\t\t\t<a rel=\"noopener noreferrer nofollow\" href=\"whatsapp:\/\/send?text=https%3A%2F%2Fwilkens-wohnstudio.de%2Fblog%2Fcategory%2Fsaisonal%2Fweihnachten%2F\" target=\"_blank\" class=\"wd-hide-lg  wd-social-icon social-whatsapp\" aria-label=\"WhatsApp-Social-Link\">\n\t\t\t\t\t\t<span class=\"wd-icon\"><\/span>\n\t\t\t\t\t\t\t\t\t\t\t<\/a>\n\t\t\t\t\n\t\t\t\t\n\t\t\t\t\n\t\t\t\t\n\t\t\t\t\n\t\t\t\t\n\t\t\t\t\n\t\t\t\t\n\t\t\t<\/div>\n\n\t\t\t\t\t\t\t\t\t\t<\/div>\n\t\t\t\t\t\t\t\t<div class=\"tooltip-arrow\"><\/div>\n\t\t\t\t\t\t\t<\/div>\n\t\t\t\t\t\t<\/div>\n\t\t\t\t\t\n\t\t\t\t\t\t\t\t\t<\/div>\n\t\t\t\n\t\t\t\t\t\t\t\t\t\t\t\t<div class=\"wd-post-excerpt entry-content\">\n\t\t\t\t\t\tDie sch\u00f6nsten Weihnachtsdekos im \u00dcberblick\r\nF\u00fcr viele geh\u00f6rt sie zur sch\u00f6nsten Zeit im Jahr: Weihnachten. Doch damit die wint...\t\t\t\t\t<\/div>\n\t\t\t\t\n\t\t\t\t\t\t\t\t\t\t\t\t\t\t<div class=\"wd-post-read-more wd-style-link read-more-section\">\n\t\t\t\t\t\t<a class=\"\" href=\"https:\/\/wilkens-wohnstudio.de\/blog\/saisonal\/weihnachten\/weihnachtsdeko\/\">weiter lesen<\/a>\t\t\t\t\t<\/div>\n\t\t\t\t\t\t\t\t\t\t\t\t\t<\/div>\n\t<\/div>\n<\/article>\n\n\t\t\t\t\t\n\t\t\t\t\t","status":"no-more-posts","nextPage":"?woo_ajax=1","currentPage":"https:\/\/wilkens-wohnstudio.de\/blog\/category\/saisonal\/weihnachten\/page\/3"}