
			
				

					
				

			
		{"items":"\n\t\t\t\t\t\t\t\t\t\t\t\t\t\t<link rel=\"stylesheet\" id=\"wd-post-types-mod-categories-style-bg-css\" href=\"https:\/\/wilkens-wohnstudio.de\/wp-content\/themes\/woodmart\/css\/parts\/post-types-mod-categories-style-bg.min.css?ver=8.3.9\" type=\"text\/css\" media=\"all\" \/> \t\t\t\n<article id=\"post-51451\" class=\"wd-post blog-design-masonry blog-post-loop blog-style-bg wd-add-shadow wd-col post-51451 post type-post status-publish format-standard has-post-thumbnail hentry category-dekoideen category-garten category-herbst category-saisonal category-trockenblumen tag-gartendeko tag-hauseingang tag-herbstdeko tag-outdoordeko\">\n\t<div class=\"wd-post-inner article-inner\">\n\t\t\t\t\t<div class=\"wd-post-thumb entry-header\">\n\t\t\t\t\t\t\t\t\t<div class=\"wd-post-img post-img-wrapp\">\n\t\t\t\t\t\t<img width=\"1024\" height=\"768\" src=\"https:\/\/wilkens-wohnstudio.de\/wp-content\/uploads\/2023\/06\/herbstdeko-fuer-draussen-1024x768.jpg\" class=\"attachment-large size-large\" alt=\"herbstdeko f\u00fcr drau\u00dfen\" decoding=\"async\" fetchpriority=\"high\" srcset=\"https:\/\/wilkens-wohnstudio.de\/wp-content\/uploads\/2023\/06\/herbstdeko-fuer-draussen-1024x768.jpg 1024w, https:\/\/wilkens-wohnstudio.de\/wp-content\/uploads\/2023\/06\/herbstdeko-fuer-draussen-175x131.jpg 175w, https:\/\/wilkens-wohnstudio.de\/wp-content\/uploads\/2023\/06\/herbstdeko-fuer-draussen-1000x750.jpg 1000w, https:\/\/wilkens-wohnstudio.de\/wp-content\/uploads\/2023\/06\/herbstdeko-fuer-draussen-350x263.jpg 350w, https:\/\/wilkens-wohnstudio.de\/wp-content\/uploads\/2023\/06\/herbstdeko-fuer-draussen-768x576.jpg 768w, https:\/\/wilkens-wohnstudio.de\/wp-content\/uploads\/2023\/06\/herbstdeko-fuer-draussen-60x45.jpg 60w, https:\/\/wilkens-wohnstudio.de\/wp-content\/uploads\/2023\/06\/herbstdeko-fuer-draussen-110x83.jpg 110w, https:\/\/wilkens-wohnstudio.de\/wp-content\/uploads\/2023\/06\/herbstdeko-fuer-draussen.jpg 1440w\" sizes=\"(max-width: 1024px) 100vw, 1024px\" \/>\t\t\t\t\t<\/div>\n\t\t\t\t\t\t\t\t\t\t<a class=\"wd-fill\" tabindex=\"-1\" href=\"https:\/\/wilkens-wohnstudio.de\/blog\/dekoideen\/herbstdeko-fuer-draussen\/\" aria-label=\"Link zum Beitrag Herbstdeko f\u00fcr Drau\u00dfen: 11 tolle Herbstdeko Ideen f\u00fcr den Eingang und den Garten\"><\/a>\n\t\t\t\t\n\t\t\t\t\t\t\t\t\t\t\t\t<link rel=\"stylesheet\" id=\"wd-post-types-mod-date-style-bg-css\" href=\"https:\/\/wilkens-wohnstudio.de\/wp-content\/themes\/woodmart\/css\/parts\/post-types-mod-date-style-bg.min.css?ver=8.3.9\" type=\"text\/css\" media=\"all\" \/> \t\t\t\t\t\t<div class=\"wd-post-date wd-style-with-bg\">\n\t\t\t\t<span class=\"post-date-day\">\n\t\t\t\t\t29\t\t\t\t<\/span>\n\t\t\t\t<span class=\"post-date-month\">\n\t\t\t\t\tJuni\t\t\t\t<\/span>\n\t\t\t<\/div>\n\t\t\t\t\t\t\t\t\t<\/div>\n\t\t\n\t\t<div class=\"wd-post-content article-body-container\">\n\t\t\t\t\t\t\t<div class=\"wd-post-cat wd-style-with-bg meta-post-categories\">\n\t\t\t\t\t<a href=\"https:\/\/wilkens-wohnstudio.de\/blog\/category\/dekoideen\/\" rel=\"category tag\">Dekoideen<\/a>, <a href=\"https:\/\/wilkens-wohnstudio.de\/blog\/category\/wohnideen\/garten\/\" rel=\"category tag\">Garten<\/a>, <a href=\"https:\/\/wilkens-wohnstudio.de\/blog\/category\/saisonal\/herbst\/\" rel=\"category tag\">Herbst<\/a>, <a href=\"https:\/\/wilkens-wohnstudio.de\/blog\/category\/saisonal\/\" rel=\"category tag\">Saisonal<\/a>, <a href=\"https:\/\/wilkens-wohnstudio.de\/blog\/category\/trockenblumen\/\" rel=\"category tag\">Trockenblumen<\/a>\t\t\t\t<\/div>\n\t\t\t\n\t\t\t\t\t\t\t<h3 class=\"wd-post-title wd-entities-title title post-title\">\n\t\t\t\t\t<a href=\"https:\/\/wilkens-wohnstudio.de\/blog\/dekoideen\/herbstdeko-fuer-draussen\/\" rel=\"bookmark\">Herbstdeko f\u00fcr Drau\u00dfen: 11 tolle Herbstdeko Ideen f\u00fcr den Eingang und den Garten<\/a>\n\t\t\t\t<\/h3>\n\t\t\t\n\t\t\t\t\t\t\t<div class=\"wd-post-meta\">\n\t\t\t\t\t\t\t\t\t\t\t\t\t<link rel=\"stylesheet\" id=\"wd-blog-mod-author-css\" href=\"https:\/\/wilkens-wohnstudio.de\/wp-content\/themes\/woodmart\/css\/parts\/blog-mod-author.min.css?ver=8.3.9\" type=\"text\/css\" media=\"all\" \/> \t\t\t\t\t\t\t\t<div class=\"wd-post-author\">\n\t\t\t\t\t\t\t\t\t\t\t<span>Geschrieben von<\/span>\n\t\t\n\t\t\t\t\t\t\t\n\t\t\t\t\t<a href=\"https:\/\/wilkens-wohnstudio.de\/blog\/author\/n-tangermann\/\" class=\"author\" rel=\"author\">Wilkens Wohnstudio<\/a>\n\t\t\t\t\t\t\t\t\t<\/div>\n\t\t\t\t\t<div class=\"wd-modified-date\">\n\t\t\t\t\t\t\t\t<time class=\"updated\" datetime=\"2023-06-29T13:21:18+02:00\">\n\t\t\t29.06.2023\t\t<\/time>\n\t\t\t\t\t\t\t<\/div>\n\n\t\t\t\t\t\t\t\t\t\t\t<div tabindex=\"0\" class=\"wd-post-share wd-tltp\">\n\t\t\t\t\t\t\t<div class=\"tooltip top\">\n\t\t\t\t\t\t\t\t<div class=\"tooltip-inner\">\n\t\t\t\t\t\t\t\t\t\t\t\t<link rel=\"stylesheet\" id=\"wd-social-icons-css\" href=\"https:\/\/wilkens-wohnstudio.de\/wp-content\/themes\/woodmart\/css\/parts\/el-social-icons.min.css?ver=8.3.9\" type=\"text\/css\" media=\"all\" \/> \t\t\t\t\t\t<div\n\t\t\t\t\t\tclass=\" wd-social-icons  wd-style-default wd-size-small social-share wd-shape-circle color-scheme-light text-center\">\n\t\t\t\t\n\t\t\t\t\n\t\t\t\t\t\t\t\t\t<a rel=\"noopener noreferrer nofollow\" href=\"https:\/\/www.facebook.com\/sharer\/sharer.php?u=https:\/\/wilkens-wohnstudio.de\/blog\/category\/saisonal\/herbst\/\" target=\"_blank\" class=\" wd-social-icon social-facebook\" aria-label=\"Facebook-Social-Link\">\n\t\t\t\t\t\t<span class=\"wd-icon\"><\/span>\n\t\t\t\t\t\t\t\t\t\t\t<\/a>\n\t\t\t\t\n\t\t\t\t\n\t\t\t\t\n\t\t\t\t\n\t\t\t\t\n\t\t\t\t\n\t\t\t\t\n\t\t\t\t\t\t\t\t\t<a rel=\"noopener noreferrer nofollow\" href=\"https:\/\/pinterest.com\/pin\/create\/button\/?url=https:\/\/wilkens-wohnstudio.de\/blog\/category\/saisonal\/herbst\/&media=https:\/\/wilkens-wohnstudio.de\/wp-content\/uploads\/2023\/06\/herbstdeko-fuer-draussen.jpg&description=Herbstdeko+f%C3%BCr+Drau%C3%9Fen%3A+11+tolle+Herbstdeko+Ideen+f%C3%BCr+den+Eingang+und+den+Garten\" target=\"_blank\" class=\" wd-social-icon social-pinterest\" aria-label=\"Pinterest-Social-Link\">\n\t\t\t\t\t\t<span class=\"wd-icon\"><\/span>\n\t\t\t\t\t\t\t\t\t\t\t<\/a>\n\t\t\t\t\n\t\t\t\t\n\t\t\t\t\n\t\t\t\t\n\t\t\t\t\n\t\t\t\t\n\t\t\t\t\n\t\t\t\t\n\t\t\t\t\n\t\t\t\t\n\t\t\t\t\n\t\t\t\t\t\t\t\t\t<a rel=\"noopener noreferrer nofollow\" href=\"https:\/\/api.whatsapp.com\/send?text=https%3A%2F%2Fwilkens-wohnstudio.de%2Fblog%2Fcategory%2Fsaisonal%2Fherbst%2F\" target=\"_blank\" class=\"wd-hide-md  wd-social-icon social-whatsapp\" aria-label=\"WhatsApp-Social-Link\">\n\t\t\t\t\t\t<span class=\"wd-icon\"><\/span>\n\t\t\t\t\t\t\t\t\t\t\t<\/a>\n\n\t\t\t\t\t<a rel=\"noopener noreferrer nofollow\" href=\"whatsapp:\/\/send?text=https%3A%2F%2Fwilkens-wohnstudio.de%2Fblog%2Fcategory%2Fsaisonal%2Fherbst%2F\" target=\"_blank\" class=\"wd-hide-lg  wd-social-icon social-whatsapp\" aria-label=\"WhatsApp-Social-Link\">\n\t\t\t\t\t\t<span class=\"wd-icon\"><\/span>\n\t\t\t\t\t\t\t\t\t\t\t<\/a>\n\t\t\t\t\n\t\t\t\t\n\t\t\t\t\n\t\t\t\t\n\t\t\t\t\n\t\t\t\t\n\t\t\t\t\n\t\t\t\t\n\t\t\t<\/div>\n\n\t\t\t\t\t\t\t\t\t\t<\/div>\n\t\t\t\t\t\t\t\t<div class=\"tooltip-arrow\"><\/div>\n\t\t\t\t\t\t\t<\/div>\n\t\t\t\t\t\t<\/div>\n\t\t\t\t\t\n\t\t\t\t\t\t\t\t\t<\/div>\n\t\t\t\n\t\t\t\t\t\t\t\t\t\t\t\t<div class=\"wd-post-excerpt entry-content\">\n\t\t\t\t\t\tHerbstdeko f\u00fcr Drau\u00dfen\r\nDie Bl\u00e4tter f\u00e4rben sich bunt, die K\u00fcrbisse und \u00c4pfel zeigen ihre kr\u00e4ftigen Farben: Der Herbst ist woh...\t\t\t\t\t<\/div>\n\t\t\t\t\n\t\t\t\t\t\t\t\t\t\t\t\t\t\t<div class=\"wd-post-read-more wd-style-link read-more-section\">\n\t\t\t\t\t\t<a class=\"\" href=\"https:\/\/wilkens-wohnstudio.de\/blog\/dekoideen\/herbstdeko-fuer-draussen\/\">weiter lesen<\/a>\t\t\t\t\t<\/div>\n\t\t\t\t\t\t\t\t\t\t\t\t\t<\/div>\n\t<\/div>\n<\/article>\n\n\t\t\t\t\t\t\t\t\t\t\t\n<article id=\"post-39119\" class=\"wd-post blog-design-masonry blog-post-loop blog-style-bg wd-add-shadow wd-col post-39119 post type-post status-publish format-standard has-post-thumbnail hentry category-dekoideen category-herbst category-saisonal category-winter tag-herbst-deko-winter-deko tag-niedliche-deko\">\n\t<div class=\"wd-post-inner article-inner\">\n\t\t\t\t\t<div class=\"wd-post-thumb entry-header\">\n\t\t\t\t\t\t\t\t\t<div class=\"wd-post-img post-img-wrapp\">\n\t\t\t\t\t\t<img width=\"1024\" height=\"768\" src=\"https:\/\/wilkens-wohnstudio.de\/wp-content\/uploads\/2022\/09\/niedliche-deko-deko-haus-1024x768.jpg\" class=\"attachment-large size-large\" alt=\"lichthaus-led-kerze\" decoding=\"async\" srcset=\"https:\/\/wilkens-wohnstudio.de\/wp-content\/uploads\/2022\/09\/niedliche-deko-deko-haus-1024x768.jpg 1024w, https:\/\/wilkens-wohnstudio.de\/wp-content\/uploads\/2022\/09\/niedliche-deko-deko-haus-175x131.jpg 175w, https:\/\/wilkens-wohnstudio.de\/wp-content\/uploads\/2022\/09\/niedliche-deko-deko-haus-1000x750.jpg 1000w, https:\/\/wilkens-wohnstudio.de\/wp-content\/uploads\/2022\/09\/niedliche-deko-deko-haus-350x263.jpg 350w, https:\/\/wilkens-wohnstudio.de\/wp-content\/uploads\/2022\/09\/niedliche-deko-deko-haus-768x576.jpg 768w, https:\/\/wilkens-wohnstudio.de\/wp-content\/uploads\/2022\/09\/niedliche-deko-deko-haus-1536x1152.jpg 1536w, https:\/\/wilkens-wohnstudio.de\/wp-content\/uploads\/2022\/09\/niedliche-deko-deko-haus-2048x1536.jpg 2048w, https:\/\/wilkens-wohnstudio.de\/wp-content\/uploads\/2022\/09\/niedliche-deko-deko-haus-scaled.jpg 1440w\" sizes=\"(max-width: 1024px) 100vw, 1024px\" \/>\t\t\t\t\t<\/div>\n\t\t\t\t\t\t\t\t\t\t<a class=\"wd-fill\" tabindex=\"-1\" href=\"https:\/\/wilkens-wohnstudio.de\/blog\/dekoideen\/niedliche-deko\/\" aria-label=\"Link zum Beitrag Kleine Deko H\u00e4user und mehr \u2013 10 Niedliche Deko-Ideen und tolle gute-Laune-Tipps f\u00fcr Herbst und Winter\"><\/a>\n\t\t\t\t\n\t\t\t\t\t\t\t\t\t\t\t\t<div class=\"wd-post-date wd-style-with-bg\">\n\t\t\t\t<span class=\"post-date-day\">\n\t\t\t\t\t18\t\t\t\t<\/span>\n\t\t\t\t<span class=\"post-date-month\">\n\t\t\t\t\tJan.\t\t\t\t<\/span>\n\t\t\t<\/div>\n\t\t\t\t\t\t\t\t\t<\/div>\n\t\t\n\t\t<div class=\"wd-post-content article-body-container\">\n\t\t\t\t\t\t\t<div class=\"wd-post-cat wd-style-with-bg meta-post-categories\">\n\t\t\t\t\t<a href=\"https:\/\/wilkens-wohnstudio.de\/blog\/category\/dekoideen\/\" rel=\"category tag\">Dekoideen<\/a>, <a href=\"https:\/\/wilkens-wohnstudio.de\/blog\/category\/saisonal\/herbst\/\" rel=\"category tag\">Herbst<\/a>, <a href=\"https:\/\/wilkens-wohnstudio.de\/blog\/category\/saisonal\/\" rel=\"category tag\">Saisonal<\/a>, <a href=\"https:\/\/wilkens-wohnstudio.de\/blog\/category\/saisonal\/winter\/\" rel=\"category tag\">Winter<\/a>\t\t\t\t<\/div>\n\t\t\t\n\t\t\t\t\t\t\t<h3 class=\"wd-post-title wd-entities-title title post-title\">\n\t\t\t\t\t<a href=\"https:\/\/wilkens-wohnstudio.de\/blog\/dekoideen\/niedliche-deko\/\" rel=\"bookmark\">Kleine Deko H\u00e4user und mehr \u2013 10 Niedliche Deko-Ideen und tolle gute-Laune-Tipps f\u00fcr Herbst und Winter<\/a>\n\t\t\t\t<\/h3>\n\t\t\t\n\t\t\t\t\t\t\t<div class=\"wd-post-meta\">\n\t\t\t\t\t\t\t\t\t\t\t\t\t\t\t<div class=\"wd-post-author\">\n\t\t\t\t\t\t\t\t\t\t\t<span>Geschrieben von<\/span>\n\t\t\n\t\t\t\t\t\t\t\n\t\t\t\t\t<a href=\"https:\/\/wilkens-wohnstudio.de\/blog\/author\/n-tangermann\/\" class=\"author\" rel=\"author\">Wilkens Wohnstudio<\/a>\n\t\t\t\t\t\t\t\t\t<\/div>\n\t\t\t\t\t<div class=\"wd-modified-date\">\n\t\t\t\t\t\t\t\t<time class=\"updated\" datetime=\"2023-05-25T17:16:05+02:00\">\n\t\t\t25.05.2023\t\t<\/time>\n\t\t\t\t\t\t\t<\/div>\n\n\t\t\t\t\t\t\t\t\t\t\t<div tabindex=\"0\" class=\"wd-post-share wd-tltp\">\n\t\t\t\t\t\t\t<div class=\"tooltip top\">\n\t\t\t\t\t\t\t\t<div class=\"tooltip-inner\">\n\t\t\t\t\t\t\t\t\t\t\t\t<div\n\t\t\t\t\t\tclass=\" wd-social-icons  wd-style-default wd-size-small social-share wd-shape-circle color-scheme-light text-center\">\n\t\t\t\t\n\t\t\t\t\n\t\t\t\t\t\t\t\t\t<a rel=\"noopener noreferrer nofollow\" href=\"https:\/\/www.facebook.com\/sharer\/sharer.php?u=https:\/\/wilkens-wohnstudio.de\/blog\/category\/saisonal\/herbst\/\" target=\"_blank\" class=\" wd-social-icon social-facebook\" aria-label=\"Facebook-Social-Link\">\n\t\t\t\t\t\t<span class=\"wd-icon\"><\/span>\n\t\t\t\t\t\t\t\t\t\t\t<\/a>\n\t\t\t\t\n\t\t\t\t\n\t\t\t\t\n\t\t\t\t\n\t\t\t\t\n\t\t\t\t\n\t\t\t\t\n\t\t\t\t\t\t\t\t\t<a rel=\"noopener noreferrer nofollow\" href=\"https:\/\/pinterest.com\/pin\/create\/button\/?url=https:\/\/wilkens-wohnstudio.de\/blog\/category\/saisonal\/herbst\/&media=https:\/\/wilkens-wohnstudio.de\/wp-content\/uploads\/2022\/09\/niedliche-deko-deko-haus-scaled.jpg&description=Kleine+Deko+H%C3%A4user+und+mehr+%E2%80%93+10+Niedliche+Deko-Ideen+und+tolle+gute-Laune-Tipps+f%C3%BCr+Herbst+und+Winter\" target=\"_blank\" class=\" wd-social-icon social-pinterest\" aria-label=\"Pinterest-Social-Link\">\n\t\t\t\t\t\t<span class=\"wd-icon\"><\/span>\n\t\t\t\t\t\t\t\t\t\t\t<\/a>\n\t\t\t\t\n\t\t\t\t\n\t\t\t\t\n\t\t\t\t\n\t\t\t\t\n\t\t\t\t\n\t\t\t\t\n\t\t\t\t\n\t\t\t\t\n\t\t\t\t\n\t\t\t\t\n\t\t\t\t\t\t\t\t\t<a rel=\"noopener noreferrer nofollow\" href=\"https:\/\/api.whatsapp.com\/send?text=https%3A%2F%2Fwilkens-wohnstudio.de%2Fblog%2Fcategory%2Fsaisonal%2Fherbst%2F\" target=\"_blank\" class=\"wd-hide-md  wd-social-icon social-whatsapp\" aria-label=\"WhatsApp-Social-Link\">\n\t\t\t\t\t\t<span class=\"wd-icon\"><\/span>\n\t\t\t\t\t\t\t\t\t\t\t<\/a>\n\n\t\t\t\t\t<a rel=\"noopener noreferrer nofollow\" href=\"whatsapp:\/\/send?text=https%3A%2F%2Fwilkens-wohnstudio.de%2Fblog%2Fcategory%2Fsaisonal%2Fherbst%2F\" target=\"_blank\" class=\"wd-hide-lg  wd-social-icon social-whatsapp\" aria-label=\"WhatsApp-Social-Link\">\n\t\t\t\t\t\t<span class=\"wd-icon\"><\/span>\n\t\t\t\t\t\t\t\t\t\t\t<\/a>\n\t\t\t\t\n\t\t\t\t\n\t\t\t\t\n\t\t\t\t\n\t\t\t\t\n\t\t\t\t\n\t\t\t\t\n\t\t\t\t\n\t\t\t<\/div>\n\n\t\t\t\t\t\t\t\t\t\t<\/div>\n\t\t\t\t\t\t\t\t<div class=\"tooltip-arrow\"><\/div>\n\t\t\t\t\t\t\t<\/div>\n\t\t\t\t\t\t<\/div>\n\t\t\t\t\t\n\t\t\t\t\t\t\t\t\t<\/div>\n\t\t\t\n\t\t\t\t\t\t\t\t\t\t\t\t<div class=\"wd-post-excerpt entry-content\">\n\t\t\t\t\t\tVerspielte, humorvolle und niedliche Deko\r\nDas Leben ist schon oft viel zu Ernst - Niedliche Deko wie kleine Deko H\u00e4user vers...\t\t\t\t\t<\/div>\n\t\t\t\t\n\t\t\t\t\t\t\t\t\t\t\t\t\t\t<div class=\"wd-post-read-more wd-style-link read-more-section\">\n\t\t\t\t\t\t<a class=\"\" href=\"https:\/\/wilkens-wohnstudio.de\/blog\/dekoideen\/niedliche-deko\/\">weiter lesen<\/a>\t\t\t\t\t<\/div>\n\t\t\t\t\t\t\t\t\t\t\t\t\t<\/div>\n\t<\/div>\n<\/article>\n\n\t\t\t\t\t\t\t\t\t\t\t\n<article id=\"post-39981\" class=\"wd-post blog-design-masonry blog-post-loop blog-style-bg wd-add-shadow wd-col post-39981 post type-post status-publish format-standard has-post-thumbnail hentry category-dekoideen category-herbst category-saisonal tag-herbst-deko tag-tisch-deko\">\n\t<div class=\"wd-post-inner article-inner\">\n\t\t\t\t\t<div class=\"wd-post-thumb entry-header\">\n\t\t\t\t\t\t\t\t\t<div class=\"wd-post-img post-img-wrapp\">\n\t\t\t\t\t\t<img width=\"1024\" height=\"768\" src=\"https:\/\/wilkens-wohnstudio.de\/wp-content\/uploads\/2022\/10\/tisch-deko-fuer-den-herbst-1024x768.jpg\" class=\"attachment-large size-large\" alt=\"Tisch-Deko f\u00fcr den Herbst\" decoding=\"async\" srcset=\"https:\/\/wilkens-wohnstudio.de\/wp-content\/uploads\/2022\/10\/tisch-deko-fuer-den-herbst-1024x768.jpg 1024w, https:\/\/wilkens-wohnstudio.de\/wp-content\/uploads\/2022\/10\/tisch-deko-fuer-den-herbst-175x131.jpg 175w, https:\/\/wilkens-wohnstudio.de\/wp-content\/uploads\/2022\/10\/tisch-deko-fuer-den-herbst-1000x750.jpg 1000w, https:\/\/wilkens-wohnstudio.de\/wp-content\/uploads\/2022\/10\/tisch-deko-fuer-den-herbst-350x263.jpg 350w, https:\/\/wilkens-wohnstudio.de\/wp-content\/uploads\/2022\/10\/tisch-deko-fuer-den-herbst-768x576.jpg 768w, https:\/\/wilkens-wohnstudio.de\/wp-content\/uploads\/2022\/10\/tisch-deko-fuer-den-herbst-1536x1152.jpg 1536w, https:\/\/wilkens-wohnstudio.de\/wp-content\/uploads\/2022\/10\/tisch-deko-fuer-den-herbst.jpg 1440w\" sizes=\"(max-width: 1024px) 100vw, 1024px\" \/>\t\t\t\t\t<\/div>\n\t\t\t\t\t\t\t\t\t\t<a class=\"wd-fill\" tabindex=\"-1\" href=\"https:\/\/wilkens-wohnstudio.de\/blog\/dekoideen\/tisch-deko-fuer-den-herbst\/\" aria-label=\"Link zum Beitrag Tisch-Deko f\u00fcr den Herbst \u2013 21 tolle Ideen f\u00fcr die herbstliche Esszimmer-Deko\"><\/a>\n\t\t\t\t\n\t\t\t\t\t\t\t\t\t\t\t\t<div class=\"wd-post-date wd-style-with-bg\">\n\t\t\t\t<span class=\"post-date-day\">\n\t\t\t\t\t13\t\t\t\t<\/span>\n\t\t\t\t<span class=\"post-date-month\">\n\t\t\t\t\tOkt.\t\t\t\t<\/span>\n\t\t\t<\/div>\n\t\t\t\t\t\t\t\t\t<\/div>\n\t\t\n\t\t<div class=\"wd-post-content article-body-container\">\n\t\t\t\t\t\t\t<div class=\"wd-post-cat wd-style-with-bg meta-post-categories\">\n\t\t\t\t\t<a href=\"https:\/\/wilkens-wohnstudio.de\/blog\/category\/dekoideen\/\" rel=\"category tag\">Dekoideen<\/a>, <a href=\"https:\/\/wilkens-wohnstudio.de\/blog\/category\/saisonal\/herbst\/\" rel=\"category tag\">Herbst<\/a>, <a href=\"https:\/\/wilkens-wohnstudio.de\/blog\/category\/saisonal\/\" rel=\"category tag\">Saisonal<\/a>\t\t\t\t<\/div>\n\t\t\t\n\t\t\t\t\t\t\t<h3 class=\"wd-post-title wd-entities-title title post-title\">\n\t\t\t\t\t<a href=\"https:\/\/wilkens-wohnstudio.de\/blog\/dekoideen\/tisch-deko-fuer-den-herbst\/\" rel=\"bookmark\">Tisch-Deko f\u00fcr den Herbst \u2013 21 tolle Ideen f\u00fcr die herbstliche Esszimmer-Deko<\/a>\n\t\t\t\t<\/h3>\n\t\t\t\n\t\t\t\t\t\t\t<div class=\"wd-post-meta\">\n\t\t\t\t\t\t\t\t\t\t\t\t\t\t\t<div class=\"wd-post-author\">\n\t\t\t\t\t\t\t\t\t\t\t<span>Geschrieben von<\/span>\n\t\t\n\t\t\t\t\t\t\t\n\t\t\t\t\t<a href=\"https:\/\/wilkens-wohnstudio.de\/blog\/author\/n-tangermann\/\" class=\"author\" rel=\"author\">Wilkens Wohnstudio<\/a>\n\t\t\t\t\t\t\t\t\t<\/div>\n\t\t\t\t\t<div class=\"wd-modified-date\">\n\t\t\t\t\t\t\t\t<time class=\"updated\" datetime=\"2023-01-05T17:00:40+01:00\">\n\t\t\t05.01.2023\t\t<\/time>\n\t\t\t\t\t\t\t<\/div>\n\n\t\t\t\t\t\t\t\t\t\t\t<div tabindex=\"0\" class=\"wd-post-share wd-tltp\">\n\t\t\t\t\t\t\t<div class=\"tooltip top\">\n\t\t\t\t\t\t\t\t<div class=\"tooltip-inner\">\n\t\t\t\t\t\t\t\t\t\t\t\t<div\n\t\t\t\t\t\tclass=\" wd-social-icons  wd-style-default wd-size-small social-share wd-shape-circle color-scheme-light text-center\">\n\t\t\t\t\n\t\t\t\t\n\t\t\t\t\t\t\t\t\t<a rel=\"noopener noreferrer nofollow\" href=\"https:\/\/www.facebook.com\/sharer\/sharer.php?u=https:\/\/wilkens-wohnstudio.de\/blog\/category\/saisonal\/herbst\/\" target=\"_blank\" class=\" wd-social-icon social-facebook\" aria-label=\"Facebook-Social-Link\">\n\t\t\t\t\t\t<span class=\"wd-icon\"><\/span>\n\t\t\t\t\t\t\t\t\t\t\t<\/a>\n\t\t\t\t\n\t\t\t\t\n\t\t\t\t\n\t\t\t\t\n\t\t\t\t\n\t\t\t\t\n\t\t\t\t\n\t\t\t\t\t\t\t\t\t<a rel=\"noopener noreferrer nofollow\" href=\"https:\/\/pinterest.com\/pin\/create\/button\/?url=https:\/\/wilkens-wohnstudio.de\/blog\/category\/saisonal\/herbst\/&media=https:\/\/wilkens-wohnstudio.de\/wp-content\/uploads\/2022\/10\/tisch-deko-fuer-den-herbst.jpg&description=Tisch-Deko+f%C3%BCr+den+Herbst+%E2%80%93+21+tolle+Ideen+f%C3%BCr+die+herbstliche+Esszimmer-Deko\" target=\"_blank\" class=\" wd-social-icon social-pinterest\" aria-label=\"Pinterest-Social-Link\">\n\t\t\t\t\t\t<span class=\"wd-icon\"><\/span>\n\t\t\t\t\t\t\t\t\t\t\t<\/a>\n\t\t\t\t\n\t\t\t\t\n\t\t\t\t\n\t\t\t\t\n\t\t\t\t\n\t\t\t\t\n\t\t\t\t\n\t\t\t\t\n\t\t\t\t\n\t\t\t\t\n\t\t\t\t\n\t\t\t\t\t\t\t\t\t<a rel=\"noopener noreferrer nofollow\" href=\"https:\/\/api.whatsapp.com\/send?text=https%3A%2F%2Fwilkens-wohnstudio.de%2Fblog%2Fcategory%2Fsaisonal%2Fherbst%2F\" target=\"_blank\" class=\"wd-hide-md  wd-social-icon social-whatsapp\" aria-label=\"WhatsApp-Social-Link\">\n\t\t\t\t\t\t<span class=\"wd-icon\"><\/span>\n\t\t\t\t\t\t\t\t\t\t\t<\/a>\n\n\t\t\t\t\t<a rel=\"noopener noreferrer nofollow\" href=\"whatsapp:\/\/send?text=https%3A%2F%2Fwilkens-wohnstudio.de%2Fblog%2Fcategory%2Fsaisonal%2Fherbst%2F\" target=\"_blank\" class=\"wd-hide-lg  wd-social-icon social-whatsapp\" aria-label=\"WhatsApp-Social-Link\">\n\t\t\t\t\t\t<span class=\"wd-icon\"><\/span>\n\t\t\t\t\t\t\t\t\t\t\t<\/a>\n\t\t\t\t\n\t\t\t\t\n\t\t\t\t\n\t\t\t\t\n\t\t\t\t\n\t\t\t\t\n\t\t\t\t\n\t\t\t\t\n\t\t\t<\/div>\n\n\t\t\t\t\t\t\t\t\t\t<\/div>\n\t\t\t\t\t\t\t\t<div class=\"tooltip-arrow\"><\/div>\n\t\t\t\t\t\t\t<\/div>\n\t\t\t\t\t\t<\/div>\n\t\t\t\t\t\n\t\t\t\t\t\t\t\t\t<\/div>\n\t\t\t\n\t\t\t\t\t\t\t\t\t\t\t\t<div class=\"wd-post-excerpt entry-content\">\n\t\t\t\t\t\tHerbst-Deko f\u00fcr den Tisch\r\nTisch-Deko f\u00fcr den Herbst wertet jedes leckere Herbstdinner auf und tr\u00f6stet uns \u00fcber das k\u00e4lter we...\t\t\t\t\t<\/div>\n\t\t\t\t\n\t\t\t\t\t\t\t\t\t\t\t\t\t\t<div class=\"wd-post-read-more wd-style-link read-more-section\">\n\t\t\t\t\t\t<a class=\"\" href=\"https:\/\/wilkens-wohnstudio.de\/blog\/dekoideen\/tisch-deko-fuer-den-herbst\/\">weiter lesen<\/a>\t\t\t\t\t<\/div>\n\t\t\t\t\t\t\t\t\t\t\t\t\t<\/div>\n\t<\/div>\n<\/article>\n\n\t\t\t\t\t\t\t\t\t\t\t\n<article id=\"post-39968\" class=\"wd-post blog-design-masonry blog-post-loop blog-style-bg wd-add-shadow wd-col post-39968 post type-post status-publish format-standard has-post-thumbnail hentry category-dekoideen category-diy-ideen category-garten category-herbst category-saisonal category-wohnideen tag-eingangsbereich tag-hauseingang tag-haustuer tag-vorgarten\">\n\t<div class=\"wd-post-inner article-inner\">\n\t\t\t\t\t<div class=\"wd-post-thumb entry-header\">\n\t\t\t\t\t\t\t\t\t<div class=\"wd-post-img post-img-wrapp\">\n\t\t\t\t\t\t<img width=\"1024\" height=\"768\" src=\"https:\/\/wilkens-wohnstudio.de\/wp-content\/uploads\/2022\/10\/den-hauseingang-dekorieren-im-herbst-1024x768.jpg\" class=\"attachment-large size-large\" alt=\"Hauseingang dekorieren im Herbst\" decoding=\"async\" srcset=\"https:\/\/wilkens-wohnstudio.de\/wp-content\/uploads\/2022\/10\/den-hauseingang-dekorieren-im-herbst-1024x768.jpg 1024w, https:\/\/wilkens-wohnstudio.de\/wp-content\/uploads\/2022\/10\/den-hauseingang-dekorieren-im-herbst-175x131.jpg 175w, https:\/\/wilkens-wohnstudio.de\/wp-content\/uploads\/2022\/10\/den-hauseingang-dekorieren-im-herbst-1000x750.jpg 1000w, https:\/\/wilkens-wohnstudio.de\/wp-content\/uploads\/2022\/10\/den-hauseingang-dekorieren-im-herbst-350x263.jpg 350w, https:\/\/wilkens-wohnstudio.de\/wp-content\/uploads\/2022\/10\/den-hauseingang-dekorieren-im-herbst-768x576.jpg 768w, https:\/\/wilkens-wohnstudio.de\/wp-content\/uploads\/2022\/10\/den-hauseingang-dekorieren-im-herbst-1536x1152.jpg 1536w, https:\/\/wilkens-wohnstudio.de\/wp-content\/uploads\/2022\/10\/den-hauseingang-dekorieren-im-herbst.jpg 1440w\" sizes=\"(max-width: 1024px) 100vw, 1024px\" \/>\t\t\t\t\t<\/div>\n\t\t\t\t\t\t\t\t\t\t<a class=\"wd-fill\" tabindex=\"-1\" href=\"https:\/\/wilkens-wohnstudio.de\/blog\/dekoideen\/hauseingang-dekorieren-im-herbst\/\" aria-label=\"Link zum Beitrag Den Hauseingang dekorieren im Herbst \u2013 16 tolle Ideen\"><\/a>\n\t\t\t\t\n\t\t\t\t\t\t\t\t\t\t\t\t<div class=\"wd-post-date wd-style-with-bg\">\n\t\t\t\t<span class=\"post-date-day\">\n\t\t\t\t\t13\t\t\t\t<\/span>\n\t\t\t\t<span class=\"post-date-month\">\n\t\t\t\t\tOkt.\t\t\t\t<\/span>\n\t\t\t<\/div>\n\t\t\t\t\t\t\t\t\t<\/div>\n\t\t\n\t\t<div class=\"wd-post-content article-body-container\">\n\t\t\t\t\t\t\t<div class=\"wd-post-cat wd-style-with-bg meta-post-categories\">\n\t\t\t\t\t<a href=\"https:\/\/wilkens-wohnstudio.de\/blog\/category\/dekoideen\/\" rel=\"category tag\">Dekoideen<\/a>, <a href=\"https:\/\/wilkens-wohnstudio.de\/blog\/category\/diy-ideen\/\" rel=\"category tag\">DIY-Ideen<\/a>, <a href=\"https:\/\/wilkens-wohnstudio.de\/blog\/category\/wohnideen\/garten\/\" rel=\"category tag\">Garten<\/a>, <a href=\"https:\/\/wilkens-wohnstudio.de\/blog\/category\/saisonal\/herbst\/\" rel=\"category tag\">Herbst<\/a>, <a href=\"https:\/\/wilkens-wohnstudio.de\/blog\/category\/saisonal\/\" rel=\"category tag\">Saisonal<\/a>, <a href=\"https:\/\/wilkens-wohnstudio.de\/blog\/category\/wohnideen\/\" rel=\"category tag\">Wohnideen<\/a>\t\t\t\t<\/div>\n\t\t\t\n\t\t\t\t\t\t\t<h3 class=\"wd-post-title wd-entities-title title post-title\">\n\t\t\t\t\t<a href=\"https:\/\/wilkens-wohnstudio.de\/blog\/dekoideen\/hauseingang-dekorieren-im-herbst\/\" rel=\"bookmark\">Den Hauseingang dekorieren im Herbst \u2013 16 tolle Ideen<\/a>\n\t\t\t\t<\/h3>\n\t\t\t\n\t\t\t\t\t\t\t<div class=\"wd-post-meta\">\n\t\t\t\t\t\t\t\t\t\t\t\t\t\t\t<div class=\"wd-post-author\">\n\t\t\t\t\t\t\t\t\t\t\t<span>Geschrieben von<\/span>\n\t\t\n\t\t\t\t\t\t\t\n\t\t\t\t\t<a href=\"https:\/\/wilkens-wohnstudio.de\/blog\/author\/n-tangermann\/\" class=\"author\" rel=\"author\">Wilkens Wohnstudio<\/a>\n\t\t\t\t\t\t\t\t\t<\/div>\n\t\t\t\t\t<div class=\"wd-modified-date\">\n\t\t\t\t\t\t\t\t<time class=\"updated\" datetime=\"2023-05-26T13:20:58+02:00\">\n\t\t\t26.05.2023\t\t<\/time>\n\t\t\t\t\t\t\t<\/div>\n\n\t\t\t\t\t\t\t\t\t\t\t<div tabindex=\"0\" class=\"wd-post-share wd-tltp\">\n\t\t\t\t\t\t\t<div class=\"tooltip top\">\n\t\t\t\t\t\t\t\t<div class=\"tooltip-inner\">\n\t\t\t\t\t\t\t\t\t\t\t\t<div\n\t\t\t\t\t\tclass=\" wd-social-icons  wd-style-default wd-size-small social-share wd-shape-circle color-scheme-light text-center\">\n\t\t\t\t\n\t\t\t\t\n\t\t\t\t\t\t\t\t\t<a rel=\"noopener noreferrer nofollow\" href=\"https:\/\/www.facebook.com\/sharer\/sharer.php?u=https:\/\/wilkens-wohnstudio.de\/blog\/category\/saisonal\/herbst\/\" target=\"_blank\" class=\" wd-social-icon social-facebook\" aria-label=\"Facebook-Social-Link\">\n\t\t\t\t\t\t<span class=\"wd-icon\"><\/span>\n\t\t\t\t\t\t\t\t\t\t\t<\/a>\n\t\t\t\t\n\t\t\t\t\n\t\t\t\t\n\t\t\t\t\n\t\t\t\t\n\t\t\t\t\n\t\t\t\t\n\t\t\t\t\t\t\t\t\t<a rel=\"noopener noreferrer nofollow\" href=\"https:\/\/pinterest.com\/pin\/create\/button\/?url=https:\/\/wilkens-wohnstudio.de\/blog\/category\/saisonal\/herbst\/&media=https:\/\/wilkens-wohnstudio.de\/wp-content\/uploads\/2022\/10\/den-hauseingang-dekorieren-im-herbst.jpg&description=Den+Hauseingang+dekorieren+im+Herbst+%E2%80%93+16+tolle+Ideen\" target=\"_blank\" class=\" wd-social-icon social-pinterest\" aria-label=\"Pinterest-Social-Link\">\n\t\t\t\t\t\t<span class=\"wd-icon\"><\/span>\n\t\t\t\t\t\t\t\t\t\t\t<\/a>\n\t\t\t\t\n\t\t\t\t\n\t\t\t\t\n\t\t\t\t\n\t\t\t\t\n\t\t\t\t\n\t\t\t\t\n\t\t\t\t\n\t\t\t\t\n\t\t\t\t\n\t\t\t\t\n\t\t\t\t\t\t\t\t\t<a rel=\"noopener noreferrer nofollow\" href=\"https:\/\/api.whatsapp.com\/send?text=https%3A%2F%2Fwilkens-wohnstudio.de%2Fblog%2Fcategory%2Fsaisonal%2Fherbst%2F\" target=\"_blank\" class=\"wd-hide-md  wd-social-icon social-whatsapp\" aria-label=\"WhatsApp-Social-Link\">\n\t\t\t\t\t\t<span class=\"wd-icon\"><\/span>\n\t\t\t\t\t\t\t\t\t\t\t<\/a>\n\n\t\t\t\t\t<a rel=\"noopener noreferrer nofollow\" href=\"whatsapp:\/\/send?text=https%3A%2F%2Fwilkens-wohnstudio.de%2Fblog%2Fcategory%2Fsaisonal%2Fherbst%2F\" target=\"_blank\" class=\"wd-hide-lg  wd-social-icon social-whatsapp\" aria-label=\"WhatsApp-Social-Link\">\n\t\t\t\t\t\t<span class=\"wd-icon\"><\/span>\n\t\t\t\t\t\t\t\t\t\t\t<\/a>\n\t\t\t\t\n\t\t\t\t\n\t\t\t\t\n\t\t\t\t\n\t\t\t\t\n\t\t\t\t\n\t\t\t\t\n\t\t\t\t\n\t\t\t<\/div>\n\n\t\t\t\t\t\t\t\t\t\t<\/div>\n\t\t\t\t\t\t\t\t<div class=\"tooltip-arrow\"><\/div>\n\t\t\t\t\t\t\t<\/div>\n\t\t\t\t\t\t<\/div>\n\t\t\t\t\t\n\t\t\t\t\t\t\t\t\t<\/div>\n\t\t\t\n\t\t\t\t\t\t\t\t\t\t\t\t<div class=\"wd-post-excerpt entry-content\">\n\t\t\t\t\t\tDen Hauseingang dekorieren im Herbst\r\nDer Eingangsbereich des Hauses und die Haust\u00fcr sind die Visitenkarte des Hauses und ste...\t\t\t\t\t<\/div>\n\t\t\t\t\n\t\t\t\t\t\t\t\t\t\t\t\t\t\t<div class=\"wd-post-read-more wd-style-link read-more-section\">\n\t\t\t\t\t\t<a class=\"\" href=\"https:\/\/wilkens-wohnstudio.de\/blog\/dekoideen\/hauseingang-dekorieren-im-herbst\/\">weiter lesen<\/a>\t\t\t\t\t<\/div>\n\t\t\t\t\t\t\t\t\t\t\t\t\t<\/div>\n\t<\/div>\n<\/article>\n\n\t\t\t\t\t\t\t\t\t\t\t\n<article id=\"post-39348\" class=\"wd-post blog-design-masonry blog-post-loop blog-style-bg wd-add-shadow wd-col post-39348 post type-post status-publish format-standard has-post-thumbnail hentry category-herbst category-dekoideen category-diy-ideen category-saisonal tag-erntedank tag-halloween-deko tag-herbst-deko tag-thanksgiving\">\n\t<div class=\"wd-post-inner article-inner\">\n\t\t\t\t\t<div class=\"wd-post-thumb entry-header\">\n\t\t\t\t\t\t\t\t\t<div class=\"wd-post-img post-img-wrapp\">\n\t\t\t\t\t\t<img width=\"1024\" height=\"768\" src=\"https:\/\/wilkens-wohnstudio.de\/wp-content\/uploads\/2022\/09\/halloween-deko-erntedank-deko-1024x768.jpg\" class=\"attachment-large size-large\" alt=\"halloween-deko-erntedank-deko\" decoding=\"async\" srcset=\"https:\/\/wilkens-wohnstudio.de\/wp-content\/uploads\/2022\/09\/halloween-deko-erntedank-deko-1024x768.jpg 1024w, https:\/\/wilkens-wohnstudio.de\/wp-content\/uploads\/2022\/09\/halloween-deko-erntedank-deko-175x131.jpg 175w, https:\/\/wilkens-wohnstudio.de\/wp-content\/uploads\/2022\/09\/halloween-deko-erntedank-deko-1000x750.jpg 1000w, https:\/\/wilkens-wohnstudio.de\/wp-content\/uploads\/2022\/09\/halloween-deko-erntedank-deko-350x263.jpg 350w, https:\/\/wilkens-wohnstudio.de\/wp-content\/uploads\/2022\/09\/halloween-deko-erntedank-deko-768x576.jpg 768w, https:\/\/wilkens-wohnstudio.de\/wp-content\/uploads\/2022\/09\/halloween-deko-erntedank-deko-1536x1152.jpg 1536w, https:\/\/wilkens-wohnstudio.de\/wp-content\/uploads\/2022\/09\/halloween-deko-erntedank-deko.jpg 1440w\" sizes=\"(max-width: 1024px) 100vw, 1024px\" \/>\t\t\t\t\t<\/div>\n\t\t\t\t\t\t\t\t\t\t<a class=\"wd-fill\" tabindex=\"-1\" href=\"https:\/\/wilkens-wohnstudio.de\/blog\/saisonal\/herbst\/halloween-deko\/\" aria-label=\"Link zum Beitrag 8 tolle Ideen: Gruselige Halloween-Deko und bunte Erntedank-Deko\"><\/a>\n\t\t\t\t\n\t\t\t\t\t\t\t\t\t\t\t\t<div class=\"wd-post-date wd-style-with-bg\">\n\t\t\t\t<span class=\"post-date-day\">\n\t\t\t\t\t30\t\t\t\t<\/span>\n\t\t\t\t<span class=\"post-date-month\">\n\t\t\t\t\tSep.\t\t\t\t<\/span>\n\t\t\t<\/div>\n\t\t\t\t\t\t\t\t\t<\/div>\n\t\t\n\t\t<div class=\"wd-post-content article-body-container\">\n\t\t\t\t\t\t\t<div class=\"wd-post-cat wd-style-with-bg meta-post-categories\">\n\t\t\t\t\t<a href=\"https:\/\/wilkens-wohnstudio.de\/blog\/category\/saisonal\/herbst\/\" rel=\"category tag\">Herbst<\/a>, <a href=\"https:\/\/wilkens-wohnstudio.de\/blog\/category\/dekoideen\/\" rel=\"category tag\">Dekoideen<\/a>, <a href=\"https:\/\/wilkens-wohnstudio.de\/blog\/category\/diy-ideen\/\" rel=\"category tag\">DIY-Ideen<\/a>, <a href=\"https:\/\/wilkens-wohnstudio.de\/blog\/category\/saisonal\/\" rel=\"category tag\">Saisonal<\/a>\t\t\t\t<\/div>\n\t\t\t\n\t\t\t\t\t\t\t<h3 class=\"wd-post-title wd-entities-title title post-title\">\n\t\t\t\t\t<a href=\"https:\/\/wilkens-wohnstudio.de\/blog\/saisonal\/herbst\/halloween-deko\/\" rel=\"bookmark\">8 tolle Ideen: Gruselige Halloween-Deko und bunte Erntedank-Deko<\/a>\n\t\t\t\t<\/h3>\n\t\t\t\n\t\t\t\t\t\t\t<div class=\"wd-post-meta\">\n\t\t\t\t\t\t\t\t\t\t\t\t\t\t\t<div class=\"wd-post-author\">\n\t\t\t\t\t\t\t\t\t\t\t<span>Geschrieben von<\/span>\n\t\t\n\t\t\t\t\t\t\t\n\t\t\t\t\t<a href=\"https:\/\/wilkens-wohnstudio.de\/blog\/author\/n-tangermann\/\" class=\"author\" rel=\"author\">Wilkens Wohnstudio<\/a>\n\t\t\t\t\t\t\t\t\t<\/div>\n\t\t\t\t\t<div class=\"wd-modified-date\">\n\t\t\t\t\t\t\t\t<time class=\"updated\" datetime=\"2023-01-05T17:00:43+01:00\">\n\t\t\t05.01.2023\t\t<\/time>\n\t\t\t\t\t\t\t<\/div>\n\n\t\t\t\t\t\t\t\t\t\t\t<div tabindex=\"0\" class=\"wd-post-share wd-tltp\">\n\t\t\t\t\t\t\t<div class=\"tooltip top\">\n\t\t\t\t\t\t\t\t<div class=\"tooltip-inner\">\n\t\t\t\t\t\t\t\t\t\t\t\t<div\n\t\t\t\t\t\tclass=\" wd-social-icons  wd-style-default wd-size-small social-share wd-shape-circle color-scheme-light text-center\">\n\t\t\t\t\n\t\t\t\t\n\t\t\t\t\t\t\t\t\t<a rel=\"noopener noreferrer nofollow\" href=\"https:\/\/www.facebook.com\/sharer\/sharer.php?u=https:\/\/wilkens-wohnstudio.de\/blog\/category\/saisonal\/herbst\/\" target=\"_blank\" class=\" wd-social-icon social-facebook\" aria-label=\"Facebook-Social-Link\">\n\t\t\t\t\t\t<span class=\"wd-icon\"><\/span>\n\t\t\t\t\t\t\t\t\t\t\t<\/a>\n\t\t\t\t\n\t\t\t\t\n\t\t\t\t\n\t\t\t\t\n\t\t\t\t\n\t\t\t\t\n\t\t\t\t\n\t\t\t\t\t\t\t\t\t<a rel=\"noopener noreferrer nofollow\" href=\"https:\/\/pinterest.com\/pin\/create\/button\/?url=https:\/\/wilkens-wohnstudio.de\/blog\/category\/saisonal\/herbst\/&media=https:\/\/wilkens-wohnstudio.de\/wp-content\/uploads\/2022\/09\/halloween-deko-erntedank-deko.jpg&description=8+tolle+Ideen%3A+Gruselige+Halloween-Deko+und+bunte+Erntedank-Deko\" target=\"_blank\" class=\" wd-social-icon social-pinterest\" aria-label=\"Pinterest-Social-Link\">\n\t\t\t\t\t\t<span class=\"wd-icon\"><\/span>\n\t\t\t\t\t\t\t\t\t\t\t<\/a>\n\t\t\t\t\n\t\t\t\t\n\t\t\t\t\n\t\t\t\t\n\t\t\t\t\n\t\t\t\t\n\t\t\t\t\n\t\t\t\t\n\t\t\t\t\n\t\t\t\t\n\t\t\t\t\n\t\t\t\t\t\t\t\t\t<a rel=\"noopener noreferrer nofollow\" href=\"https:\/\/api.whatsapp.com\/send?text=https%3A%2F%2Fwilkens-wohnstudio.de%2Fblog%2Fcategory%2Fsaisonal%2Fherbst%2F\" target=\"_blank\" class=\"wd-hide-md  wd-social-icon social-whatsapp\" aria-label=\"WhatsApp-Social-Link\">\n\t\t\t\t\t\t<span class=\"wd-icon\"><\/span>\n\t\t\t\t\t\t\t\t\t\t\t<\/a>\n\n\t\t\t\t\t<a rel=\"noopener noreferrer nofollow\" href=\"whatsapp:\/\/send?text=https%3A%2F%2Fwilkens-wohnstudio.de%2Fblog%2Fcategory%2Fsaisonal%2Fherbst%2F\" target=\"_blank\" class=\"wd-hide-lg  wd-social-icon social-whatsapp\" aria-label=\"WhatsApp-Social-Link\">\n\t\t\t\t\t\t<span class=\"wd-icon\"><\/span>\n\t\t\t\t\t\t\t\t\t\t\t<\/a>\n\t\t\t\t\n\t\t\t\t\n\t\t\t\t\n\t\t\t\t\n\t\t\t\t\n\t\t\t\t\n\t\t\t\t\n\t\t\t\t\n\t\t\t<\/div>\n\n\t\t\t\t\t\t\t\t\t\t<\/div>\n\t\t\t\t\t\t\t\t<div class=\"tooltip-arrow\"><\/div>\n\t\t\t\t\t\t\t<\/div>\n\t\t\t\t\t\t<\/div>\n\t\t\t\t\t\n\t\t\t\t\t\t\t\t\t<\/div>\n\t\t\t\n\t\t\t\t\t\t\t\t\t\t\t\t<div class=\"wd-post-excerpt entry-content\">\n\t\t\t\t\t\tHalloween und Thanksgiving\r\nHalloween-Deko sorgt am gruseligsten Tag des Jahres f\u00fcr Spuk-Stimmung in Ihrem Zuhause, zum ameri...\t\t\t\t\t<\/div>\n\t\t\t\t\n\t\t\t\t\t\t\t\t\t\t\t\t\t\t<div class=\"wd-post-read-more wd-style-link read-more-section\">\n\t\t\t\t\t\t<a class=\"\" href=\"https:\/\/wilkens-wohnstudio.de\/blog\/saisonal\/herbst\/halloween-deko\/\">weiter lesen<\/a>\t\t\t\t\t<\/div>\n\t\t\t\t\t\t\t\t\t\t\t\t\t<\/div>\n\t<\/div>\n<\/article>\n\n\t\t\t\t\t\t\t\t\t\t\t\n<article id=\"post-39129\" class=\"wd-post blog-design-masonry blog-post-loop blog-style-bg wd-add-shadow wd-col post-39129 post type-post status-publish format-standard has-post-thumbnail hentry category-dekoideen category-diy-ideen category-herbst tag-herbst tag-herbst-deko\">\n\t<div class=\"wd-post-inner article-inner\">\n\t\t\t\t\t<div class=\"wd-post-thumb entry-header\">\n\t\t\t\t\t\t\t\t\t<div class=\"wd-post-img post-img-wrapp\">\n\t\t\t\t\t\t<img width=\"1024\" height=\"768\" src=\"https:\/\/wilkens-wohnstudio.de\/wp-content\/uploads\/2022\/09\/spass-im-herbst-1024x768.jpg\" class=\"attachment-large size-large\" alt=\"spa\u00df-im-herbst\" decoding=\"async\" srcset=\"https:\/\/wilkens-wohnstudio.de\/wp-content\/uploads\/2022\/09\/spass-im-herbst-1024x768.jpg 1024w, https:\/\/wilkens-wohnstudio.de\/wp-content\/uploads\/2022\/09\/spass-im-herbst-175x131.jpg 175w, https:\/\/wilkens-wohnstudio.de\/wp-content\/uploads\/2022\/09\/spass-im-herbst-1000x750.jpg 1000w, https:\/\/wilkens-wohnstudio.de\/wp-content\/uploads\/2022\/09\/spass-im-herbst-350x263.jpg 350w, https:\/\/wilkens-wohnstudio.de\/wp-content\/uploads\/2022\/09\/spass-im-herbst-768x576.jpg 768w, https:\/\/wilkens-wohnstudio.de\/wp-content\/uploads\/2022\/09\/spass-im-herbst-1536x1152.jpg 1536w, https:\/\/wilkens-wohnstudio.de\/wp-content\/uploads\/2022\/09\/spass-im-herbst-2048x1536.jpg 2048w, https:\/\/wilkens-wohnstudio.de\/wp-content\/uploads\/2022\/09\/spass-im-herbst-scaled.jpg 1440w\" sizes=\"(max-width: 1024px) 100vw, 1024px\" \/>\t\t\t\t\t<\/div>\n\t\t\t\t\t\t\t\t\t\t<a class=\"wd-fill\" tabindex=\"-1\" href=\"https:\/\/wilkens-wohnstudio.de\/blog\/dekoideen\/herbst-spass\/\" aria-label=\"Link zum Beitrag 13 tolle Gr\u00fcnde, warum wir uns auf den Herbst freuen\"><\/a>\n\t\t\t\t\n\t\t\t\t\t\t\t\t\t\t\t\t<div class=\"wd-post-date wd-style-with-bg\">\n\t\t\t\t<span class=\"post-date-day\">\n\t\t\t\t\t24\t\t\t\t<\/span>\n\t\t\t\t<span class=\"post-date-month\">\n\t\t\t\t\tSep.\t\t\t\t<\/span>\n\t\t\t<\/div>\n\t\t\t\t\t\t\t\t\t<\/div>\n\t\t\n\t\t<div class=\"wd-post-content article-body-container\">\n\t\t\t\t\t\t\t<div class=\"wd-post-cat wd-style-with-bg meta-post-categories\">\n\t\t\t\t\t<a href=\"https:\/\/wilkens-wohnstudio.de\/blog\/category\/dekoideen\/\" rel=\"category tag\">Dekoideen<\/a>, <a href=\"https:\/\/wilkens-wohnstudio.de\/blog\/category\/diy-ideen\/\" rel=\"category tag\">DIY-Ideen<\/a>, <a href=\"https:\/\/wilkens-wohnstudio.de\/blog\/category\/saisonal\/herbst\/\" rel=\"category tag\">Herbst<\/a>\t\t\t\t<\/div>\n\t\t\t\n\t\t\t\t\t\t\t<h3 class=\"wd-post-title wd-entities-title title post-title\">\n\t\t\t\t\t<a href=\"https:\/\/wilkens-wohnstudio.de\/blog\/dekoideen\/herbst-spass\/\" rel=\"bookmark\">13 tolle Gr\u00fcnde, warum wir uns auf den Herbst freuen<\/a>\n\t\t\t\t<\/h3>\n\t\t\t\n\t\t\t\t\t\t\t<div class=\"wd-post-meta\">\n\t\t\t\t\t\t\t\t\t\t\t\t\t\t\t<div class=\"wd-post-author\">\n\t\t\t\t\t\t\t\t\t\t\t<span>Geschrieben von<\/span>\n\t\t\n\t\t\t\t\t\t\t\n\t\t\t\t\t<a href=\"https:\/\/wilkens-wohnstudio.de\/blog\/author\/n-tangermann\/\" class=\"author\" rel=\"author\">Wilkens Wohnstudio<\/a>\n\t\t\t\t\t\t\t\t\t<\/div>\n\t\t\t\t\t<div class=\"wd-modified-date\">\n\t\t\t\t\t\t\t\t<time class=\"updated\" datetime=\"2023-01-05T17:00:45+01:00\">\n\t\t\t05.01.2023\t\t<\/time>\n\t\t\t\t\t\t\t<\/div>\n\n\t\t\t\t\t\t\t\t\t\t\t<div tabindex=\"0\" class=\"wd-post-share wd-tltp\">\n\t\t\t\t\t\t\t<div class=\"tooltip top\">\n\t\t\t\t\t\t\t\t<div class=\"tooltip-inner\">\n\t\t\t\t\t\t\t\t\t\t\t\t<div\n\t\t\t\t\t\tclass=\" wd-social-icons  wd-style-default wd-size-small social-share wd-shape-circle color-scheme-light text-center\">\n\t\t\t\t\n\t\t\t\t\n\t\t\t\t\t\t\t\t\t<a rel=\"noopener noreferrer nofollow\" href=\"https:\/\/www.facebook.com\/sharer\/sharer.php?u=https:\/\/wilkens-wohnstudio.de\/blog\/category\/saisonal\/herbst\/\" target=\"_blank\" class=\" wd-social-icon social-facebook\" aria-label=\"Facebook-Social-Link\">\n\t\t\t\t\t\t<span class=\"wd-icon\"><\/span>\n\t\t\t\t\t\t\t\t\t\t\t<\/a>\n\t\t\t\t\n\t\t\t\t\n\t\t\t\t\n\t\t\t\t\n\t\t\t\t\n\t\t\t\t\n\t\t\t\t\n\t\t\t\t\t\t\t\t\t<a rel=\"noopener noreferrer nofollow\" href=\"https:\/\/pinterest.com\/pin\/create\/button\/?url=https:\/\/wilkens-wohnstudio.de\/blog\/category\/saisonal\/herbst\/&media=https:\/\/wilkens-wohnstudio.de\/wp-content\/uploads\/2022\/09\/spass-im-herbst-scaled.jpg&description=13+tolle+Gr%C3%BCnde%2C+warum+wir+uns+auf+den+Herbst+freuen\" target=\"_blank\" class=\" wd-social-icon social-pinterest\" aria-label=\"Pinterest-Social-Link\">\n\t\t\t\t\t\t<span class=\"wd-icon\"><\/span>\n\t\t\t\t\t\t\t\t\t\t\t<\/a>\n\t\t\t\t\n\t\t\t\t\n\t\t\t\t\n\t\t\t\t\n\t\t\t\t\n\t\t\t\t\n\t\t\t\t\n\t\t\t\t\n\t\t\t\t\n\t\t\t\t\n\t\t\t\t\n\t\t\t\t\t\t\t\t\t<a rel=\"noopener noreferrer nofollow\" href=\"https:\/\/api.whatsapp.com\/send?text=https%3A%2F%2Fwilkens-wohnstudio.de%2Fblog%2Fcategory%2Fsaisonal%2Fherbst%2F\" target=\"_blank\" class=\"wd-hide-md  wd-social-icon social-whatsapp\" aria-label=\"WhatsApp-Social-Link\">\n\t\t\t\t\t\t<span class=\"wd-icon\"><\/span>\n\t\t\t\t\t\t\t\t\t\t\t<\/a>\n\n\t\t\t\t\t<a rel=\"noopener noreferrer nofollow\" href=\"whatsapp:\/\/send?text=https%3A%2F%2Fwilkens-wohnstudio.de%2Fblog%2Fcategory%2Fsaisonal%2Fherbst%2F\" target=\"_blank\" class=\"wd-hide-lg  wd-social-icon social-whatsapp\" aria-label=\"WhatsApp-Social-Link\">\n\t\t\t\t\t\t<span class=\"wd-icon\"><\/span>\n\t\t\t\t\t\t\t\t\t\t\t<\/a>\n\t\t\t\t\n\t\t\t\t\n\t\t\t\t\n\t\t\t\t\n\t\t\t\t\n\t\t\t\t\n\t\t\t\t\n\t\t\t\t\n\t\t\t<\/div>\n\n\t\t\t\t\t\t\t\t\t\t<\/div>\n\t\t\t\t\t\t\t\t<div class=\"tooltip-arrow\"><\/div>\n\t\t\t\t\t\t\t<\/div>\n\t\t\t\t\t\t<\/div>\n\t\t\t\t\t\n\t\t\t\t\t\t\t\t\t<\/div>\n\t\t\t\n\t\t\t\t\t\t\t\t\t\t\t\t<div class=\"wd-post-excerpt entry-content\">\n\t\t\t\t\t\tDer Herbst ist da!\r\nIm Herbst wird es zwar wieder k\u00e4lter und dunkler, aber nach dem langen, hei\u00dfen Sommer haben wir uns die R...\t\t\t\t\t<\/div>\n\t\t\t\t\n\t\t\t\t\t\t\t\t\t\t\t\t\t\t<div class=\"wd-post-read-more wd-style-link read-more-section\">\n\t\t\t\t\t\t<a class=\"\" href=\"https:\/\/wilkens-wohnstudio.de\/blog\/dekoideen\/herbst-spass\/\">weiter lesen<\/a>\t\t\t\t\t<\/div>\n\t\t\t\t\t\t\t\t\t\t\t\t\t<\/div>\n\t<\/div>\n<\/article>\n\n\t\t\t\t\t\t\t\t\t\t\t\n<article id=\"post-37637\" class=\"wd-post blog-design-masonry blog-post-loop blog-style-bg wd-add-shadow wd-col post-37637 post type-post status-publish format-standard has-post-thumbnail hentry category-trockenblumen category-dekoideen category-herbst tag-diy tag-herbst tag-herbst-deko tag-selbstgemacht\">\n\t<div class=\"wd-post-inner article-inner\">\n\t\t\t\t\t<div class=\"wd-post-thumb entry-header\">\n\t\t\t\t\t\t\t\t\t<div class=\"wd-post-img post-img-wrapp\">\n\t\t\t\t\t\t<img width=\"1024\" height=\"768\" src=\"https:\/\/wilkens-wohnstudio.de\/wp-content\/uploads\/2022\/08\/selbstgemachte-herbst-deko-1024x768.jpg\" class=\"attachment-large size-large\" alt=\"selbstgemachte-herbst-deko\" decoding=\"async\" srcset=\"https:\/\/wilkens-wohnstudio.de\/wp-content\/uploads\/2022\/08\/selbstgemachte-herbst-deko-1024x768.jpg 1024w, https:\/\/wilkens-wohnstudio.de\/wp-content\/uploads\/2022\/08\/selbstgemachte-herbst-deko-175x131.jpg 175w, https:\/\/wilkens-wohnstudio.de\/wp-content\/uploads\/2022\/08\/selbstgemachte-herbst-deko-1000x750.jpg 1000w, https:\/\/wilkens-wohnstudio.de\/wp-content\/uploads\/2022\/08\/selbstgemachte-herbst-deko-350x263.jpg 350w, https:\/\/wilkens-wohnstudio.de\/wp-content\/uploads\/2022\/08\/selbstgemachte-herbst-deko-768x576.jpg 768w, https:\/\/wilkens-wohnstudio.de\/wp-content\/uploads\/2022\/08\/selbstgemachte-herbst-deko-1536x1152.jpg 1536w, https:\/\/wilkens-wohnstudio.de\/wp-content\/uploads\/2022\/08\/selbstgemachte-herbst-deko.jpg 1440w\" sizes=\"(max-width: 1024px) 100vw, 1024px\" \/>\t\t\t\t\t<\/div>\n\t\t\t\t\t\t\t\t\t\t<a class=\"wd-fill\" tabindex=\"-1\" href=\"https:\/\/wilkens-wohnstudio.de\/blog\/trockenblumen\/selbstgemachte-herbst-deko\/\" aria-label=\"Link zum Beitrag Bunte Basteleien\u2013 9 tolle Ideen f\u00fcr selbstgemachte Herbst-Deko\"><\/a>\n\t\t\t\t\n\t\t\t\t\t\t\t\t\t\t\t\t<div class=\"wd-post-date wd-style-with-bg\">\n\t\t\t\t<span class=\"post-date-day\">\n\t\t\t\t\t29\t\t\t\t<\/span>\n\t\t\t\t<span class=\"post-date-month\">\n\t\t\t\t\tAug.\t\t\t\t<\/span>\n\t\t\t<\/div>\n\t\t\t\t\t\t\t\t\t<\/div>\n\t\t\n\t\t<div class=\"wd-post-content article-body-container\">\n\t\t\t\t\t\t\t<div class=\"wd-post-cat wd-style-with-bg meta-post-categories\">\n\t\t\t\t\t<a href=\"https:\/\/wilkens-wohnstudio.de\/blog\/category\/trockenblumen\/\" rel=\"category tag\">Trockenblumen<\/a>, <a href=\"https:\/\/wilkens-wohnstudio.de\/blog\/category\/dekoideen\/\" rel=\"category tag\">Dekoideen<\/a>, <a href=\"https:\/\/wilkens-wohnstudio.de\/blog\/category\/saisonal\/herbst\/\" rel=\"category tag\">Herbst<\/a>\t\t\t\t<\/div>\n\t\t\t\n\t\t\t\t\t\t\t<h3 class=\"wd-post-title wd-entities-title title post-title\">\n\t\t\t\t\t<a href=\"https:\/\/wilkens-wohnstudio.de\/blog\/trockenblumen\/selbstgemachte-herbst-deko\/\" rel=\"bookmark\">Bunte Basteleien\u2013 9 tolle Ideen f\u00fcr selbstgemachte Herbst-Deko<\/a>\n\t\t\t\t<\/h3>\n\t\t\t\n\t\t\t\t\t\t\t<div class=\"wd-post-meta\">\n\t\t\t\t\t\t\t\t\t\t\t\t\t\t\t<div class=\"wd-post-author\">\n\t\t\t\t\t\t\t\t\t\t\t<span>Geschrieben von<\/span>\n\t\t\n\t\t\t\t\t\t\t\n\t\t\t\t\t<a href=\"https:\/\/wilkens-wohnstudio.de\/blog\/author\/n-tangermann\/\" class=\"author\" rel=\"author\">Wilkens Wohnstudio<\/a>\n\t\t\t\t\t\t\t\t\t<\/div>\n\t\t\t\t\t<div class=\"wd-modified-date\">\n\t\t\t\t\t\t\t\t<time class=\"updated\" datetime=\"2023-01-05T17:01:07+01:00\">\n\t\t\t05.01.2023\t\t<\/time>\n\t\t\t\t\t\t\t<\/div>\n\n\t\t\t\t\t\t\t\t\t\t\t<div tabindex=\"0\" class=\"wd-post-share wd-tltp\">\n\t\t\t\t\t\t\t<div class=\"tooltip top\">\n\t\t\t\t\t\t\t\t<div class=\"tooltip-inner\">\n\t\t\t\t\t\t\t\t\t\t\t\t<div\n\t\t\t\t\t\tclass=\" wd-social-icons  wd-style-default wd-size-small social-share wd-shape-circle color-scheme-light text-center\">\n\t\t\t\t\n\t\t\t\t\n\t\t\t\t\t\t\t\t\t<a rel=\"noopener noreferrer nofollow\" href=\"https:\/\/www.facebook.com\/sharer\/sharer.php?u=https:\/\/wilkens-wohnstudio.de\/blog\/category\/saisonal\/herbst\/\" target=\"_blank\" class=\" wd-social-icon social-facebook\" aria-label=\"Facebook-Social-Link\">\n\t\t\t\t\t\t<span class=\"wd-icon\"><\/span>\n\t\t\t\t\t\t\t\t\t\t\t<\/a>\n\t\t\t\t\n\t\t\t\t\n\t\t\t\t\n\t\t\t\t\n\t\t\t\t\n\t\t\t\t\n\t\t\t\t\n\t\t\t\t\t\t\t\t\t<a rel=\"noopener noreferrer nofollow\" href=\"https:\/\/pinterest.com\/pin\/create\/button\/?url=https:\/\/wilkens-wohnstudio.de\/blog\/category\/saisonal\/herbst\/&media=https:\/\/wilkens-wohnstudio.de\/wp-content\/uploads\/2022\/08\/selbstgemachte-herbst-deko.jpg&description=Bunte+Basteleien%E2%80%93+9+tolle+Ideen+f%C3%BCr+selbstgemachte+Herbst-Deko\" target=\"_blank\" class=\" wd-social-icon social-pinterest\" aria-label=\"Pinterest-Social-Link\">\n\t\t\t\t\t\t<span class=\"wd-icon\"><\/span>\n\t\t\t\t\t\t\t\t\t\t\t<\/a>\n\t\t\t\t\n\t\t\t\t\n\t\t\t\t\n\t\t\t\t\n\t\t\t\t\n\t\t\t\t\n\t\t\t\t\n\t\t\t\t\n\t\t\t\t\n\t\t\t\t\n\t\t\t\t\n\t\t\t\t\t\t\t\t\t<a rel=\"noopener noreferrer nofollow\" href=\"https:\/\/api.whatsapp.com\/send?text=https%3A%2F%2Fwilkens-wohnstudio.de%2Fblog%2Fcategory%2Fsaisonal%2Fherbst%2F\" target=\"_blank\" class=\"wd-hide-md  wd-social-icon social-whatsapp\" aria-label=\"WhatsApp-Social-Link\">\n\t\t\t\t\t\t<span class=\"wd-icon\"><\/span>\n\t\t\t\t\t\t\t\t\t\t\t<\/a>\n\n\t\t\t\t\t<a rel=\"noopener noreferrer nofollow\" href=\"whatsapp:\/\/send?text=https%3A%2F%2Fwilkens-wohnstudio.de%2Fblog%2Fcategory%2Fsaisonal%2Fherbst%2F\" target=\"_blank\" class=\"wd-hide-lg  wd-social-icon social-whatsapp\" aria-label=\"WhatsApp-Social-Link\">\n\t\t\t\t\t\t<span class=\"wd-icon\"><\/span>\n\t\t\t\t\t\t\t\t\t\t\t<\/a>\n\t\t\t\t\n\t\t\t\t\n\t\t\t\t\n\t\t\t\t\n\t\t\t\t\n\t\t\t\t\n\t\t\t\t\n\t\t\t\t\n\t\t\t<\/div>\n\n\t\t\t\t\t\t\t\t\t\t<\/div>\n\t\t\t\t\t\t\t\t<div class=\"tooltip-arrow\"><\/div>\n\t\t\t\t\t\t\t<\/div>\n\t\t\t\t\t\t<\/div>\n\t\t\t\t\t\n\t\t\t\t\t\t\t\t\t<\/div>\n\t\t\t\n\t\t\t\t\t\t\t\t\t\t\t\t<div class=\"wd-post-excerpt entry-content\">\n\t\t\t\t\t\tSelbstgemachte Herbst-Deko \u2013 Basteln im Herbst\r\nSelbstgemachte Herbst-Deko herzustellen ist eine sch\u00f6ne Art die neue Jahresze...\t\t\t\t\t<\/div>\n\t\t\t\t\n\t\t\t\t\t\t\t\t\t\t\t\t\t\t<div class=\"wd-post-read-more wd-style-link read-more-section\">\n\t\t\t\t\t\t<a class=\"\" href=\"https:\/\/wilkens-wohnstudio.de\/blog\/trockenblumen\/selbstgemachte-herbst-deko\/\">weiter lesen<\/a>\t\t\t\t\t<\/div>\n\t\t\t\t\t\t\t\t\t\t\t\t\t<\/div>\n\t<\/div>\n<\/article>\n\n\t\t\t\t\t\t\t\t\t\t\t\n<article id=\"post-37681\" class=\"wd-post blog-design-masonry blog-post-loop blog-style-bg wd-add-shadow wd-col post-37681 post type-post status-publish format-standard has-post-thumbnail hentry category-herbst category-saisonal category-trockenblumen tag-herbst tag-herbst-deko tag-kochen tag-kueche tag-rezepte\">\n\t<div class=\"wd-post-inner article-inner\">\n\t\t\t\t\t<div class=\"wd-post-thumb entry-header\">\n\t\t\t\t\t\t\t\t\t<div class=\"wd-post-img post-img-wrapp\">\n\t\t\t\t\t\t<img width=\"1024\" height=\"768\" src=\"https:\/\/wilkens-wohnstudio.de\/wp-content\/uploads\/2022\/08\/Kuerbissuppe-Tisch-deko-herbst-1024x768.jpg\" class=\"attachment-large size-large\" alt=\"K\u00fcrbiscremesuppe-Tisch-deko-herbst\" decoding=\"async\" srcset=\"https:\/\/wilkens-wohnstudio.de\/wp-content\/uploads\/2022\/08\/Kuerbissuppe-Tisch-deko-herbst-1024x768.jpg 1024w, https:\/\/wilkens-wohnstudio.de\/wp-content\/uploads\/2022\/08\/Kuerbissuppe-Tisch-deko-herbst-175x131.jpg 175w, https:\/\/wilkens-wohnstudio.de\/wp-content\/uploads\/2022\/08\/Kuerbissuppe-Tisch-deko-herbst-1000x750.jpg 1000w, https:\/\/wilkens-wohnstudio.de\/wp-content\/uploads\/2022\/08\/Kuerbissuppe-Tisch-deko-herbst-350x263.jpg 350w, https:\/\/wilkens-wohnstudio.de\/wp-content\/uploads\/2022\/08\/Kuerbissuppe-Tisch-deko-herbst-768x576.jpg 768w, https:\/\/wilkens-wohnstudio.de\/wp-content\/uploads\/2022\/08\/Kuerbissuppe-Tisch-deko-herbst-1536x1152.jpg 1536w, https:\/\/wilkens-wohnstudio.de\/wp-content\/uploads\/2022\/08\/Kuerbissuppe-Tisch-deko-herbst.jpg 1440w\" sizes=\"(max-width: 1024px) 100vw, 1024px\" \/>\t\t\t\t\t<\/div>\n\t\t\t\t\t\t\t\t\t\t<a class=\"wd-fill\" tabindex=\"-1\" href=\"https:\/\/wilkens-wohnstudio.de\/blog\/trockenblumen\/kuerbiscremesuppe\/\" aria-label=\"Link zum Beitrag K\u00fcrbiscremesuppe und Apfelkuchen \u2013 5 tolle Rezepte f\u00fcr den Herbst-Genuss und Tipps f\u00fcr die Tischdeko im Herbst\"><\/a>\n\t\t\t\t\n\t\t\t\t\t\t\t\t\t\t\t\t<div class=\"wd-post-date wd-style-with-bg\">\n\t\t\t\t<span class=\"post-date-day\">\n\t\t\t\t\t29\t\t\t\t<\/span>\n\t\t\t\t<span class=\"post-date-month\">\n\t\t\t\t\tAug.\t\t\t\t<\/span>\n\t\t\t<\/div>\n\t\t\t\t\t\t\t\t\t<\/div>\n\t\t\n\t\t<div class=\"wd-post-content article-body-container\">\n\t\t\t\t\t\t\t<div class=\"wd-post-cat wd-style-with-bg meta-post-categories\">\n\t\t\t\t\t<a href=\"https:\/\/wilkens-wohnstudio.de\/blog\/category\/saisonal\/herbst\/\" rel=\"category tag\">Herbst<\/a>, <a href=\"https:\/\/wilkens-wohnstudio.de\/blog\/category\/saisonal\/\" rel=\"category tag\">Saisonal<\/a>, <a href=\"https:\/\/wilkens-wohnstudio.de\/blog\/category\/trockenblumen\/\" rel=\"category tag\">Trockenblumen<\/a>\t\t\t\t<\/div>\n\t\t\t\n\t\t\t\t\t\t\t<h3 class=\"wd-post-title wd-entities-title title post-title\">\n\t\t\t\t\t<a href=\"https:\/\/wilkens-wohnstudio.de\/blog\/trockenblumen\/kuerbiscremesuppe\/\" rel=\"bookmark\">K\u00fcrbiscremesuppe und Apfelkuchen \u2013 5 tolle Rezepte f\u00fcr den Herbst-Genuss und Tipps f\u00fcr die Tischdeko im Herbst<\/a>\n\t\t\t\t<\/h3>\n\t\t\t\n\t\t\t\t\t\t\t<div class=\"wd-post-meta\">\n\t\t\t\t\t\t\t\t\t\t\t\t\t\t\t<div class=\"wd-post-author\">\n\t\t\t\t\t\t\t\t\t\t\t<span>Geschrieben von<\/span>\n\t\t\n\t\t\t\t\t\t\t\n\t\t\t\t\t<a href=\"https:\/\/wilkens-wohnstudio.de\/blog\/author\/n-tangermann\/\" class=\"author\" rel=\"author\">Wilkens Wohnstudio<\/a>\n\t\t\t\t\t\t\t\t\t<\/div>\n\t\t\t\t\t<div class=\"wd-modified-date\">\n\t\t\t\t\t\t\t\t<time class=\"updated\" datetime=\"2023-01-05T17:01:08+01:00\">\n\t\t\t05.01.2023\t\t<\/time>\n\t\t\t\t\t\t\t<\/div>\n\n\t\t\t\t\t\t\t\t\t\t\t<div tabindex=\"0\" class=\"wd-post-share wd-tltp\">\n\t\t\t\t\t\t\t<div class=\"tooltip top\">\n\t\t\t\t\t\t\t\t<div class=\"tooltip-inner\">\n\t\t\t\t\t\t\t\t\t\t\t\t<div\n\t\t\t\t\t\tclass=\" wd-social-icons  wd-style-default wd-size-small social-share wd-shape-circle color-scheme-light text-center\">\n\t\t\t\t\n\t\t\t\t\n\t\t\t\t\t\t\t\t\t<a rel=\"noopener noreferrer nofollow\" href=\"https:\/\/www.facebook.com\/sharer\/sharer.php?u=https:\/\/wilkens-wohnstudio.de\/blog\/category\/saisonal\/herbst\/\" target=\"_blank\" class=\" wd-social-icon social-facebook\" aria-label=\"Facebook-Social-Link\">\n\t\t\t\t\t\t<span class=\"wd-icon\"><\/span>\n\t\t\t\t\t\t\t\t\t\t\t<\/a>\n\t\t\t\t\n\t\t\t\t\n\t\t\t\t\n\t\t\t\t\n\t\t\t\t\n\t\t\t\t\n\t\t\t\t\n\t\t\t\t\t\t\t\t\t<a rel=\"noopener noreferrer nofollow\" href=\"https:\/\/pinterest.com\/pin\/create\/button\/?url=https:\/\/wilkens-wohnstudio.de\/blog\/category\/saisonal\/herbst\/&media=https:\/\/wilkens-wohnstudio.de\/wp-content\/uploads\/2022\/08\/Kuerbissuppe-Tisch-deko-herbst.jpg&description=K%C3%BCrbiscremesuppe+und+Apfelkuchen+%E2%80%93+5+tolle+Rezepte+f%C3%BCr+den+Herbst-Genuss+und+Tipps+f%C3%BCr+die+Tischdeko+im+Herbst\" target=\"_blank\" class=\" wd-social-icon social-pinterest\" aria-label=\"Pinterest-Social-Link\">\n\t\t\t\t\t\t<span class=\"wd-icon\"><\/span>\n\t\t\t\t\t\t\t\t\t\t\t<\/a>\n\t\t\t\t\n\t\t\t\t\n\t\t\t\t\n\t\t\t\t\n\t\t\t\t\n\t\t\t\t\n\t\t\t\t\n\t\t\t\t\n\t\t\t\t\n\t\t\t\t\n\t\t\t\t\n\t\t\t\t\t\t\t\t\t<a rel=\"noopener noreferrer nofollow\" href=\"https:\/\/api.whatsapp.com\/send?text=https%3A%2F%2Fwilkens-wohnstudio.de%2Fblog%2Fcategory%2Fsaisonal%2Fherbst%2F\" target=\"_blank\" class=\"wd-hide-md  wd-social-icon social-whatsapp\" aria-label=\"WhatsApp-Social-Link\">\n\t\t\t\t\t\t<span class=\"wd-icon\"><\/span>\n\t\t\t\t\t\t\t\t\t\t\t<\/a>\n\n\t\t\t\t\t<a rel=\"noopener noreferrer nofollow\" href=\"whatsapp:\/\/send?text=https%3A%2F%2Fwilkens-wohnstudio.de%2Fblog%2Fcategory%2Fsaisonal%2Fherbst%2F\" target=\"_blank\" class=\"wd-hide-lg  wd-social-icon social-whatsapp\" aria-label=\"WhatsApp-Social-Link\">\n\t\t\t\t\t\t<span class=\"wd-icon\"><\/span>\n\t\t\t\t\t\t\t\t\t\t\t<\/a>\n\t\t\t\t\n\t\t\t\t\n\t\t\t\t\n\t\t\t\t\n\t\t\t\t\n\t\t\t\t\n\t\t\t\t\n\t\t\t\t\n\t\t\t<\/div>\n\n\t\t\t\t\t\t\t\t\t\t<\/div>\n\t\t\t\t\t\t\t\t<div class=\"tooltip-arrow\"><\/div>\n\t\t\t\t\t\t\t<\/div>\n\t\t\t\t\t\t<\/div>\n\t\t\t\t\t\n\t\t\t\t\t\t\t\t\t<\/div>\n\t\t\t\n\t\t\t\t\t\t\t\t\t\t\t\t<div class=\"wd-post-excerpt entry-content\">\n\t\t\t\t\t\tDer Herbst ist da!\r\nK\u00fcrbiscremesuppe ist nach einem erfrischenden Herbstspaziergang eine tolle M\u00f6glichkeit um sich aufzuw\u00e4rme...\t\t\t\t\t<\/div>\n\t\t\t\t\n\t\t\t\t\t\t\t\t\t\t\t\t\t\t<div class=\"wd-post-read-more wd-style-link read-more-section\">\n\t\t\t\t\t\t<a class=\"\" href=\"https:\/\/wilkens-wohnstudio.de\/blog\/trockenblumen\/kuerbiscremesuppe\/\">weiter lesen<\/a>\t\t\t\t\t<\/div>\n\t\t\t\t\t\t\t\t\t\t\t\t\t<\/div>\n\t<\/div>\n<\/article>\n\n\t\t\t\t\t\t\t\t\t\t\t\n<article id=\"post-37496\" class=\"wd-post blog-design-masonry blog-post-loop blog-style-bg wd-add-shadow wd-col post-37496 post type-post status-publish format-standard has-post-thumbnail hentry category-herbst category-saisonal tag-herbst tag-hirsch tag-kuerbis\">\n\t<div class=\"wd-post-inner article-inner\">\n\t\t\t\t\t<div class=\"wd-post-thumb entry-header\">\n\t\t\t\t\t\t\t\t\t<div class=\"wd-post-img post-img-wrapp\">\n\t\t\t\t\t\t<img width=\"1024\" height=\"768\" src=\"https:\/\/wilkens-wohnstudio.de\/wp-content\/uploads\/2022\/08\/Kuerbis-Herbst-Deko-1-1024x768.jpg\" class=\"attachment-large size-large\" alt=\"K\u00fcrbis-Herbst-Deko\" decoding=\"async\" srcset=\"https:\/\/wilkens-wohnstudio.de\/wp-content\/uploads\/2022\/08\/Kuerbis-Herbst-Deko-1-1024x768.jpg 1024w, https:\/\/wilkens-wohnstudio.de\/wp-content\/uploads\/2022\/08\/Kuerbis-Herbst-Deko-1-175x131.jpg 175w, https:\/\/wilkens-wohnstudio.de\/wp-content\/uploads\/2022\/08\/Kuerbis-Herbst-Deko-1-1000x750.jpg 1000w, https:\/\/wilkens-wohnstudio.de\/wp-content\/uploads\/2022\/08\/Kuerbis-Herbst-Deko-1-350x263.jpg 350w, https:\/\/wilkens-wohnstudio.de\/wp-content\/uploads\/2022\/08\/Kuerbis-Herbst-Deko-1-768x576.jpg 768w, https:\/\/wilkens-wohnstudio.de\/wp-content\/uploads\/2022\/08\/Kuerbis-Herbst-Deko-1-1536x1152.jpg 1536w, https:\/\/wilkens-wohnstudio.de\/wp-content\/uploads\/2022\/08\/Kuerbis-Herbst-Deko-1.jpg 1440w\" sizes=\"(max-width: 1024px) 100vw, 1024px\" \/>\t\t\t\t\t<\/div>\n\t\t\t\t\t\t\t\t\t\t<a class=\"wd-fill\" tabindex=\"-1\" href=\"https:\/\/wilkens-wohnstudio.de\/blog\/saisonal\/kuerbis-herbst-deko\/\" aria-label=\"Link zum Beitrag K\u00fcrbis, Hirsch und Co. &#8211; 11 Ideen f\u00fcr tolle Herbst-Deko\"><\/a>\n\t\t\t\t\n\t\t\t\t\t\t\t\t\t\t\t\t<div class=\"wd-post-date wd-style-with-bg\">\n\t\t\t\t<span class=\"post-date-day\">\n\t\t\t\t\t23\t\t\t\t<\/span>\n\t\t\t\t<span class=\"post-date-month\">\n\t\t\t\t\tAug.\t\t\t\t<\/span>\n\t\t\t<\/div>\n\t\t\t\t\t\t\t\t\t<\/div>\n\t\t\n\t\t<div class=\"wd-post-content article-body-container\">\n\t\t\t\t\t\t\t<div class=\"wd-post-cat wd-style-with-bg meta-post-categories\">\n\t\t\t\t\t<a href=\"https:\/\/wilkens-wohnstudio.de\/blog\/category\/saisonal\/herbst\/\" rel=\"category tag\">Herbst<\/a>, <a href=\"https:\/\/wilkens-wohnstudio.de\/blog\/category\/saisonal\/\" rel=\"category tag\">Saisonal<\/a>\t\t\t\t<\/div>\n\t\t\t\n\t\t\t\t\t\t\t<h3 class=\"wd-post-title wd-entities-title title post-title\">\n\t\t\t\t\t<a href=\"https:\/\/wilkens-wohnstudio.de\/blog\/saisonal\/kuerbis-herbst-deko\/\" rel=\"bookmark\">K\u00fcrbis, Hirsch und Co. &#8211; 11 Ideen f\u00fcr tolle Herbst-Deko<\/a>\n\t\t\t\t<\/h3>\n\t\t\t\n\t\t\t\t\t\t\t<div class=\"wd-post-meta\">\n\t\t\t\t\t\t\t\t\t\t\t\t\t\t\t<div class=\"wd-post-author\">\n\t\t\t\t\t\t\t\t\t\t\t<span>Geschrieben von<\/span>\n\t\t\n\t\t\t\t\t\t\t\n\t\t\t\t\t<a href=\"https:\/\/wilkens-wohnstudio.de\/blog\/author\/n-tangermann\/\" class=\"author\" rel=\"author\">Wilkens Wohnstudio<\/a>\n\t\t\t\t\t\t\t\t\t<\/div>\n\t\t\t\t\t<div class=\"wd-modified-date\">\n\t\t\t\t\t\t\t\t<time class=\"updated\" datetime=\"2023-01-05T17:01:10+01:00\">\n\t\t\t05.01.2023\t\t<\/time>\n\t\t\t\t\t\t\t<\/div>\n\n\t\t\t\t\t\t\t\t\t\t\t<div tabindex=\"0\" class=\"wd-post-share wd-tltp\">\n\t\t\t\t\t\t\t<div class=\"tooltip top\">\n\t\t\t\t\t\t\t\t<div class=\"tooltip-inner\">\n\t\t\t\t\t\t\t\t\t\t\t\t<div\n\t\t\t\t\t\tclass=\" wd-social-icons  wd-style-default wd-size-small social-share wd-shape-circle color-scheme-light text-center\">\n\t\t\t\t\n\t\t\t\t\n\t\t\t\t\t\t\t\t\t<a rel=\"noopener noreferrer nofollow\" href=\"https:\/\/www.facebook.com\/sharer\/sharer.php?u=https:\/\/wilkens-wohnstudio.de\/blog\/category\/saisonal\/herbst\/\" target=\"_blank\" class=\" wd-social-icon social-facebook\" aria-label=\"Facebook-Social-Link\">\n\t\t\t\t\t\t<span class=\"wd-icon\"><\/span>\n\t\t\t\t\t\t\t\t\t\t\t<\/a>\n\t\t\t\t\n\t\t\t\t\n\t\t\t\t\n\t\t\t\t\n\t\t\t\t\n\t\t\t\t\n\t\t\t\t\n\t\t\t\t\t\t\t\t\t<a rel=\"noopener noreferrer nofollow\" href=\"https:\/\/pinterest.com\/pin\/create\/button\/?url=https:\/\/wilkens-wohnstudio.de\/blog\/category\/saisonal\/herbst\/&media=https:\/\/wilkens-wohnstudio.de\/wp-content\/uploads\/2022\/08\/Kuerbis-Herbst-Deko-1.jpg&description=K%C3%BCrbis%2C+Hirsch+und+Co.+%26%238211%3B+11+Ideen+f%C3%BCr+tolle+Herbst-Deko\" target=\"_blank\" class=\" wd-social-icon social-pinterest\" aria-label=\"Pinterest-Social-Link\">\n\t\t\t\t\t\t<span class=\"wd-icon\"><\/span>\n\t\t\t\t\t\t\t\t\t\t\t<\/a>\n\t\t\t\t\n\t\t\t\t\n\t\t\t\t\n\t\t\t\t\n\t\t\t\t\n\t\t\t\t\n\t\t\t\t\n\t\t\t\t\n\t\t\t\t\n\t\t\t\t\n\t\t\t\t\n\t\t\t\t\t\t\t\t\t<a rel=\"noopener noreferrer nofollow\" href=\"https:\/\/api.whatsapp.com\/send?text=https%3A%2F%2Fwilkens-wohnstudio.de%2Fblog%2Fcategory%2Fsaisonal%2Fherbst%2F\" target=\"_blank\" class=\"wd-hide-md  wd-social-icon social-whatsapp\" aria-label=\"WhatsApp-Social-Link\">\n\t\t\t\t\t\t<span class=\"wd-icon\"><\/span>\n\t\t\t\t\t\t\t\t\t\t\t<\/a>\n\n\t\t\t\t\t<a rel=\"noopener noreferrer nofollow\" href=\"whatsapp:\/\/send?text=https%3A%2F%2Fwilkens-wohnstudio.de%2Fblog%2Fcategory%2Fsaisonal%2Fherbst%2F\" target=\"_blank\" class=\"wd-hide-lg  wd-social-icon social-whatsapp\" aria-label=\"WhatsApp-Social-Link\">\n\t\t\t\t\t\t<span class=\"wd-icon\"><\/span>\n\t\t\t\t\t\t\t\t\t\t\t<\/a>\n\t\t\t\t\n\t\t\t\t\n\t\t\t\t\n\t\t\t\t\n\t\t\t\t\n\t\t\t\t\n\t\t\t\t\n\t\t\t\t\n\t\t\t<\/div>\n\n\t\t\t\t\t\t\t\t\t\t<\/div>\n\t\t\t\t\t\t\t\t<div class=\"tooltip-arrow\"><\/div>\n\t\t\t\t\t\t\t<\/div>\n\t\t\t\t\t\t<\/div>\n\t\t\t\t\t\n\t\t\t\t\t\t\t\t\t<\/div>\n\t\t\t\n\t\t\t\t\t\t\t\t\t\t\t\t<div class=\"wd-post-excerpt entry-content\">\n\t\t\t\t\t\tHerbst-Deko: Von K\u00fcrbis bis Hirschgeweih\r\nK\u00fcrbis, Hirsche, Korngarben und buntes Laub \u2013 der Herbst beginnt! Der hei\u00dfe Sommer ...\t\t\t\t\t<\/div>\n\t\t\t\t\n\t\t\t\t\t\t\t\t\t\t\t\t\t\t<div class=\"wd-post-read-more wd-style-link read-more-section\">\n\t\t\t\t\t\t<a class=\"\" href=\"https:\/\/wilkens-wohnstudio.de\/blog\/saisonal\/kuerbis-herbst-deko\/\">weiter lesen<\/a>\t\t\t\t\t<\/div>\n\t\t\t\t\t\t\t\t\t\t\t\t\t<\/div>\n\t<\/div>\n<\/article>\n\n\t\t\t\t\t\t\t\t\t\t\t\n<article id=\"post-37259\" class=\"wd-post blog-design-masonry blog-post-loop blog-style-bg wd-add-shadow wd-col post-37259 post type-post status-publish format-standard has-post-thumbnail hentry category-skandinavisch category-dekoideen category-fruehling category-herbst category-maritim category-modern category-ostern category-vintage category-weihnachten category-wohnideen tag-holzdeko tag-nachhaltige-deko tag-natuerlich\">\n\t<div class=\"wd-post-inner article-inner\">\n\t\t\t\t\t<div class=\"wd-post-thumb entry-header\">\n\t\t\t\t\t\t\t\t\t<div class=\"wd-post-img post-img-wrapp\">\n\t\t\t\t\t\t<img width=\"1024\" height=\"1024\" src=\"https:\/\/wilkens-wohnstudio.de\/wp-content\/uploads\/2022\/08\/Holz-Deko-1024x1024.jpg\" class=\"attachment-large size-large\" alt=\"Holz-Deko\" decoding=\"async\" srcset=\"https:\/\/wilkens-wohnstudio.de\/wp-content\/uploads\/2022\/08\/Holz-Deko-1024x1024.jpg 1024w, https:\/\/wilkens-wohnstudio.de\/wp-content\/uploads\/2022\/08\/Holz-Deko-315x315.jpg 315w, https:\/\/wilkens-wohnstudio.de\/wp-content\/uploads\/2022\/08\/Holz-Deko-175x175.jpg 175w, https:\/\/wilkens-wohnstudio.de\/wp-content\/uploads\/2022\/08\/Holz-Deko-1000x1000.jpg 1000w, https:\/\/wilkens-wohnstudio.de\/wp-content\/uploads\/2022\/08\/Holz-Deko-350x350.jpg 350w, https:\/\/wilkens-wohnstudio.de\/wp-content\/uploads\/2022\/08\/Holz-Deko-250x250.jpg 250w, https:\/\/wilkens-wohnstudio.de\/wp-content\/uploads\/2022\/08\/Holz-Deko-768x768.jpg 768w, https:\/\/wilkens-wohnstudio.de\/wp-content\/uploads\/2022\/08\/Holz-Deko-1536x1536.jpg 1536w, https:\/\/wilkens-wohnstudio.de\/wp-content\/uploads\/2022\/08\/Holz-Deko-630x630.jpg 630w, https:\/\/wilkens-wohnstudio.de\/wp-content\/uploads\/2022\/08\/Holz-Deko.jpg 1080w\" sizes=\"(max-width: 1024px) 100vw, 1024px\" \/>\t\t\t\t\t<\/div>\n\t\t\t\t\t\t\t\t\t\t<a class=\"wd-fill\" tabindex=\"-1\" href=\"https:\/\/wilkens-wohnstudio.de\/blog\/deko-stile\/skandinavisch\/holzdeko-ideen\/\" aria-label=\"Link zum Beitrag Nat\u00fcrliche Holz-Deko: 13 tolle Holzdeko Ideen f\u00fcr Ihr Zuhause\"><\/a>\n\t\t\t\t\n\t\t\t\t\t\t\t\t\t\t\t\t<div class=\"wd-post-date wd-style-with-bg\">\n\t\t\t\t<span class=\"post-date-day\">\n\t\t\t\t\t18\t\t\t\t<\/span>\n\t\t\t\t<span class=\"post-date-month\">\n\t\t\t\t\tAug.\t\t\t\t<\/span>\n\t\t\t<\/div>\n\t\t\t\t\t\t\t\t\t<\/div>\n\t\t\n\t\t<div class=\"wd-post-content article-body-container\">\n\t\t\t\t\t\t\t<div class=\"wd-post-cat wd-style-with-bg meta-post-categories\">\n\t\t\t\t\t<a href=\"https:\/\/wilkens-wohnstudio.de\/blog\/category\/deko-stile\/skandinavisch\/\" rel=\"category tag\">Skandinavisch<\/a>, <a href=\"https:\/\/wilkens-wohnstudio.de\/blog\/category\/dekoideen\/\" rel=\"category tag\">Dekoideen<\/a>, <a href=\"https:\/\/wilkens-wohnstudio.de\/blog\/category\/saisonal\/fruehling\/\" rel=\"category tag\">Fr\u00fchling<\/a>, <a href=\"https:\/\/wilkens-wohnstudio.de\/blog\/category\/saisonal\/herbst\/\" rel=\"category tag\">Herbst<\/a>, <a href=\"https:\/\/wilkens-wohnstudio.de\/blog\/category\/deko-stile\/maritim\/\" rel=\"category tag\">Maritim<\/a>, <a href=\"https:\/\/wilkens-wohnstudio.de\/blog\/category\/deko-stile\/modern\/\" rel=\"category tag\">Modern<\/a>, <a href=\"https:\/\/wilkens-wohnstudio.de\/blog\/category\/saisonal\/ostern\/\" rel=\"category tag\">Ostern<\/a>, <a href=\"https:\/\/wilkens-wohnstudio.de\/blog\/category\/deko-stile\/vintage\/\" rel=\"category tag\">Vintage<\/a>, <a href=\"https:\/\/wilkens-wohnstudio.de\/blog\/category\/saisonal\/weihnachten\/\" rel=\"category tag\">Weihnachten<\/a>, <a href=\"https:\/\/wilkens-wohnstudio.de\/blog\/category\/wohnideen\/\" rel=\"category tag\">Wohnideen<\/a>\t\t\t\t<\/div>\n\t\t\t\n\t\t\t\t\t\t\t<h3 class=\"wd-post-title wd-entities-title title post-title\">\n\t\t\t\t\t<a href=\"https:\/\/wilkens-wohnstudio.de\/blog\/deko-stile\/skandinavisch\/holzdeko-ideen\/\" rel=\"bookmark\">Nat\u00fcrliche Holz-Deko: 13 tolle Holzdeko Ideen f\u00fcr Ihr Zuhause<\/a>\n\t\t\t\t<\/h3>\n\t\t\t\n\t\t\t\t\t\t\t<div class=\"wd-post-meta\">\n\t\t\t\t\t\t\t\t\t\t\t\t\t\t\t<div class=\"wd-post-author\">\n\t\t\t\t\t\t\t\t\t\t\t<span>Geschrieben von<\/span>\n\t\t\n\t\t\t\t\t\t\t\n\t\t\t\t\t<a href=\"https:\/\/wilkens-wohnstudio.de\/blog\/author\/n-tangermann\/\" class=\"author\" rel=\"author\">Wilkens Wohnstudio<\/a>\n\t\t\t\t\t\t\t\t\t<\/div>\n\t\t\t\t\t<div class=\"wd-modified-date\">\n\t\t\t\t\t\t\t\t<time class=\"updated\" datetime=\"2023-05-25T17:17:16+02:00\">\n\t\t\t25.05.2023\t\t<\/time>\n\t\t\t\t\t\t\t<\/div>\n\n\t\t\t\t\t\t\t\t\t\t\t<div tabindex=\"0\" class=\"wd-post-share wd-tltp\">\n\t\t\t\t\t\t\t<div class=\"tooltip top\">\n\t\t\t\t\t\t\t\t<div class=\"tooltip-inner\">\n\t\t\t\t\t\t\t\t\t\t\t\t<div\n\t\t\t\t\t\tclass=\" wd-social-icons  wd-style-default wd-size-small social-share wd-shape-circle color-scheme-light text-center\">\n\t\t\t\t\n\t\t\t\t\n\t\t\t\t\t\t\t\t\t<a rel=\"noopener noreferrer nofollow\" href=\"https:\/\/www.facebook.com\/sharer\/sharer.php?u=https:\/\/wilkens-wohnstudio.de\/blog\/category\/saisonal\/herbst\/\" target=\"_blank\" class=\" wd-social-icon social-facebook\" aria-label=\"Facebook-Social-Link\">\n\t\t\t\t\t\t<span class=\"wd-icon\"><\/span>\n\t\t\t\t\t\t\t\t\t\t\t<\/a>\n\t\t\t\t\n\t\t\t\t\n\t\t\t\t\n\t\t\t\t\n\t\t\t\t\n\t\t\t\t\n\t\t\t\t\n\t\t\t\t\t\t\t\t\t<a rel=\"noopener noreferrer nofollow\" href=\"https:\/\/pinterest.com\/pin\/create\/button\/?url=https:\/\/wilkens-wohnstudio.de\/blog\/category\/saisonal\/herbst\/&media=https:\/\/wilkens-wohnstudio.de\/wp-content\/uploads\/2022\/08\/Holz-Deko.jpg&description=Nat%C3%BCrliche+Holz-Deko%3A+13+tolle+Holzdeko+Ideen+f%C3%BCr+Ihr+Zuhause\" target=\"_blank\" class=\" wd-social-icon social-pinterest\" aria-label=\"Pinterest-Social-Link\">\n\t\t\t\t\t\t<span class=\"wd-icon\"><\/span>\n\t\t\t\t\t\t\t\t\t\t\t<\/a>\n\t\t\t\t\n\t\t\t\t\n\t\t\t\t\n\t\t\t\t\n\t\t\t\t\n\t\t\t\t\n\t\t\t\t\n\t\t\t\t\n\t\t\t\t\n\t\t\t\t\n\t\t\t\t\n\t\t\t\t\t\t\t\t\t<a rel=\"noopener noreferrer nofollow\" href=\"https:\/\/api.whatsapp.com\/send?text=https%3A%2F%2Fwilkens-wohnstudio.de%2Fblog%2Fcategory%2Fsaisonal%2Fherbst%2F\" target=\"_blank\" class=\"wd-hide-md  wd-social-icon social-whatsapp\" aria-label=\"WhatsApp-Social-Link\">\n\t\t\t\t\t\t<span class=\"wd-icon\"><\/span>\n\t\t\t\t\t\t\t\t\t\t\t<\/a>\n\n\t\t\t\t\t<a rel=\"noopener noreferrer nofollow\" href=\"whatsapp:\/\/send?text=https%3A%2F%2Fwilkens-wohnstudio.de%2Fblog%2Fcategory%2Fsaisonal%2Fherbst%2F\" target=\"_blank\" class=\"wd-hide-lg  wd-social-icon social-whatsapp\" aria-label=\"WhatsApp-Social-Link\">\n\t\t\t\t\t\t<span class=\"wd-icon\"><\/span>\n\t\t\t\t\t\t\t\t\t\t\t<\/a>\n\t\t\t\t\n\t\t\t\t\n\t\t\t\t\n\t\t\t\t\n\t\t\t\t\n\t\t\t\t\n\t\t\t\t\n\t\t\t\t\n\t\t\t<\/div>\n\n\t\t\t\t\t\t\t\t\t\t<\/div>\n\t\t\t\t\t\t\t\t<div class=\"tooltip-arrow\"><\/div>\n\t\t\t\t\t\t\t<\/div>\n\t\t\t\t\t\t<\/div>\n\t\t\t\t\t\n\t\t\t\t\t\t\t\t\t<\/div>\n\t\t\t\n\t\t\t\t\t\t\t\t\t\t\t\t<div class=\"wd-post-excerpt entry-content\">\n\t\t\t\t\t\tHolz \u2013 ein Werkstoff mit Geschichte\r\nHolzdeko ist ein Klassiker in der Deko-Welt. Schon seit Jahrtausenden stellen die Mensch...\t\t\t\t\t<\/div>\n\t\t\t\t\n\t\t\t\t\t\t\t\t\t\t\t\t\t\t<div class=\"wd-post-read-more wd-style-link read-more-section\">\n\t\t\t\t\t\t<a class=\"\" href=\"https:\/\/wilkens-wohnstudio.de\/blog\/deko-stile\/skandinavisch\/holzdeko-ideen\/\">weiter lesen<\/a>\t\t\t\t\t<\/div>\n\t\t\t\t\t\t\t\t\t\t\t\t\t<\/div>\n\t<\/div>\n<\/article>\n\n\t\t\t\t\t\t\t\t\t\t\t\n<article id=\"post-33932\" class=\"wd-post blog-design-masonry blog-post-loop blog-style-bg wd-add-shadow wd-col post-33932 post type-post status-publish format-standard has-post-thumbnail hentry category-dekoideen category-balkon category-fruehling category-garten category-herbst category-saisonal category-sommer category-wohnideen tag-garten-deko tag-urban-gardening\">\n\t<div class=\"wd-post-inner article-inner\">\n\t\t\t\t\t<div class=\"wd-post-thumb entry-header\">\n\t\t\t\t\t\t\t\t\t<div class=\"wd-post-img post-img-wrapp\">\n\t\t\t\t\t\t<img width=\"1024\" height=\"546\" src=\"https:\/\/wilkens-wohnstudio.de\/wp-content\/uploads\/2022\/06\/Urban_Gardening1-1024x546.jpg\" class=\"attachment-large size-large\" alt=\"Urban Gardening\" decoding=\"async\" srcset=\"https:\/\/wilkens-wohnstudio.de\/wp-content\/uploads\/2022\/06\/Urban_Gardening1-1024x546.jpg 1024w, https:\/\/wilkens-wohnstudio.de\/wp-content\/uploads\/2022\/06\/Urban_Gardening1-175x93.jpg 175w, https:\/\/wilkens-wohnstudio.de\/wp-content\/uploads\/2022\/06\/Urban_Gardening1-1000x533.jpg 1000w, https:\/\/wilkens-wohnstudio.de\/wp-content\/uploads\/2022\/06\/Urban_Gardening1-350x187.jpg 350w, https:\/\/wilkens-wohnstudio.de\/wp-content\/uploads\/2022\/06\/Urban_Gardening1-768x410.jpg 768w, https:\/\/wilkens-wohnstudio.de\/wp-content\/uploads\/2022\/06\/Urban_Gardening1-1536x819.jpg 1536w, https:\/\/wilkens-wohnstudio.de\/wp-content\/uploads\/2022\/06\/Urban_Gardening1.jpg 1920w\" sizes=\"(max-width: 1024px) 100vw, 1024px\" \/>\t\t\t\t\t<\/div>\n\t\t\t\t\t\t\t\t\t\t<a class=\"wd-fill\" tabindex=\"-1\" href=\"https:\/\/wilkens-wohnstudio.de\/blog\/dekoideen\/urban-gardening\/\" aria-label=\"Link zum Beitrag Urban Gardening und Mehr.: 13 tolle Garten-Deko Trends\"><\/a>\n\t\t\t\t\n\t\t\t\t\t\t\t\t\t\t\t\t<div class=\"wd-post-date wd-style-with-bg\">\n\t\t\t\t<span class=\"post-date-day\">\n\t\t\t\t\t02\t\t\t\t<\/span>\n\t\t\t\t<span class=\"post-date-month\">\n\t\t\t\t\tJuni\t\t\t\t<\/span>\n\t\t\t<\/div>\n\t\t\t\t\t\t\t\t\t<\/div>\n\t\t\n\t\t<div class=\"wd-post-content article-body-container\">\n\t\t\t\t\t\t\t<div class=\"wd-post-cat wd-style-with-bg meta-post-categories\">\n\t\t\t\t\t<a href=\"https:\/\/wilkens-wohnstudio.de\/blog\/category\/dekoideen\/\" rel=\"category tag\">Dekoideen<\/a>, <a href=\"https:\/\/wilkens-wohnstudio.de\/blog\/category\/wohnideen\/balkon\/\" rel=\"category tag\">Balkon<\/a>, <a href=\"https:\/\/wilkens-wohnstudio.de\/blog\/category\/saisonal\/fruehling\/\" rel=\"category tag\">Fr\u00fchling<\/a>, <a href=\"https:\/\/wilkens-wohnstudio.de\/blog\/category\/wohnideen\/garten\/\" rel=\"category tag\">Garten<\/a>, <a href=\"https:\/\/wilkens-wohnstudio.de\/blog\/category\/saisonal\/herbst\/\" rel=\"category tag\">Herbst<\/a>, <a href=\"https:\/\/wilkens-wohnstudio.de\/blog\/category\/saisonal\/\" rel=\"category tag\">Saisonal<\/a>, <a href=\"https:\/\/wilkens-wohnstudio.de\/blog\/category\/saisonal\/sommer\/\" rel=\"category tag\">Sommer<\/a>, <a href=\"https:\/\/wilkens-wohnstudio.de\/blog\/category\/wohnideen\/\" rel=\"category tag\">Wohnideen<\/a>\t\t\t\t<\/div>\n\t\t\t\n\t\t\t\t\t\t\t<h3 class=\"wd-post-title wd-entities-title title post-title\">\n\t\t\t\t\t<a href=\"https:\/\/wilkens-wohnstudio.de\/blog\/dekoideen\/urban-gardening\/\" rel=\"bookmark\">Urban Gardening und Mehr.: 13 tolle Garten-Deko Trends<\/a>\n\t\t\t\t<\/h3>\n\t\t\t\n\t\t\t\t\t\t\t<div class=\"wd-post-meta\">\n\t\t\t\t\t\t\t\t\t\t\t\t\t\t\t<div class=\"wd-post-author\">\n\t\t\t\t\t\t\t\t\t\t\t<span>Geschrieben von<\/span>\n\t\t\n\t\t\t\t\t\t\t\n\t\t\t\t\t<a href=\"https:\/\/wilkens-wohnstudio.de\/blog\/author\/n-tangermann\/\" class=\"author\" rel=\"author\">Wilkens Wohnstudio<\/a>\n\t\t\t\t\t\t\t\t\t<\/div>\n\t\t\t\t\t<div class=\"wd-modified-date\">\n\t\t\t\t\t\t\t\t<time class=\"updated\" datetime=\"2023-01-05T17:01:41+01:00\">\n\t\t\t05.01.2023\t\t<\/time>\n\t\t\t\t\t\t\t<\/div>\n\n\t\t\t\t\t\t\t\t\t\t\t<div tabindex=\"0\" class=\"wd-post-share wd-tltp\">\n\t\t\t\t\t\t\t<div class=\"tooltip top\">\n\t\t\t\t\t\t\t\t<div class=\"tooltip-inner\">\n\t\t\t\t\t\t\t\t\t\t\t\t<div\n\t\t\t\t\t\tclass=\" wd-social-icons  wd-style-default wd-size-small social-share wd-shape-circle color-scheme-light text-center\">\n\t\t\t\t\n\t\t\t\t\n\t\t\t\t\t\t\t\t\t<a rel=\"noopener noreferrer nofollow\" href=\"https:\/\/www.facebook.com\/sharer\/sharer.php?u=https:\/\/wilkens-wohnstudio.de\/blog\/category\/saisonal\/herbst\/\" target=\"_blank\" class=\" wd-social-icon social-facebook\" aria-label=\"Facebook-Social-Link\">\n\t\t\t\t\t\t<span class=\"wd-icon\"><\/span>\n\t\t\t\t\t\t\t\t\t\t\t<\/a>\n\t\t\t\t\n\t\t\t\t\n\t\t\t\t\n\t\t\t\t\n\t\t\t\t\n\t\t\t\t\n\t\t\t\t\n\t\t\t\t\t\t\t\t\t<a rel=\"noopener noreferrer nofollow\" href=\"https:\/\/pinterest.com\/pin\/create\/button\/?url=https:\/\/wilkens-wohnstudio.de\/blog\/category\/saisonal\/herbst\/&media=https:\/\/wilkens-wohnstudio.de\/wp-content\/uploads\/2022\/06\/Urban_Gardening1.jpg&description=Urban+Gardening+und+Mehr.%3A+13+tolle+Garten-Deko+Trends\" target=\"_blank\" class=\" wd-social-icon social-pinterest\" aria-label=\"Pinterest-Social-Link\">\n\t\t\t\t\t\t<span class=\"wd-icon\"><\/span>\n\t\t\t\t\t\t\t\t\t\t\t<\/a>\n\t\t\t\t\n\t\t\t\t\n\t\t\t\t\n\t\t\t\t\n\t\t\t\t\n\t\t\t\t\n\t\t\t\t\n\t\t\t\t\n\t\t\t\t\n\t\t\t\t\n\t\t\t\t\n\t\t\t\t\t\t\t\t\t<a rel=\"noopener noreferrer nofollow\" href=\"https:\/\/api.whatsapp.com\/send?text=https%3A%2F%2Fwilkens-wohnstudio.de%2Fblog%2Fcategory%2Fsaisonal%2Fherbst%2F\" target=\"_blank\" class=\"wd-hide-md  wd-social-icon social-whatsapp\" aria-label=\"WhatsApp-Social-Link\">\n\t\t\t\t\t\t<span class=\"wd-icon\"><\/span>\n\t\t\t\t\t\t\t\t\t\t\t<\/a>\n\n\t\t\t\t\t<a rel=\"noopener noreferrer nofollow\" href=\"whatsapp:\/\/send?text=https%3A%2F%2Fwilkens-wohnstudio.de%2Fblog%2Fcategory%2Fsaisonal%2Fherbst%2F\" target=\"_blank\" class=\"wd-hide-lg  wd-social-icon social-whatsapp\" aria-label=\"WhatsApp-Social-Link\">\n\t\t\t\t\t\t<span class=\"wd-icon\"><\/span>\n\t\t\t\t\t\t\t\t\t\t\t<\/a>\n\t\t\t\t\n\t\t\t\t\n\t\t\t\t\n\t\t\t\t\n\t\t\t\t\n\t\t\t\t\n\t\t\t\t\n\t\t\t\t\n\t\t\t<\/div>\n\n\t\t\t\t\t\t\t\t\t\t<\/div>\n\t\t\t\t\t\t\t\t<div class=\"tooltip-arrow\"><\/div>\n\t\t\t\t\t\t\t<\/div>\n\t\t\t\t\t\t<\/div>\n\t\t\t\t\t\n\t\t\t\t\t\t\t\t\t<\/div>\n\t\t\t\n\t\t\t\t\t\t\t\t\t\t\t\t<div class=\"wd-post-excerpt entry-content\">\n\t\t\t\t\t\tDen Garten gestalten\r\nDie Gartensaison ist in vollem Gange. Sp\u00e4testens wenn der Sommer da ist, ist auch die Zeit zum Grillen ...\t\t\t\t\t<\/div>\n\t\t\t\t\n\t\t\t\t\t\t\t\t\t\t\t\t\t\t<div class=\"wd-post-read-more wd-style-link read-more-section\">\n\t\t\t\t\t\t<a class=\"\" href=\"https:\/\/wilkens-wohnstudio.de\/blog\/dekoideen\/urban-gardening\/\">weiter lesen<\/a>\t\t\t\t\t<\/div>\n\t\t\t\t\t\t\t\t\t\t\t\t\t<\/div>\n\t<\/div>\n<\/article>\n\n\t\t\t\t\t\t\t\t\t\t\t\n<article id=\"post-33679\" class=\"wd-post blog-design-masonry blog-post-loop blog-style-bg wd-add-shadow wd-col post-33679 post type-post status-publish format-standard has-post-thumbnail hentry category-trockenblumen category-fruehling category-garten category-herbst category-sommer tag-cottage-core tag-garten tag-outdoor tag-vintage\">\n\t<div class=\"wd-post-inner article-inner\">\n\t\t\t\t\t<div class=\"wd-post-thumb entry-header\">\n\t\t\t\t\t\t\t\t\t<div class=\"wd-post-img post-img-wrapp\">\n\t\t\t\t\t\t<img width=\"1024\" height=\"768\" src=\"https:\/\/wilkens-wohnstudio.de\/wp-content\/uploads\/2022\/05\/Cottage-Core-Gartenv2-1024x768.jpg\" class=\"attachment-large size-large\" alt=\"Cottage-Core Garten\" decoding=\"async\" srcset=\"https:\/\/wilkens-wohnstudio.de\/wp-content\/uploads\/2022\/05\/Cottage-Core-Gartenv2-1024x768.jpg 1024w, https:\/\/wilkens-wohnstudio.de\/wp-content\/uploads\/2022\/05\/Cottage-Core-Gartenv2-175x131.jpg 175w, https:\/\/wilkens-wohnstudio.de\/wp-content\/uploads\/2022\/05\/Cottage-Core-Gartenv2-1000x750.jpg 1000w, https:\/\/wilkens-wohnstudio.de\/wp-content\/uploads\/2022\/05\/Cottage-Core-Gartenv2-350x263.jpg 350w, https:\/\/wilkens-wohnstudio.de\/wp-content\/uploads\/2022\/05\/Cottage-Core-Gartenv2-768x576.jpg 768w, https:\/\/wilkens-wohnstudio.de\/wp-content\/uploads\/2022\/05\/Cottage-Core-Gartenv2-1536x1152.jpg 1536w, https:\/\/wilkens-wohnstudio.de\/wp-content\/uploads\/2022\/05\/Cottage-Core-Gartenv2.jpg 1440w\" sizes=\"(max-width: 1024px) 100vw, 1024px\" \/>\t\t\t\t\t<\/div>\n\t\t\t\t\t\t\t\t\t\t<a class=\"wd-fill\" tabindex=\"-1\" href=\"https:\/\/wilkens-wohnstudio.de\/blog\/trockenblumen\/cottage-core-garten\/\" aria-label=\"Link zum Beitrag 10 Tipps: So gestalten Sie Ihren Garten im Cottage-Core Stil!\"><\/a>\n\t\t\t\t\n\t\t\t\t\t\t\t\t\t\t\t\t<div class=\"wd-post-date wd-style-with-bg\">\n\t\t\t\t<span class=\"post-date-day\">\n\t\t\t\t\t28\t\t\t\t<\/span>\n\t\t\t\t<span class=\"post-date-month\">\n\t\t\t\t\tMai\t\t\t\t<\/span>\n\t\t\t<\/div>\n\t\t\t\t\t\t\t\t\t<\/div>\n\t\t\n\t\t<div class=\"wd-post-content article-body-container\">\n\t\t\t\t\t\t\t<div class=\"wd-post-cat wd-style-with-bg meta-post-categories\">\n\t\t\t\t\t<a href=\"https:\/\/wilkens-wohnstudio.de\/blog\/category\/trockenblumen\/\" rel=\"category tag\">Trockenblumen<\/a>, <a href=\"https:\/\/wilkens-wohnstudio.de\/blog\/category\/saisonal\/fruehling\/\" rel=\"category tag\">Fr\u00fchling<\/a>, <a href=\"https:\/\/wilkens-wohnstudio.de\/blog\/category\/wohnideen\/garten\/\" rel=\"category tag\">Garten<\/a>, <a href=\"https:\/\/wilkens-wohnstudio.de\/blog\/category\/saisonal\/herbst\/\" rel=\"category tag\">Herbst<\/a>, <a href=\"https:\/\/wilkens-wohnstudio.de\/blog\/category\/saisonal\/sommer\/\" rel=\"category tag\">Sommer<\/a>\t\t\t\t<\/div>\n\t\t\t\n\t\t\t\t\t\t\t<h3 class=\"wd-post-title wd-entities-title title post-title\">\n\t\t\t\t\t<a href=\"https:\/\/wilkens-wohnstudio.de\/blog\/trockenblumen\/cottage-core-garten\/\" rel=\"bookmark\">10 Tipps: So gestalten Sie Ihren Garten im Cottage-Core Stil!<\/a>\n\t\t\t\t<\/h3>\n\t\t\t\n\t\t\t\t\t\t\t<div class=\"wd-post-meta\">\n\t\t\t\t\t\t\t\t\t\t\t\t\t\t\t<div class=\"wd-post-author\">\n\t\t\t\t\t\t\t\t\t\t\t<span>Geschrieben von<\/span>\n\t\t\n\t\t\t\t\t\t\t\n\t\t\t\t\t<a href=\"https:\/\/wilkens-wohnstudio.de\/blog\/author\/n-tangermann\/\" class=\"author\" rel=\"author\">Wilkens Wohnstudio<\/a>\n\t\t\t\t\t\t\t\t\t<\/div>\n\t\t\t\t\t<div class=\"wd-modified-date\">\n\t\t\t\t\t\t\t\t<time class=\"updated\" datetime=\"2023-01-05T17:03:03+01:00\">\n\t\t\t05.01.2023\t\t<\/time>\n\t\t\t\t\t\t\t<\/div>\n\n\t\t\t\t\t\t\t\t\t\t\t<div tabindex=\"0\" class=\"wd-post-share wd-tltp\">\n\t\t\t\t\t\t\t<div class=\"tooltip top\">\n\t\t\t\t\t\t\t\t<div class=\"tooltip-inner\">\n\t\t\t\t\t\t\t\t\t\t\t\t<div\n\t\t\t\t\t\tclass=\" wd-social-icons  wd-style-default wd-size-small social-share wd-shape-circle color-scheme-light text-center\">\n\t\t\t\t\n\t\t\t\t\n\t\t\t\t\t\t\t\t\t<a rel=\"noopener noreferrer nofollow\" href=\"https:\/\/www.facebook.com\/sharer\/sharer.php?u=https:\/\/wilkens-wohnstudio.de\/blog\/category\/saisonal\/herbst\/\" target=\"_blank\" class=\" wd-social-icon social-facebook\" aria-label=\"Facebook-Social-Link\">\n\t\t\t\t\t\t<span class=\"wd-icon\"><\/span>\n\t\t\t\t\t\t\t\t\t\t\t<\/a>\n\t\t\t\t\n\t\t\t\t\n\t\t\t\t\n\t\t\t\t\n\t\t\t\t\n\t\t\t\t\n\t\t\t\t\n\t\t\t\t\t\t\t\t\t<a rel=\"noopener noreferrer nofollow\" href=\"https:\/\/pinterest.com\/pin\/create\/button\/?url=https:\/\/wilkens-wohnstudio.de\/blog\/category\/saisonal\/herbst\/&media=https:\/\/wilkens-wohnstudio.de\/wp-content\/uploads\/2022\/05\/Cottage-Core-Gartenv2.jpg&description=10+Tipps%3A+So+gestalten+Sie+Ihren+Garten+im+Cottage-Core+Stil%21\" target=\"_blank\" class=\" wd-social-icon social-pinterest\" aria-label=\"Pinterest-Social-Link\">\n\t\t\t\t\t\t<span class=\"wd-icon\"><\/span>\n\t\t\t\t\t\t\t\t\t\t\t<\/a>\n\t\t\t\t\n\t\t\t\t\n\t\t\t\t\n\t\t\t\t\n\t\t\t\t\n\t\t\t\t\n\t\t\t\t\n\t\t\t\t\n\t\t\t\t\n\t\t\t\t\n\t\t\t\t\n\t\t\t\t\t\t\t\t\t<a rel=\"noopener noreferrer nofollow\" href=\"https:\/\/api.whatsapp.com\/send?text=https%3A%2F%2Fwilkens-wohnstudio.de%2Fblog%2Fcategory%2Fsaisonal%2Fherbst%2F\" target=\"_blank\" class=\"wd-hide-md  wd-social-icon social-whatsapp\" aria-label=\"WhatsApp-Social-Link\">\n\t\t\t\t\t\t<span class=\"wd-icon\"><\/span>\n\t\t\t\t\t\t\t\t\t\t\t<\/a>\n\n\t\t\t\t\t<a rel=\"noopener noreferrer nofollow\" href=\"whatsapp:\/\/send?text=https%3A%2F%2Fwilkens-wohnstudio.de%2Fblog%2Fcategory%2Fsaisonal%2Fherbst%2F\" target=\"_blank\" class=\"wd-hide-lg  wd-social-icon social-whatsapp\" aria-label=\"WhatsApp-Social-Link\">\n\t\t\t\t\t\t<span class=\"wd-icon\"><\/span>\n\t\t\t\t\t\t\t\t\t\t\t<\/a>\n\t\t\t\t\n\t\t\t\t\n\t\t\t\t\n\t\t\t\t\n\t\t\t\t\n\t\t\t\t\n\t\t\t\t\n\t\t\t\t\n\t\t\t<\/div>\n\n\t\t\t\t\t\t\t\t\t\t<\/div>\n\t\t\t\t\t\t\t\t<div class=\"tooltip-arrow\"><\/div>\n\t\t\t\t\t\t\t<\/div>\n\t\t\t\t\t\t<\/div>\n\t\t\t\t\t\n\t\t\t\t\t\t\t\t\t<\/div>\n\t\t\t\n\t\t\t\t\t\t\t\t\t\t\t\t<div class=\"wd-post-excerpt entry-content\">\n\t\t\t\t\t\tDer Cottage-Core Garten\r\nWenn Sie Ihren Garten im Cottage-Core Stil gestalten, wird es verspielt, nat\u00fcrlich und romantisch. D...\t\t\t\t\t<\/div>\n\t\t\t\t\n\t\t\t\t\t\t\t\t\t\t\t\t\t\t<div class=\"wd-post-read-more wd-style-link read-more-section\">\n\t\t\t\t\t\t<a class=\"\" href=\"https:\/\/wilkens-wohnstudio.de\/blog\/trockenblumen\/cottage-core-garten\/\">weiter lesen<\/a>\t\t\t\t\t<\/div>\n\t\t\t\t\t\t\t\t\t\t\t\t\t<\/div>\n\t<\/div>\n<\/article>\n\n\t\t\t\t\t\t\t\t\t\t\t\n<article id=\"post-33486\" class=\"wd-post blog-design-masonry blog-post-loop blog-style-bg wd-add-shadow wd-col post-33486 post type-post status-publish format-standard has-post-thumbnail hentry category-dekoideen category-fruehling category-garten category-herbst category-saisonal category-sommer category-wohnideen tag-garten tag-outdoor tag-parzelle tag-schrebergarten\">\n\t<div class=\"wd-post-inner article-inner\">\n\t\t\t\t\t<div class=\"wd-post-thumb entry-header\">\n\t\t\t\t\t\t\t\t\t<div class=\"wd-post-img post-img-wrapp\">\n\t\t\t\t\t\t<img width=\"1024\" height=\"768\" src=\"https:\/\/wilkens-wohnstudio.de\/wp-content\/uploads\/2022\/05\/Parzelle-1024x768.jpg\" class=\"attachment-large size-large\" alt=\"Parzelle\" decoding=\"async\" srcset=\"https:\/\/wilkens-wohnstudio.de\/wp-content\/uploads\/2022\/05\/Parzelle-1024x768.jpg 1024w, https:\/\/wilkens-wohnstudio.de\/wp-content\/uploads\/2022\/05\/Parzelle-175x131.jpg 175w, https:\/\/wilkens-wohnstudio.de\/wp-content\/uploads\/2022\/05\/Parzelle-1000x750.jpg 1000w, https:\/\/wilkens-wohnstudio.de\/wp-content\/uploads\/2022\/05\/Parzelle-350x263.jpg 350w, https:\/\/wilkens-wohnstudio.de\/wp-content\/uploads\/2022\/05\/Parzelle-768x576.jpg 768w, https:\/\/wilkens-wohnstudio.de\/wp-content\/uploads\/2022\/05\/Parzelle-1536x1152.jpg 1536w, https:\/\/wilkens-wohnstudio.de\/wp-content\/uploads\/2022\/05\/Parzelle.jpg 1440w\" sizes=\"(max-width: 1024px) 100vw, 1024px\" \/>\t\t\t\t\t<\/div>\n\t\t\t\t\t\t\t\t\t\t<a class=\"wd-fill\" tabindex=\"-1\" href=\"https:\/\/wilkens-wohnstudio.de\/blog\/dekoideen\/lauben-und-parzellen-deko\/\" aria-label=\"Link zum Beitrag Lauben und Parzellen-Deko \u2013 16 tolle Ideen f\u00fcr die Gestaltung Ihres Schrebergartens\"><\/a>\n\t\t\t\t\n\t\t\t\t\t\t\t\t\t\t\t\t<div class=\"wd-post-date wd-style-with-bg\">\n\t\t\t\t<span class=\"post-date-day\">\n\t\t\t\t\t25\t\t\t\t<\/span>\n\t\t\t\t<span class=\"post-date-month\">\n\t\t\t\t\tMai\t\t\t\t<\/span>\n\t\t\t<\/div>\n\t\t\t\t\t\t\t\t\t<\/div>\n\t\t\n\t\t<div class=\"wd-post-content article-body-container\">\n\t\t\t\t\t\t\t<div class=\"wd-post-cat wd-style-with-bg meta-post-categories\">\n\t\t\t\t\t<a href=\"https:\/\/wilkens-wohnstudio.de\/blog\/category\/dekoideen\/\" rel=\"category tag\">Dekoideen<\/a>, <a href=\"https:\/\/wilkens-wohnstudio.de\/blog\/category\/saisonal\/fruehling\/\" rel=\"category tag\">Fr\u00fchling<\/a>, <a href=\"https:\/\/wilkens-wohnstudio.de\/blog\/category\/wohnideen\/garten\/\" rel=\"category tag\">Garten<\/a>, <a href=\"https:\/\/wilkens-wohnstudio.de\/blog\/category\/saisonal\/herbst\/\" rel=\"category tag\">Herbst<\/a>, <a href=\"https:\/\/wilkens-wohnstudio.de\/blog\/category\/saisonal\/\" rel=\"category tag\">Saisonal<\/a>, <a href=\"https:\/\/wilkens-wohnstudio.de\/blog\/category\/saisonal\/sommer\/\" rel=\"category tag\">Sommer<\/a>, <a href=\"https:\/\/wilkens-wohnstudio.de\/blog\/category\/wohnideen\/\" rel=\"category tag\">Wohnideen<\/a>\t\t\t\t<\/div>\n\t\t\t\n\t\t\t\t\t\t\t<h3 class=\"wd-post-title wd-entities-title title post-title\">\n\t\t\t\t\t<a href=\"https:\/\/wilkens-wohnstudio.de\/blog\/dekoideen\/lauben-und-parzellen-deko\/\" rel=\"bookmark\">Lauben und Parzellen-Deko \u2013 16 tolle Ideen f\u00fcr die Gestaltung Ihres Schrebergartens<\/a>\n\t\t\t\t<\/h3>\n\t\t\t\n\t\t\t\t\t\t\t<div class=\"wd-post-meta\">\n\t\t\t\t\t\t\t\t\t\t\t\t\t\t\t<div class=\"wd-post-author\">\n\t\t\t\t\t\t\t\t\t\t\t<span>Geschrieben von<\/span>\n\t\t\n\t\t\t\t\t\t\t\n\t\t\t\t\t<a href=\"https:\/\/wilkens-wohnstudio.de\/blog\/author\/n-tangermann\/\" class=\"author\" rel=\"author\">Wilkens Wohnstudio<\/a>\n\t\t\t\t\t\t\t\t\t<\/div>\n\t\t\t\t\t<div class=\"wd-modified-date\">\n\t\t\t\t\t\t\t\t<time class=\"updated\" datetime=\"2023-01-05T17:03:04+01:00\">\n\t\t\t05.01.2023\t\t<\/time>\n\t\t\t\t\t\t\t<\/div>\n\n\t\t\t\t\t\t\t\t\t\t\t<div tabindex=\"0\" class=\"wd-post-share wd-tltp\">\n\t\t\t\t\t\t\t<div class=\"tooltip top\">\n\t\t\t\t\t\t\t\t<div class=\"tooltip-inner\">\n\t\t\t\t\t\t\t\t\t\t\t\t<div\n\t\t\t\t\t\tclass=\" wd-social-icons  wd-style-default wd-size-small social-share wd-shape-circle color-scheme-light text-center\">\n\t\t\t\t\n\t\t\t\t\n\t\t\t\t\t\t\t\t\t<a rel=\"noopener noreferrer nofollow\" href=\"https:\/\/www.facebook.com\/sharer\/sharer.php?u=https:\/\/wilkens-wohnstudio.de\/blog\/category\/saisonal\/herbst\/\" target=\"_blank\" class=\" wd-social-icon social-facebook\" aria-label=\"Facebook-Social-Link\">\n\t\t\t\t\t\t<span class=\"wd-icon\"><\/span>\n\t\t\t\t\t\t\t\t\t\t\t<\/a>\n\t\t\t\t\n\t\t\t\t\n\t\t\t\t\n\t\t\t\t\n\t\t\t\t\n\t\t\t\t\n\t\t\t\t\n\t\t\t\t\t\t\t\t\t<a rel=\"noopener noreferrer nofollow\" href=\"https:\/\/pinterest.com\/pin\/create\/button\/?url=https:\/\/wilkens-wohnstudio.de\/blog\/category\/saisonal\/herbst\/&media=https:\/\/wilkens-wohnstudio.de\/wp-content\/uploads\/2022\/05\/Parzelle.jpg&description=Lauben+und+Parzellen-Deko+%E2%80%93+16+tolle+Ideen+f%C3%BCr+die+Gestaltung+Ihres+Schrebergartens\" target=\"_blank\" class=\" wd-social-icon social-pinterest\" aria-label=\"Pinterest-Social-Link\">\n\t\t\t\t\t\t<span class=\"wd-icon\"><\/span>\n\t\t\t\t\t\t\t\t\t\t\t<\/a>\n\t\t\t\t\n\t\t\t\t\n\t\t\t\t\n\t\t\t\t\n\t\t\t\t\n\t\t\t\t\n\t\t\t\t\n\t\t\t\t\n\t\t\t\t\n\t\t\t\t\n\t\t\t\t\n\t\t\t\t\t\t\t\t\t<a rel=\"noopener noreferrer nofollow\" href=\"https:\/\/api.whatsapp.com\/send?text=https%3A%2F%2Fwilkens-wohnstudio.de%2Fblog%2Fcategory%2Fsaisonal%2Fherbst%2F\" target=\"_blank\" class=\"wd-hide-md  wd-social-icon social-whatsapp\" aria-label=\"WhatsApp-Social-Link\">\n\t\t\t\t\t\t<span class=\"wd-icon\"><\/span>\n\t\t\t\t\t\t\t\t\t\t\t<\/a>\n\n\t\t\t\t\t<a rel=\"noopener noreferrer nofollow\" href=\"whatsapp:\/\/send?text=https%3A%2F%2Fwilkens-wohnstudio.de%2Fblog%2Fcategory%2Fsaisonal%2Fherbst%2F\" target=\"_blank\" class=\"wd-hide-lg  wd-social-icon social-whatsapp\" aria-label=\"WhatsApp-Social-Link\">\n\t\t\t\t\t\t<span class=\"wd-icon\"><\/span>\n\t\t\t\t\t\t\t\t\t\t\t<\/a>\n\t\t\t\t\n\t\t\t\t\n\t\t\t\t\n\t\t\t\t\n\t\t\t\t\n\t\t\t\t\n\t\t\t\t\n\t\t\t\t\n\t\t\t<\/div>\n\n\t\t\t\t\t\t\t\t\t\t<\/div>\n\t\t\t\t\t\t\t\t<div class=\"tooltip-arrow\"><\/div>\n\t\t\t\t\t\t\t<\/div>\n\t\t\t\t\t\t<\/div>\n\t\t\t\t\t\n\t\t\t\t\t\t\t\t\t<\/div>\n\t\t\t\n\t\t\t\t\t\t\t\t\t\t\t\t<div class=\"wd-post-excerpt entry-content\">\n\t\t\t\t\t\tDie eigene Parzelle\r\nWer in der Stadt wohnt, hat oft keinen eigenen Garten. Wer trotzdem nicht aufs G\u00e4rtnern verzichten m\u00f6cht...\t\t\t\t\t<\/div>\n\t\t\t\t\n\t\t\t\t\t\t\t\t\t\t\t\t\t\t<div class=\"wd-post-read-more wd-style-link read-more-section\">\n\t\t\t\t\t\t<a class=\"\" href=\"https:\/\/wilkens-wohnstudio.de\/blog\/dekoideen\/lauben-und-parzellen-deko\/\">weiter lesen<\/a>\t\t\t\t\t<\/div>\n\t\t\t\t\t\t\t\t\t\t\t\t\t<\/div>\n\t<\/div>\n<\/article>\n\n\t\t\t\t\t\t\t\t\t\t\t\n<article id=\"post-17972\" class=\"wd-post blog-design-masonry blog-post-loop blog-style-bg wd-add-shadow wd-col post-17972 post type-post status-publish format-standard has-post-thumbnail hentry category-winter category-dekoideen category-herbst tag-gemuetlich tag-herbst tag-kuschelig tag-winter\">\n\t<div class=\"wd-post-inner article-inner\">\n\t\t\t\t\t<div class=\"wd-post-thumb entry-header\">\n\t\t\t\t\t\t\t\t\t<div class=\"wd-post-img post-img-wrapp\">\n\t\t\t\t\t\t<img width=\"1024\" height=\"768\" src=\"https:\/\/wilkens-wohnstudio.de\/wp-content\/uploads\/2021\/09\/Kuschelige_Deko-1024x768.jpg\" class=\"attachment-large size-large\" alt=\"Kuschelige Deko\" decoding=\"async\" srcset=\"https:\/\/wilkens-wohnstudio.de\/wp-content\/uploads\/2021\/09\/Kuschelige_Deko-1024x768.jpg 1024w, https:\/\/wilkens-wohnstudio.de\/wp-content\/uploads\/2021\/09\/Kuschelige_Deko-175x131.jpg 175w, https:\/\/wilkens-wohnstudio.de\/wp-content\/uploads\/2021\/09\/Kuschelige_Deko-1000x750.jpg 1000w, https:\/\/wilkens-wohnstudio.de\/wp-content\/uploads\/2021\/09\/Kuschelige_Deko-350x263.jpg 350w, https:\/\/wilkens-wohnstudio.de\/wp-content\/uploads\/2021\/09\/Kuschelige_Deko-768x576.jpg 768w, https:\/\/wilkens-wohnstudio.de\/wp-content\/uploads\/2021\/09\/Kuschelige_Deko-1536x1152.jpg 1536w, https:\/\/wilkens-wohnstudio.de\/wp-content\/uploads\/2021\/09\/Kuschelige_Deko.jpg 1440w\" sizes=\"(max-width: 1024px) 100vw, 1024px\" \/>\t\t\t\t\t<\/div>\n\t\t\t\t\t\t\t\t\t\t<a class=\"wd-fill\" tabindex=\"-1\" href=\"https:\/\/wilkens-wohnstudio.de\/blog\/saisonal\/winter\/kuschelige-deko\/\" aria-label=\"Link zum Beitrag 4 tolle kuschelige Deko Ideen f\u00fcr Herbst und Winter\"><\/a>\n\t\t\t\t\n\t\t\t\t\t\t\t\t\t\t\t\t<div class=\"wd-post-date wd-style-with-bg\">\n\t\t\t\t<span class=\"post-date-day\">\n\t\t\t\t\t05\t\t\t\t<\/span>\n\t\t\t\t<span class=\"post-date-month\">\n\t\t\t\t\tOkt.\t\t\t\t<\/span>\n\t\t\t<\/div>\n\t\t\t\t\t\t\t\t\t<\/div>\n\t\t\n\t\t<div class=\"wd-post-content article-body-container\">\n\t\t\t\t\t\t\t<div class=\"wd-post-cat wd-style-with-bg meta-post-categories\">\n\t\t\t\t\t<a href=\"https:\/\/wilkens-wohnstudio.de\/blog\/category\/saisonal\/winter\/\" rel=\"category tag\">Winter<\/a>, <a href=\"https:\/\/wilkens-wohnstudio.de\/blog\/category\/dekoideen\/\" rel=\"category tag\">Dekoideen<\/a>, <a href=\"https:\/\/wilkens-wohnstudio.de\/blog\/category\/saisonal\/herbst\/\" rel=\"category tag\">Herbst<\/a>\t\t\t\t<\/div>\n\t\t\t\n\t\t\t\t\t\t\t<h3 class=\"wd-post-title wd-entities-title title post-title\">\n\t\t\t\t\t<a href=\"https:\/\/wilkens-wohnstudio.de\/blog\/saisonal\/winter\/kuschelige-deko\/\" rel=\"bookmark\">4 tolle kuschelige Deko Ideen f\u00fcr Herbst und Winter<\/a>\n\t\t\t\t<\/h3>\n\t\t\t\n\t\t\t\t\t\t\t<div class=\"wd-post-meta\">\n\t\t\t\t\t\t\t\t\t\t\t\t\t\t\t<div class=\"wd-post-author\">\n\t\t\t\t\t\t\t\t\t\t\t<span>Geschrieben von<\/span>\n\t\t\n\t\t\t\t\t\t\t\n\t\t\t\t\t<a href=\"https:\/\/wilkens-wohnstudio.de\/blog\/author\/n-tangermann\/\" class=\"author\" rel=\"author\">Wilkens Wohnstudio<\/a>\n\t\t\t\t\t\t\t\t\t<\/div>\n\t\t\t\t\t<div class=\"wd-modified-date\">\n\t\t\t\t\t\t\t\t<time class=\"updated\" datetime=\"2023-09-25T11:36:33+02:00\">\n\t\t\t25.09.2023\t\t<\/time>\n\t\t\t\t\t\t\t<\/div>\n\n\t\t\t\t\t\t\t\t\t\t\t<div tabindex=\"0\" class=\"wd-post-share wd-tltp\">\n\t\t\t\t\t\t\t<div class=\"tooltip top\">\n\t\t\t\t\t\t\t\t<div class=\"tooltip-inner\">\n\t\t\t\t\t\t\t\t\t\t\t\t<div\n\t\t\t\t\t\tclass=\" wd-social-icons  wd-style-default wd-size-small social-share wd-shape-circle color-scheme-light text-center\">\n\t\t\t\t\n\t\t\t\t\n\t\t\t\t\t\t\t\t\t<a rel=\"noopener noreferrer nofollow\" href=\"https:\/\/www.facebook.com\/sharer\/sharer.php?u=https:\/\/wilkens-wohnstudio.de\/blog\/category\/saisonal\/herbst\/\" target=\"_blank\" class=\" wd-social-icon social-facebook\" aria-label=\"Facebook-Social-Link\">\n\t\t\t\t\t\t<span class=\"wd-icon\"><\/span>\n\t\t\t\t\t\t\t\t\t\t\t<\/a>\n\t\t\t\t\n\t\t\t\t\n\t\t\t\t\n\t\t\t\t\n\t\t\t\t\n\t\t\t\t\n\t\t\t\t\n\t\t\t\t\t\t\t\t\t<a rel=\"noopener noreferrer nofollow\" href=\"https:\/\/pinterest.com\/pin\/create\/button\/?url=https:\/\/wilkens-wohnstudio.de\/blog\/category\/saisonal\/herbst\/&media=https:\/\/wilkens-wohnstudio.de\/wp-content\/uploads\/2021\/09\/Kuschelige_Deko.jpg&description=4+tolle+kuschelige+Deko+Ideen+f%C3%BCr+Herbst+und+Winter\" target=\"_blank\" class=\" wd-social-icon social-pinterest\" aria-label=\"Pinterest-Social-Link\">\n\t\t\t\t\t\t<span class=\"wd-icon\"><\/span>\n\t\t\t\t\t\t\t\t\t\t\t<\/a>\n\t\t\t\t\n\t\t\t\t\n\t\t\t\t\n\t\t\t\t\n\t\t\t\t\n\t\t\t\t\n\t\t\t\t\n\t\t\t\t\n\t\t\t\t\n\t\t\t\t\n\t\t\t\t\n\t\t\t\t\t\t\t\t\t<a rel=\"noopener noreferrer nofollow\" href=\"https:\/\/api.whatsapp.com\/send?text=https%3A%2F%2Fwilkens-wohnstudio.de%2Fblog%2Fcategory%2Fsaisonal%2Fherbst%2F\" target=\"_blank\" class=\"wd-hide-md  wd-social-icon social-whatsapp\" aria-label=\"WhatsApp-Social-Link\">\n\t\t\t\t\t\t<span class=\"wd-icon\"><\/span>\n\t\t\t\t\t\t\t\t\t\t\t<\/a>\n\n\t\t\t\t\t<a rel=\"noopener noreferrer nofollow\" href=\"whatsapp:\/\/send?text=https%3A%2F%2Fwilkens-wohnstudio.de%2Fblog%2Fcategory%2Fsaisonal%2Fherbst%2F\" target=\"_blank\" class=\"wd-hide-lg  wd-social-icon social-whatsapp\" aria-label=\"WhatsApp-Social-Link\">\n\t\t\t\t\t\t<span class=\"wd-icon\"><\/span>\n\t\t\t\t\t\t\t\t\t\t\t<\/a>\n\t\t\t\t\n\t\t\t\t\n\t\t\t\t\n\t\t\t\t\n\t\t\t\t\n\t\t\t\t\n\t\t\t\t\n\t\t\t\t\n\t\t\t<\/div>\n\n\t\t\t\t\t\t\t\t\t\t<\/div>\n\t\t\t\t\t\t\t\t<div class=\"tooltip-arrow\"><\/div>\n\t\t\t\t\t\t\t<\/div>\n\t\t\t\t\t\t<\/div>\n\t\t\t\t\t\n\t\t\t\t\t\t\t\t\t\t\t\t\t\t<link rel=\"stylesheet\" id=\"wd-blog-mod-comments-button-css\" href=\"https:\/\/wilkens-wohnstudio.de\/wp-content\/themes\/woodmart\/css\/parts\/blog-mod-comments-button.min.css?ver=8.3.9\" type=\"text\/css\" media=\"all\" \/> \t\t\t\t\t\t\t\t\t<div class=\"wd-post-reply wd-style-1\">\n\t\t\t\t\t\t\t<a href=\"https:\/\/wilkens-wohnstudio.de\/blog\/saisonal\/winter\/kuschelige-deko\/#respond\"><span class=\"wd-replies-count\">0<\/span><\/a>\t\t\t\t\t\t<\/div>\n\t\t\t\t\t\t\t\t\t<\/div>\n\t\t\t\n\t\t\t\t\t\t\t\t\t\t\t\t<div class=\"wd-post-excerpt entry-content\">\n\t\t\t\t\t\tZeit f\u00fcr Gem\u00fctlichkeit: Kuschelige Deko f\u00fcr Herbst und Winter\r\nDie V\u00f6gel ziehen in den S\u00fcden, das Laub der B\u00e4ume f\u00e4rbt sich b...\t\t\t\t\t<\/div>\n\t\t\t\t\n\t\t\t\t\t\t\t\t\t\t\t\t\t\t<div class=\"wd-post-read-more wd-style-link read-more-section\">\n\t\t\t\t\t\t<a class=\"\" href=\"https:\/\/wilkens-wohnstudio.de\/blog\/saisonal\/winter\/kuschelige-deko\/\">weiter lesen<\/a>\t\t\t\t\t<\/div>\n\t\t\t\t\t\t\t\t\t\t\t\t\t<\/div>\n\t<\/div>\n<\/article>\n\n\t\t\t\t\t\t\t\t\t\t\t\n<article id=\"post-17961\" class=\"wd-post blog-design-masonry blog-post-loop blog-style-bg wd-add-shadow wd-col post-17961 post type-post status-publish format-standard has-post-thumbnail hentry category-dekoideen category-herbst category-trockenblumen category-winter tag-gemuetliche-deko tag-herbstdeko tag-winterdeko\">\n\t<div class=\"wd-post-inner article-inner\">\n\t\t\t\t\t<div class=\"wd-post-thumb entry-header\">\n\t\t\t\t\t\t\t\t\t<div class=\"wd-post-img post-img-wrapp\">\n\t\t\t\t\t\t<img width=\"1024\" height=\"768\" src=\"https:\/\/wilkens-wohnstudio.de\/wp-content\/uploads\/2021\/09\/warme_toene-1024x768.jpg\" class=\"attachment-large size-large\" alt=\"Herbstfarben herbstdeko\" decoding=\"async\" srcset=\"https:\/\/wilkens-wohnstudio.de\/wp-content\/uploads\/2021\/09\/warme_toene-1024x768.jpg 1024w, https:\/\/wilkens-wohnstudio.de\/wp-content\/uploads\/2021\/09\/warme_toene-175x131.jpg 175w, https:\/\/wilkens-wohnstudio.de\/wp-content\/uploads\/2021\/09\/warme_toene-1000x750.jpg 1000w, https:\/\/wilkens-wohnstudio.de\/wp-content\/uploads\/2021\/09\/warme_toene-350x263.jpg 350w, https:\/\/wilkens-wohnstudio.de\/wp-content\/uploads\/2021\/09\/warme_toene-768x576.jpg 768w, https:\/\/wilkens-wohnstudio.de\/wp-content\/uploads\/2021\/09\/warme_toene-1536x1152.jpg 1536w, https:\/\/wilkens-wohnstudio.de\/wp-content\/uploads\/2021\/09\/warme_toene.jpg 1440w\" sizes=\"(max-width: 1024px) 100vw, 1024px\" \/>\t\t\t\t\t<\/div>\n\t\t\t\t\t\t\t\t\t\t<a class=\"wd-fill\" tabindex=\"-1\" href=\"https:\/\/wilkens-wohnstudio.de\/blog\/dekoideen\/herbstfarben\/\" aria-label=\"Link zum Beitrag 5 tolle Deko Ideen f\u00fcr warme Herbstfarben in der Herbstdeko\"><\/a>\n\t\t\t\t\n\t\t\t\t\t\t\t\t\t\t\t\t<div class=\"wd-post-date wd-style-with-bg\">\n\t\t\t\t<span class=\"post-date-day\">\n\t\t\t\t\t24\t\t\t\t<\/span>\n\t\t\t\t<span class=\"post-date-month\">\n\t\t\t\t\tSep.\t\t\t\t<\/span>\n\t\t\t<\/div>\n\t\t\t\t\t\t\t\t\t<\/div>\n\t\t\n\t\t<div class=\"wd-post-content article-body-container\">\n\t\t\t\t\t\t\t<div class=\"wd-post-cat wd-style-with-bg meta-post-categories\">\n\t\t\t\t\t<a href=\"https:\/\/wilkens-wohnstudio.de\/blog\/category\/dekoideen\/\" rel=\"category tag\">Dekoideen<\/a>, <a href=\"https:\/\/wilkens-wohnstudio.de\/blog\/category\/saisonal\/herbst\/\" rel=\"category tag\">Herbst<\/a>, <a href=\"https:\/\/wilkens-wohnstudio.de\/blog\/category\/trockenblumen\/\" rel=\"category tag\">Trockenblumen<\/a>, <a href=\"https:\/\/wilkens-wohnstudio.de\/blog\/category\/saisonal\/winter\/\" rel=\"category tag\">Winter<\/a>\t\t\t\t<\/div>\n\t\t\t\n\t\t\t\t\t\t\t<h3 class=\"wd-post-title wd-entities-title title post-title\">\n\t\t\t\t\t<a href=\"https:\/\/wilkens-wohnstudio.de\/blog\/dekoideen\/herbstfarben\/\" rel=\"bookmark\">5 tolle Deko Ideen f\u00fcr warme Herbstfarben in der Herbstdeko<\/a>\n\t\t\t\t<\/h3>\n\t\t\t\n\t\t\t\t\t\t\t<div class=\"wd-post-meta\">\n\t\t\t\t\t\t\t\t\t\t\t\t\t\t\t<div class=\"wd-post-author\">\n\t\t\t\t\t\t\t\t\t\t\t<span>Geschrieben von<\/span>\n\t\t\n\t\t\t\t\t\t\t\n\t\t\t\t\t<a href=\"https:\/\/wilkens-wohnstudio.de\/blog\/author\/n-tangermann\/\" class=\"author\" rel=\"author\">Wilkens Wohnstudio<\/a>\n\t\t\t\t\t\t\t\t\t<\/div>\n\t\t\t\t\t<div class=\"wd-modified-date\">\n\t\t\t\t\t\t\t\t<time class=\"updated\" datetime=\"2023-09-25T13:39:03+02:00\">\n\t\t\t25.09.2023\t\t<\/time>\n\t\t\t\t\t\t\t<\/div>\n\n\t\t\t\t\t\t\t\t\t\t\t<div tabindex=\"0\" class=\"wd-post-share wd-tltp\">\n\t\t\t\t\t\t\t<div class=\"tooltip top\">\n\t\t\t\t\t\t\t\t<div class=\"tooltip-inner\">\n\t\t\t\t\t\t\t\t\t\t\t\t<div\n\t\t\t\t\t\tclass=\" wd-social-icons  wd-style-default wd-size-small social-share wd-shape-circle color-scheme-light text-center\">\n\t\t\t\t\n\t\t\t\t\n\t\t\t\t\t\t\t\t\t<a rel=\"noopener noreferrer nofollow\" href=\"https:\/\/www.facebook.com\/sharer\/sharer.php?u=https:\/\/wilkens-wohnstudio.de\/blog\/category\/saisonal\/herbst\/\" target=\"_blank\" class=\" wd-social-icon social-facebook\" aria-label=\"Facebook-Social-Link\">\n\t\t\t\t\t\t<span class=\"wd-icon\"><\/span>\n\t\t\t\t\t\t\t\t\t\t\t<\/a>\n\t\t\t\t\n\t\t\t\t\n\t\t\t\t\n\t\t\t\t\n\t\t\t\t\n\t\t\t\t\n\t\t\t\t\n\t\t\t\t\t\t\t\t\t<a rel=\"noopener noreferrer nofollow\" href=\"https:\/\/pinterest.com\/pin\/create\/button\/?url=https:\/\/wilkens-wohnstudio.de\/blog\/category\/saisonal\/herbst\/&media=https:\/\/wilkens-wohnstudio.de\/wp-content\/uploads\/2021\/09\/warme_toene.jpg&description=5+tolle+Deko+Ideen+f%C3%BCr+warme+Herbstfarben+in+der+Herbstdeko\" target=\"_blank\" class=\" wd-social-icon social-pinterest\" aria-label=\"Pinterest-Social-Link\">\n\t\t\t\t\t\t<span class=\"wd-icon\"><\/span>\n\t\t\t\t\t\t\t\t\t\t\t<\/a>\n\t\t\t\t\n\t\t\t\t\n\t\t\t\t\n\t\t\t\t\n\t\t\t\t\n\t\t\t\t\n\t\t\t\t\n\t\t\t\t\n\t\t\t\t\n\t\t\t\t\n\t\t\t\t\n\t\t\t\t\t\t\t\t\t<a rel=\"noopener noreferrer nofollow\" href=\"https:\/\/api.whatsapp.com\/send?text=https%3A%2F%2Fwilkens-wohnstudio.de%2Fblog%2Fcategory%2Fsaisonal%2Fherbst%2F\" target=\"_blank\" class=\"wd-hide-md  wd-social-icon social-whatsapp\" aria-label=\"WhatsApp-Social-Link\">\n\t\t\t\t\t\t<span class=\"wd-icon\"><\/span>\n\t\t\t\t\t\t\t\t\t\t\t<\/a>\n\n\t\t\t\t\t<a rel=\"noopener noreferrer nofollow\" href=\"whatsapp:\/\/send?text=https%3A%2F%2Fwilkens-wohnstudio.de%2Fblog%2Fcategory%2Fsaisonal%2Fherbst%2F\" target=\"_blank\" class=\"wd-hide-lg  wd-social-icon social-whatsapp\" aria-label=\"WhatsApp-Social-Link\">\n\t\t\t\t\t\t<span class=\"wd-icon\"><\/span>\n\t\t\t\t\t\t\t\t\t\t\t<\/a>\n\t\t\t\t\n\t\t\t\t\n\t\t\t\t\n\t\t\t\t\n\t\t\t\t\n\t\t\t\t\n\t\t\t\t\n\t\t\t\t\n\t\t\t<\/div>\n\n\t\t\t\t\t\t\t\t\t\t<\/div>\n\t\t\t\t\t\t\t\t<div class=\"tooltip-arrow\"><\/div>\n\t\t\t\t\t\t\t<\/div>\n\t\t\t\t\t\t<\/div>\n\t\t\t\t\t\n\t\t\t\t\t\t\t\t\t\t\t\t\t\t\t\t\t<div class=\"wd-post-reply wd-style-1\">\n\t\t\t\t\t\t\t<a href=\"https:\/\/wilkens-wohnstudio.de\/blog\/dekoideen\/herbstfarben\/#respond\"><span class=\"wd-replies-count\">0<\/span><\/a>\t\t\t\t\t\t<\/div>\n\t\t\t\t\t\t\t\t\t<\/div>\n\t\t\t\n\t\t\t\t\t\t\t\t\t\t\t\t<div class=\"wd-post-excerpt entry-content\">\n\t\t\t\t\t\tHerbstdeko in warmen Herbstfarben\r\nDie dunkle Jahresh\u00e4lfte bricht an. Herbstst\u00fcrme ziehen \u00fcbers Land, es wird Drau\u00dfen kalt, n...\t\t\t\t\t<\/div>\n\t\t\t\t\n\t\t\t\t\t\t\t\t\t\t\t\t\t\t<div class=\"wd-post-read-more wd-style-link read-more-section\">\n\t\t\t\t\t\t<a class=\"\" href=\"https:\/\/wilkens-wohnstudio.de\/blog\/dekoideen\/herbstfarben\/\">weiter lesen<\/a>\t\t\t\t\t<\/div>\n\t\t\t\t\t\t\t\t\t\t\t\t\t<\/div>\n\t<\/div>\n<\/article>\n\n\t\t\t\t\t\t\t\t\t\t\t\n<article id=\"post-17399\" class=\"wd-post blog-design-masonry blog-post-loop blog-style-bg wd-add-shadow wd-col post-17399 post type-post status-publish format-standard has-post-thumbnail hentry category-herbst category-wohnideen tag-herbstdekoration tag-saisonal\">\n\t<div class=\"wd-post-inner article-inner\">\n\t\t\t\t\t<div class=\"wd-post-thumb entry-header\">\n\t\t\t\t\t\t\t\t\t<div class=\"wd-post-img post-img-wrapp\">\n\t\t\t\t\t\t<img width=\"1024\" height=\"768\" src=\"https:\/\/wilkens-wohnstudio.de\/wp-content\/uploads\/2021\/09\/Herbstdekoration-1024x768.jpg\" class=\"attachment-large size-large\" alt=\"Herbstdekoration\" decoding=\"async\" srcset=\"https:\/\/wilkens-wohnstudio.de\/wp-content\/uploads\/2021\/09\/Herbstdekoration-1024x768.jpg 1024w, https:\/\/wilkens-wohnstudio.de\/wp-content\/uploads\/2021\/09\/Herbstdekoration-175x131.jpg 175w, https:\/\/wilkens-wohnstudio.de\/wp-content\/uploads\/2021\/09\/Herbstdekoration-1000x750.jpg 1000w, https:\/\/wilkens-wohnstudio.de\/wp-content\/uploads\/2021\/09\/Herbstdekoration-350x263.jpg 350w, https:\/\/wilkens-wohnstudio.de\/wp-content\/uploads\/2021\/09\/Herbstdekoration-768x576.jpg 768w, https:\/\/wilkens-wohnstudio.de\/wp-content\/uploads\/2021\/09\/Herbstdekoration-1536x1152.jpg 1536w, https:\/\/wilkens-wohnstudio.de\/wp-content\/uploads\/2021\/09\/Herbstdekoration.jpg 1440w\" sizes=\"(max-width: 1024px) 100vw, 1024px\" \/>\t\t\t\t\t<\/div>\n\t\t\t\t\t\t\t\t\t\t<a class=\"wd-fill\" tabindex=\"-1\" href=\"https:\/\/wilkens-wohnstudio.de\/blog\/saisonal\/herbst\/herbstdekoration\/\" aria-label=\"Link zum Beitrag 5 tolle Ideen f\u00fcr die Herbstdekoration\"><\/a>\n\t\t\t\t\n\t\t\t\t\t\t\t\t\t\t\t\t<div class=\"wd-post-date wd-style-with-bg\">\n\t\t\t\t<span class=\"post-date-day\">\n\t\t\t\t\t18\t\t\t\t<\/span>\n\t\t\t\t<span class=\"post-date-month\">\n\t\t\t\t\tSep.\t\t\t\t<\/span>\n\t\t\t<\/div>\n\t\t\t\t\t\t\t\t\t<\/div>\n\t\t\n\t\t<div class=\"wd-post-content article-body-container\">\n\t\t\t\t\t\t\t<div class=\"wd-post-cat wd-style-with-bg meta-post-categories\">\n\t\t\t\t\t<a href=\"https:\/\/wilkens-wohnstudio.de\/blog\/category\/saisonal\/herbst\/\" rel=\"category tag\">Herbst<\/a>, <a href=\"https:\/\/wilkens-wohnstudio.de\/blog\/category\/wohnideen\/\" rel=\"category tag\">Wohnideen<\/a>\t\t\t\t<\/div>\n\t\t\t\n\t\t\t\t\t\t\t<h3 class=\"wd-post-title wd-entities-title title post-title\">\n\t\t\t\t\t<a href=\"https:\/\/wilkens-wohnstudio.de\/blog\/saisonal\/herbst\/herbstdekoration\/\" rel=\"bookmark\">5 tolle Ideen f\u00fcr die Herbstdekoration<\/a>\n\t\t\t\t<\/h3>\n\t\t\t\n\t\t\t\t\t\t\t<div class=\"wd-post-meta\">\n\t\t\t\t\t\t\t\t\t\t\t\t\t\t\t<div class=\"wd-post-author\">\n\t\t\t\t\t\t\t\t\t\t\t<span>Geschrieben von<\/span>\n\t\t\n\t\t\t\t\t\t\t\n\t\t\t\t\t<a href=\"https:\/\/wilkens-wohnstudio.de\/blog\/author\/n-tangermann\/\" class=\"author\" rel=\"author\">Wilkens Wohnstudio<\/a>\n\t\t\t\t\t\t\t\t\t<\/div>\n\t\t\t\t\t<div class=\"wd-modified-date\">\n\t\t\t\t\t\t\t\t<time class=\"updated\" datetime=\"2023-09-25T12:34:30+02:00\">\n\t\t\t25.09.2023\t\t<\/time>\n\t\t\t\t\t\t\t<\/div>\n\n\t\t\t\t\t\t\t\t\t\t\t<div tabindex=\"0\" class=\"wd-post-share wd-tltp\">\n\t\t\t\t\t\t\t<div class=\"tooltip top\">\n\t\t\t\t\t\t\t\t<div class=\"tooltip-inner\">\n\t\t\t\t\t\t\t\t\t\t\t\t<div\n\t\t\t\t\t\tclass=\" wd-social-icons  wd-style-default wd-size-small social-share wd-shape-circle color-scheme-light text-center\">\n\t\t\t\t\n\t\t\t\t\n\t\t\t\t\t\t\t\t\t<a rel=\"noopener noreferrer nofollow\" href=\"https:\/\/www.facebook.com\/sharer\/sharer.php?u=https:\/\/wilkens-wohnstudio.de\/blog\/category\/saisonal\/herbst\/\" target=\"_blank\" class=\" wd-social-icon social-facebook\" aria-label=\"Facebook-Social-Link\">\n\t\t\t\t\t\t<span class=\"wd-icon\"><\/span>\n\t\t\t\t\t\t\t\t\t\t\t<\/a>\n\t\t\t\t\n\t\t\t\t\n\t\t\t\t\n\t\t\t\t\n\t\t\t\t\n\t\t\t\t\n\t\t\t\t\n\t\t\t\t\t\t\t\t\t<a rel=\"noopener noreferrer nofollow\" href=\"https:\/\/pinterest.com\/pin\/create\/button\/?url=https:\/\/wilkens-wohnstudio.de\/blog\/category\/saisonal\/herbst\/&media=https:\/\/wilkens-wohnstudio.de\/wp-content\/uploads\/2021\/09\/Herbstdekoration.jpg&description=5+tolle+Ideen+f%C3%BCr+die+Herbstdekoration\" target=\"_blank\" class=\" wd-social-icon social-pinterest\" aria-label=\"Pinterest-Social-Link\">\n\t\t\t\t\t\t<span class=\"wd-icon\"><\/span>\n\t\t\t\t\t\t\t\t\t\t\t<\/a>\n\t\t\t\t\n\t\t\t\t\n\t\t\t\t\n\t\t\t\t\n\t\t\t\t\n\t\t\t\t\n\t\t\t\t\n\t\t\t\t\n\t\t\t\t\n\t\t\t\t\n\t\t\t\t\n\t\t\t\t\t\t\t\t\t<a rel=\"noopener noreferrer nofollow\" href=\"https:\/\/api.whatsapp.com\/send?text=https%3A%2F%2Fwilkens-wohnstudio.de%2Fblog%2Fcategory%2Fsaisonal%2Fherbst%2F\" target=\"_blank\" class=\"wd-hide-md  wd-social-icon social-whatsapp\" aria-label=\"WhatsApp-Social-Link\">\n\t\t\t\t\t\t<span class=\"wd-icon\"><\/span>\n\t\t\t\t\t\t\t\t\t\t\t<\/a>\n\n\t\t\t\t\t<a rel=\"noopener noreferrer nofollow\" href=\"whatsapp:\/\/send?text=https%3A%2F%2Fwilkens-wohnstudio.de%2Fblog%2Fcategory%2Fsaisonal%2Fherbst%2F\" target=\"_blank\" class=\"wd-hide-lg  wd-social-icon social-whatsapp\" aria-label=\"WhatsApp-Social-Link\">\n\t\t\t\t\t\t<span class=\"wd-icon\"><\/span>\n\t\t\t\t\t\t\t\t\t\t\t<\/a>\n\t\t\t\t\n\t\t\t\t\n\t\t\t\t\n\t\t\t\t\n\t\t\t\t\n\t\t\t\t\n\t\t\t\t\n\t\t\t\t\n\t\t\t<\/div>\n\n\t\t\t\t\t\t\t\t\t\t<\/div>\n\t\t\t\t\t\t\t\t<div class=\"tooltip-arrow\"><\/div>\n\t\t\t\t\t\t\t<\/div>\n\t\t\t\t\t\t<\/div>\n\t\t\t\t\t\n\t\t\t\t\t\t\t\t\t\t\t\t\t\t\t\t\t<div class=\"wd-post-reply wd-style-1\">\n\t\t\t\t\t\t\t<a href=\"https:\/\/wilkens-wohnstudio.de\/blog\/saisonal\/herbst\/herbstdekoration\/#respond\"><span class=\"wd-replies-count\">0<\/span><\/a>\t\t\t\t\t\t<\/div>\n\t\t\t\t\t\t\t\t\t<\/div>\n\t\t\t\n\t\t\t\t\t\t\t\t\t\t\t\t<div class=\"wd-post-excerpt entry-content\">\n\t\t\t\t\t\tGem\u00fctlich und Nat\u00fcrlich: Herbstdekoration\r\nDer Sommer geht, der Herbst bricht an. Zeit f\u00fcr etwas bunte Herbstdekoration! Lang...\t\t\t\t\t<\/div>\n\t\t\t\t\n\t\t\t\t\t\t\t\t\t\t\t\t\t\t<div class=\"wd-post-read-more wd-style-link read-more-section\">\n\t\t\t\t\t\t<a class=\"\" href=\"https:\/\/wilkens-wohnstudio.de\/blog\/saisonal\/herbst\/herbstdekoration\/\">weiter lesen<\/a>\t\t\t\t\t<\/div>\n\t\t\t\t\t\t\t\t\t\t\t\t\t<\/div>\n\t<\/div>\n<\/article>\n\n\t\t\t\t\t\n\t\t\t\t\t","status":"no-more-posts","nextPage":"?woo_ajax=1","currentPage":"https:\/\/wilkens-wohnstudio.de\/blog\/category\/saisonal\/herbst\/page\/2"}