
			
				

					
				

			
		{"items":"\n\t\t\t\t\t\t\t\t\t\t\t\t\t\t<link rel=\"stylesheet\" id=\"wd-post-types-mod-categories-style-bg-css\" href=\"https:\/\/wilkens-wohnstudio.de\/wp-content\/themes\/woodmart\/css\/parts\/post-types-mod-categories-style-bg.min.css?ver=8.3.9\" type=\"text\/css\" media=\"all\" \/> \t\t\t\n<article id=\"post-68309\" class=\"wd-post blog-design-masonry blog-post-loop blog-style-bg wd-add-shadow wd-col post-68309 post type-post status-publish format-standard has-post-thumbnail hentry category-deko-stile category-badezimmer category-esszimmer category-fruehling category-herbst category-maritim category-mediterrane-deko category-minimalistisch category-modern category-natur-deko category-ostern category-rustikale-deko category-saisonal category-sommer category-weihnachten category-winter category-wohnideen category-wohnzimmer tag-esszimmer-deko tag-tischdeko tag-wohnzimmer-deko tag-ziegelform-dekorieren\">\n\t<div class=\"wd-post-inner article-inner\">\n\t\t\t\t\t<div class=\"wd-post-thumb entry-header\">\n\t\t\t\t\t\t\t\t\t<div class=\"wd-post-img post-img-wrapp\">\n\t\t\t\t\t\t<img width=\"1024\" height=\"768\" src=\"https:\/\/wilkens-wohnstudio.de\/wp-content\/uploads\/2024\/09\/Ziegelformen-dekorieren-21-tolle-Ideen-fuer-vielfaeltige-Tischdeko-1024x768.jpg\" class=\"attachment-large size-large\" alt=\"Ziegelformen dekorieren 21 tolle Ideen f\u00fcr vielf\u00e4ltige Tischdeko\" decoding=\"async\" fetchpriority=\"high\" srcset=\"https:\/\/wilkens-wohnstudio.de\/wp-content\/uploads\/2024\/09\/Ziegelformen-dekorieren-21-tolle-Ideen-fuer-vielfaeltige-Tischdeko-1024x768.jpg 1024w, https:\/\/wilkens-wohnstudio.de\/wp-content\/uploads\/2024\/09\/Ziegelformen-dekorieren-21-tolle-Ideen-fuer-vielfaeltige-Tischdeko-350x263.jpg 350w, https:\/\/wilkens-wohnstudio.de\/wp-content\/uploads\/2024\/09\/Ziegelformen-dekorieren-21-tolle-Ideen-fuer-vielfaeltige-Tischdeko-768x576.jpg 768w, https:\/\/wilkens-wohnstudio.de\/wp-content\/uploads\/2024\/09\/Ziegelformen-dekorieren-21-tolle-Ideen-fuer-vielfaeltige-Tischdeko-60x45.jpg 60w, https:\/\/wilkens-wohnstudio.de\/wp-content\/uploads\/2024\/09\/Ziegelformen-dekorieren-21-tolle-Ideen-fuer-vielfaeltige-Tischdeko-110x83.jpg 110w, https:\/\/wilkens-wohnstudio.de\/wp-content\/uploads\/2024\/09\/Ziegelformen-dekorieren-21-tolle-Ideen-fuer-vielfaeltige-Tischdeko-1000x750.jpg 1000w, https:\/\/wilkens-wohnstudio.de\/wp-content\/uploads\/2024\/09\/Ziegelformen-dekorieren-21-tolle-Ideen-fuer-vielfaeltige-Tischdeko-175x131.jpg 175w, https:\/\/wilkens-wohnstudio.de\/wp-content\/uploads\/2024\/09\/Ziegelformen-dekorieren-21-tolle-Ideen-fuer-vielfaeltige-Tischdeko.jpg 1440w\" sizes=\"(max-width: 1024px) 100vw, 1024px\" \/>\t\t\t\t\t<\/div>\n\t\t\t\t\t\t\t\t\t\t<a class=\"wd-fill\" tabindex=\"-1\" href=\"https:\/\/wilkens-wohnstudio.de\/blog\/deko-stile\/ziegelformen-dekorieren\/\" aria-label=\"Link zum Beitrag Ziegelformen dekorieren \u2013 21 tolle Ideen f\u00fcr vielf\u00e4ltige Tischdeko\"><\/a>\n\t\t\t\t\n\t\t\t\t\t\t\t\t\t\t\t\t<link rel=\"stylesheet\" id=\"wd-post-types-mod-date-style-bg-css\" href=\"https:\/\/wilkens-wohnstudio.de\/wp-content\/themes\/woodmart\/css\/parts\/post-types-mod-date-style-bg.min.css?ver=8.3.9\" type=\"text\/css\" media=\"all\" \/> \t\t\t\t\t\t<div class=\"wd-post-date wd-style-with-bg\">\n\t\t\t\t<span class=\"post-date-day\">\n\t\t\t\t\t24\t\t\t\t<\/span>\n\t\t\t\t<span class=\"post-date-month\">\n\t\t\t\t\tSep.\t\t\t\t<\/span>\n\t\t\t<\/div>\n\t\t\t\t\t\t\t\t\t<\/div>\n\t\t\n\t\t<div class=\"wd-post-content article-body-container\">\n\t\t\t\t\t\t\t<div class=\"wd-post-cat wd-style-with-bg meta-post-categories\">\n\t\t\t\t\t<a href=\"https:\/\/wilkens-wohnstudio.de\/blog\/category\/deko-stile\/\" rel=\"category tag\">Deko-Stile<\/a>, <a href=\"https:\/\/wilkens-wohnstudio.de\/blog\/category\/wohnideen\/badezimmer\/\" rel=\"category tag\">Badezimmer<\/a>, <a href=\"https:\/\/wilkens-wohnstudio.de\/blog\/category\/wohnideen\/esszimmer\/\" rel=\"category tag\">Esszimmer<\/a>, <a href=\"https:\/\/wilkens-wohnstudio.de\/blog\/category\/saisonal\/fruehling\/\" rel=\"category tag\">Fr\u00fchling<\/a>, <a href=\"https:\/\/wilkens-wohnstudio.de\/blog\/category\/saisonal\/herbst\/\" rel=\"category tag\">Herbst<\/a>, <a href=\"https:\/\/wilkens-wohnstudio.de\/blog\/category\/deko-stile\/maritim\/\" rel=\"category tag\">Maritim<\/a>, <a href=\"https:\/\/wilkens-wohnstudio.de\/blog\/category\/deko-stile\/mediterrane-deko\/\" rel=\"category tag\">Mediterrane Deko<\/a>, <a href=\"https:\/\/wilkens-wohnstudio.de\/blog\/category\/deko-stile\/minimalistisch\/\" rel=\"category tag\">Minimalistisch<\/a>, <a href=\"https:\/\/wilkens-wohnstudio.de\/blog\/category\/deko-stile\/modern\/\" rel=\"category tag\">Modern<\/a>, <a href=\"https:\/\/wilkens-wohnstudio.de\/blog\/category\/deko-stile\/natur-deko\/\" rel=\"category tag\">Natur Deko<\/a>, <a href=\"https:\/\/wilkens-wohnstudio.de\/blog\/category\/saisonal\/ostern\/\" rel=\"category tag\">Ostern<\/a>, <a href=\"https:\/\/wilkens-wohnstudio.de\/blog\/category\/deko-stile\/rustikale-deko\/\" rel=\"category tag\">Rustikale Deko<\/a>, <a href=\"https:\/\/wilkens-wohnstudio.de\/blog\/category\/saisonal\/\" rel=\"category tag\">Saisonal<\/a>, <a href=\"https:\/\/wilkens-wohnstudio.de\/blog\/category\/saisonal\/sommer\/\" rel=\"category tag\">Sommer<\/a>, <a href=\"https:\/\/wilkens-wohnstudio.de\/blog\/category\/saisonal\/weihnachten\/\" rel=\"category tag\">Weihnachten<\/a>, <a href=\"https:\/\/wilkens-wohnstudio.de\/blog\/category\/saisonal\/winter\/\" rel=\"category tag\">Winter<\/a>, <a href=\"https:\/\/wilkens-wohnstudio.de\/blog\/category\/wohnideen\/\" rel=\"category tag\">Wohnideen<\/a>, <a href=\"https:\/\/wilkens-wohnstudio.de\/blog\/category\/wohnideen\/wohnzimmer\/\" rel=\"category tag\">Wohnzimmer<\/a>\t\t\t\t<\/div>\n\t\t\t\n\t\t\t\t\t\t\t<h3 class=\"wd-post-title wd-entities-title title post-title\">\n\t\t\t\t\t<a href=\"https:\/\/wilkens-wohnstudio.de\/blog\/deko-stile\/ziegelformen-dekorieren\/\" rel=\"bookmark\">Ziegelformen dekorieren \u2013 21 tolle Ideen f\u00fcr vielf\u00e4ltige Tischdeko<\/a>\n\t\t\t\t<\/h3>\n\t\t\t\n\t\t\t\t\t\t\t<div class=\"wd-post-meta\">\n\t\t\t\t\t\t\t\t\t\t\t\t\t<link rel=\"stylesheet\" id=\"wd-blog-mod-author-css\" href=\"https:\/\/wilkens-wohnstudio.de\/wp-content\/themes\/woodmart\/css\/parts\/blog-mod-author.min.css?ver=8.3.9\" type=\"text\/css\" media=\"all\" \/> \t\t\t\t\t\t\t\t<div class=\"wd-post-author\">\n\t\t\t\t\t\t\t\t\t\t\t<span>Geschrieben von<\/span>\n\t\t\n\t\t\t\t\t\t\t\n\t\t\t\t\t<a href=\"https:\/\/wilkens-wohnstudio.de\/blog\/author\/n-tangermann\/\" class=\"author\" rel=\"author\">Wilkens Wohnstudio<\/a>\n\t\t\t\t\t\t\t\t\t<\/div>\n\t\t\t\t\t<div class=\"wd-modified-date\">\n\t\t\t\t\t\t\t\t<time class=\"updated\" datetime=\"2024-09-24T17:04:16+02:00\">\n\t\t\t24.09.2024\t\t<\/time>\n\t\t\t\t\t\t\t<\/div>\n\n\t\t\t\t\t\t\t\t\t\t\t<div tabindex=\"0\" class=\"wd-post-share wd-tltp\">\n\t\t\t\t\t\t\t<div class=\"tooltip top\">\n\t\t\t\t\t\t\t\t<div class=\"tooltip-inner\">\n\t\t\t\t\t\t\t\t\t\t\t\t<link rel=\"stylesheet\" id=\"wd-social-icons-css\" href=\"https:\/\/wilkens-wohnstudio.de\/wp-content\/themes\/woodmart\/css\/parts\/el-social-icons.min.css?ver=8.3.9\" type=\"text\/css\" media=\"all\" \/> \t\t\t\t\t\t<div\n\t\t\t\t\t\tclass=\" wd-social-icons  wd-style-default wd-size-small social-share wd-shape-circle color-scheme-light text-center\">\n\t\t\t\t\n\t\t\t\t\n\t\t\t\t\t\t\t\t\t<a rel=\"noopener noreferrer nofollow\" href=\"https:\/\/www.facebook.com\/sharer\/sharer.php?u=https:\/\/wilkens-wohnstudio.de\/blog\/category\/saisonal\/fruehling\/\" target=\"_blank\" class=\" wd-social-icon social-facebook\" aria-label=\"Facebook-Social-Link\">\n\t\t\t\t\t\t<span class=\"wd-icon\"><\/span>\n\t\t\t\t\t\t\t\t\t\t\t<\/a>\n\t\t\t\t\n\t\t\t\t\n\t\t\t\t\n\t\t\t\t\n\t\t\t\t\n\t\t\t\t\n\t\t\t\t\n\t\t\t\t\t\t\t\t\t<a rel=\"noopener noreferrer nofollow\" href=\"https:\/\/pinterest.com\/pin\/create\/button\/?url=https:\/\/wilkens-wohnstudio.de\/blog\/category\/saisonal\/fruehling\/&media=https:\/\/wilkens-wohnstudio.de\/wp-content\/uploads\/2024\/09\/Ziegelformen-dekorieren-21-tolle-Ideen-fuer-vielfaeltige-Tischdeko.jpg&description=Ziegelformen+dekorieren+%E2%80%93+21+tolle+Ideen+f%C3%BCr+vielf%C3%A4ltige+Tischdeko\" target=\"_blank\" class=\" wd-social-icon social-pinterest\" aria-label=\"Pinterest-Social-Link\">\n\t\t\t\t\t\t<span class=\"wd-icon\"><\/span>\n\t\t\t\t\t\t\t\t\t\t\t<\/a>\n\t\t\t\t\n\t\t\t\t\n\t\t\t\t\n\t\t\t\t\n\t\t\t\t\n\t\t\t\t\n\t\t\t\t\n\t\t\t\t\n\t\t\t\t\n\t\t\t\t\n\t\t\t\t\n\t\t\t\t\t\t\t\t\t<a rel=\"noopener noreferrer nofollow\" href=\"https:\/\/api.whatsapp.com\/send?text=https%3A%2F%2Fwilkens-wohnstudio.de%2Fblog%2Fcategory%2Fsaisonal%2Ffruehling%2F\" target=\"_blank\" class=\"wd-hide-md  wd-social-icon social-whatsapp\" aria-label=\"WhatsApp-Social-Link\">\n\t\t\t\t\t\t<span class=\"wd-icon\"><\/span>\n\t\t\t\t\t\t\t\t\t\t\t<\/a>\n\n\t\t\t\t\t<a rel=\"noopener noreferrer nofollow\" href=\"whatsapp:\/\/send?text=https%3A%2F%2Fwilkens-wohnstudio.de%2Fblog%2Fcategory%2Fsaisonal%2Ffruehling%2F\" target=\"_blank\" class=\"wd-hide-lg  wd-social-icon social-whatsapp\" aria-label=\"WhatsApp-Social-Link\">\n\t\t\t\t\t\t<span class=\"wd-icon\"><\/span>\n\t\t\t\t\t\t\t\t\t\t\t<\/a>\n\t\t\t\t\n\t\t\t\t\n\t\t\t\t\n\t\t\t\t\n\t\t\t\t\n\t\t\t\t\n\t\t\t\t\n\t\t\t\t\n\t\t\t<\/div>\n\n\t\t\t\t\t\t\t\t\t\t<\/div>\n\t\t\t\t\t\t\t\t<div class=\"tooltip-arrow\"><\/div>\n\t\t\t\t\t\t\t<\/div>\n\t\t\t\t\t\t<\/div>\n\t\t\t\t\t\n\t\t\t\t\t\t\t\t\t<\/div>\n\t\t\t\n\t\t\t\t\t\t\t\t\t\t\t\t<div class=\"wd-post-excerpt entry-content\">\n\t\t\t\t\t\tZiegelformen dekorieren \u2013 21 tolle Ideen f\u00fcr vielf\u00e4ltige Tischdeko\r\nOb als Esszimmer Deko, Wohnzimmer Deko, Fensterbankdeko, ...\t\t\t\t\t<\/div>\n\t\t\t\t\n\t\t\t\t\t\t\t\t\t\t\t\t\t\t<div class=\"wd-post-read-more wd-style-link read-more-section\">\n\t\t\t\t\t\t<a class=\"\" href=\"https:\/\/wilkens-wohnstudio.de\/blog\/deko-stile\/ziegelformen-dekorieren\/\">weiter lesen<\/a>\t\t\t\t\t<\/div>\n\t\t\t\t\t\t\t\t\t\t\t\t\t<\/div>\n\t<\/div>\n<\/article>\n\n\t\t\t\t\t\t\t\t\t\t\t\n<article id=\"post-66410\" class=\"wd-post blog-design-masonry blog-post-loop blog-style-bg wd-add-shadow wd-col post-66410 post type-post status-publish format-standard has-post-thumbnail hentry category-saisonal category-esszimmer category-fruehling category-herbst category-ostern category-sommer category-weihnachten category-winter category-wohnideen tag-esszimmer-deko tag-etageren-dekorieren tag-saisonale-deko tag-tischdeko\">\n\t<div class=\"wd-post-inner article-inner\">\n\t\t\t\t\t<div class=\"wd-post-thumb entry-header\">\n\t\t\t\t\t\t\t\t\t<div class=\"wd-post-img post-img-wrapp\">\n\t\t\t\t\t\t<img width=\"1024\" height=\"768\" src=\"https:\/\/wilkens-wohnstudio.de\/wp-content\/uploads\/2024\/09\/Etageren-dekorieren-22-tolle-Ideen-fuer-elegante-Tischdeko-1024x768.jpg\" class=\"attachment-large size-large\" alt=\"Etageren dekorieren - 22 tolle Ideen f\u00fcr elegante Tischdeko\" decoding=\"async\" srcset=\"https:\/\/wilkens-wohnstudio.de\/wp-content\/uploads\/2024\/09\/Etageren-dekorieren-22-tolle-Ideen-fuer-elegante-Tischdeko-1024x768.jpg 1024w, https:\/\/wilkens-wohnstudio.de\/wp-content\/uploads\/2024\/09\/Etageren-dekorieren-22-tolle-Ideen-fuer-elegante-Tischdeko-350x263.jpg 350w, https:\/\/wilkens-wohnstudio.de\/wp-content\/uploads\/2024\/09\/Etageren-dekorieren-22-tolle-Ideen-fuer-elegante-Tischdeko-768x576.jpg 768w, https:\/\/wilkens-wohnstudio.de\/wp-content\/uploads\/2024\/09\/Etageren-dekorieren-22-tolle-Ideen-fuer-elegante-Tischdeko-60x45.jpg 60w, https:\/\/wilkens-wohnstudio.de\/wp-content\/uploads\/2024\/09\/Etageren-dekorieren-22-tolle-Ideen-fuer-elegante-Tischdeko-110x83.jpg 110w, https:\/\/wilkens-wohnstudio.de\/wp-content\/uploads\/2024\/09\/Etageren-dekorieren-22-tolle-Ideen-fuer-elegante-Tischdeko-1000x750.jpg 1000w, https:\/\/wilkens-wohnstudio.de\/wp-content\/uploads\/2024\/09\/Etageren-dekorieren-22-tolle-Ideen-fuer-elegante-Tischdeko-175x131.jpg 175w, https:\/\/wilkens-wohnstudio.de\/wp-content\/uploads\/2024\/09\/Etageren-dekorieren-22-tolle-Ideen-fuer-elegante-Tischdeko.jpg 1440w\" sizes=\"(max-width: 1024px) 100vw, 1024px\" \/>\t\t\t\t\t<\/div>\n\t\t\t\t\t\t\t\t\t\t<a class=\"wd-fill\" tabindex=\"-1\" href=\"https:\/\/wilkens-wohnstudio.de\/blog\/saisonal\/etageren-dekorieren\/\" aria-label=\"Link zum Beitrag Etageren dekorieren &#8211; 22  tolle Ideen f\u00fcr elegante Tischdeko\"><\/a>\n\t\t\t\t\n\t\t\t\t\t\t\t\t\t\t\t\t<div class=\"wd-post-date wd-style-with-bg\">\n\t\t\t\t<span class=\"post-date-day\">\n\t\t\t\t\t17\t\t\t\t<\/span>\n\t\t\t\t<span class=\"post-date-month\">\n\t\t\t\t\tSep.\t\t\t\t<\/span>\n\t\t\t<\/div>\n\t\t\t\t\t\t\t\t\t<\/div>\n\t\t\n\t\t<div class=\"wd-post-content article-body-container\">\n\t\t\t\t\t\t\t<div class=\"wd-post-cat wd-style-with-bg meta-post-categories\">\n\t\t\t\t\t<a href=\"https:\/\/wilkens-wohnstudio.de\/blog\/category\/saisonal\/\" rel=\"category tag\">Saisonal<\/a>, <a href=\"https:\/\/wilkens-wohnstudio.de\/blog\/category\/wohnideen\/esszimmer\/\" rel=\"category tag\">Esszimmer<\/a>, <a href=\"https:\/\/wilkens-wohnstudio.de\/blog\/category\/saisonal\/fruehling\/\" rel=\"category tag\">Fr\u00fchling<\/a>, <a href=\"https:\/\/wilkens-wohnstudio.de\/blog\/category\/saisonal\/herbst\/\" rel=\"category tag\">Herbst<\/a>, <a href=\"https:\/\/wilkens-wohnstudio.de\/blog\/category\/saisonal\/ostern\/\" rel=\"category tag\">Ostern<\/a>, <a href=\"https:\/\/wilkens-wohnstudio.de\/blog\/category\/saisonal\/sommer\/\" rel=\"category tag\">Sommer<\/a>, <a href=\"https:\/\/wilkens-wohnstudio.de\/blog\/category\/saisonal\/weihnachten\/\" rel=\"category tag\">Weihnachten<\/a>, <a href=\"https:\/\/wilkens-wohnstudio.de\/blog\/category\/saisonal\/winter\/\" rel=\"category tag\">Winter<\/a>, <a href=\"https:\/\/wilkens-wohnstudio.de\/blog\/category\/wohnideen\/\" rel=\"category tag\">Wohnideen<\/a>\t\t\t\t<\/div>\n\t\t\t\n\t\t\t\t\t\t\t<h3 class=\"wd-post-title wd-entities-title title post-title\">\n\t\t\t\t\t<a href=\"https:\/\/wilkens-wohnstudio.de\/blog\/saisonal\/etageren-dekorieren\/\" rel=\"bookmark\">Etageren dekorieren &#8211; 22  tolle Ideen f\u00fcr elegante Tischdeko<\/a>\n\t\t\t\t<\/h3>\n\t\t\t\n\t\t\t\t\t\t\t<div class=\"wd-post-meta\">\n\t\t\t\t\t\t\t\t\t\t\t\t\t\t\t<div class=\"wd-post-author\">\n\t\t\t\t\t\t\t\t\t\t\t<span>Geschrieben von<\/span>\n\t\t\n\t\t\t\t\t\t\t\n\t\t\t\t\t<a href=\"https:\/\/wilkens-wohnstudio.de\/blog\/author\/n-tangermann\/\" class=\"author\" rel=\"author\">Wilkens Wohnstudio<\/a>\n\t\t\t\t\t\t\t\t\t<\/div>\n\t\t\t\t\t<div class=\"wd-modified-date\">\n\t\t\t\t\t\t\t\t<time class=\"updated\" datetime=\"2024-09-17T12:10:44+02:00\">\n\t\t\t17.09.2024\t\t<\/time>\n\t\t\t\t\t\t\t<\/div>\n\n\t\t\t\t\t\t\t\t\t\t\t<div tabindex=\"0\" class=\"wd-post-share wd-tltp\">\n\t\t\t\t\t\t\t<div class=\"tooltip top\">\n\t\t\t\t\t\t\t\t<div class=\"tooltip-inner\">\n\t\t\t\t\t\t\t\t\t\t\t\t<div\n\t\t\t\t\t\tclass=\" wd-social-icons  wd-style-default wd-size-small social-share wd-shape-circle color-scheme-light text-center\">\n\t\t\t\t\n\t\t\t\t\n\t\t\t\t\t\t\t\t\t<a rel=\"noopener noreferrer nofollow\" href=\"https:\/\/www.facebook.com\/sharer\/sharer.php?u=https:\/\/wilkens-wohnstudio.de\/blog\/category\/saisonal\/fruehling\/\" target=\"_blank\" class=\" wd-social-icon social-facebook\" aria-label=\"Facebook-Social-Link\">\n\t\t\t\t\t\t<span class=\"wd-icon\"><\/span>\n\t\t\t\t\t\t\t\t\t\t\t<\/a>\n\t\t\t\t\n\t\t\t\t\n\t\t\t\t\n\t\t\t\t\n\t\t\t\t\n\t\t\t\t\n\t\t\t\t\n\t\t\t\t\t\t\t\t\t<a rel=\"noopener noreferrer nofollow\" href=\"https:\/\/pinterest.com\/pin\/create\/button\/?url=https:\/\/wilkens-wohnstudio.de\/blog\/category\/saisonal\/fruehling\/&media=https:\/\/wilkens-wohnstudio.de\/wp-content\/uploads\/2024\/09\/Etageren-dekorieren-22-tolle-Ideen-fuer-elegante-Tischdeko.jpg&description=Etageren+dekorieren+%26%238211%3B+22++tolle+Ideen+f%C3%BCr+elegante+Tischdeko\" target=\"_blank\" class=\" wd-social-icon social-pinterest\" aria-label=\"Pinterest-Social-Link\">\n\t\t\t\t\t\t<span class=\"wd-icon\"><\/span>\n\t\t\t\t\t\t\t\t\t\t\t<\/a>\n\t\t\t\t\n\t\t\t\t\n\t\t\t\t\n\t\t\t\t\n\t\t\t\t\n\t\t\t\t\n\t\t\t\t\n\t\t\t\t\n\t\t\t\t\n\t\t\t\t\n\t\t\t\t\n\t\t\t\t\t\t\t\t\t<a rel=\"noopener noreferrer nofollow\" href=\"https:\/\/api.whatsapp.com\/send?text=https%3A%2F%2Fwilkens-wohnstudio.de%2Fblog%2Fcategory%2Fsaisonal%2Ffruehling%2F\" target=\"_blank\" class=\"wd-hide-md  wd-social-icon social-whatsapp\" aria-label=\"WhatsApp-Social-Link\">\n\t\t\t\t\t\t<span class=\"wd-icon\"><\/span>\n\t\t\t\t\t\t\t\t\t\t\t<\/a>\n\n\t\t\t\t\t<a rel=\"noopener noreferrer nofollow\" href=\"whatsapp:\/\/send?text=https%3A%2F%2Fwilkens-wohnstudio.de%2Fblog%2Fcategory%2Fsaisonal%2Ffruehling%2F\" target=\"_blank\" class=\"wd-hide-lg  wd-social-icon social-whatsapp\" aria-label=\"WhatsApp-Social-Link\">\n\t\t\t\t\t\t<span class=\"wd-icon\"><\/span>\n\t\t\t\t\t\t\t\t\t\t\t<\/a>\n\t\t\t\t\n\t\t\t\t\n\t\t\t\t\n\t\t\t\t\n\t\t\t\t\n\t\t\t\t\n\t\t\t\t\n\t\t\t\t\n\t\t\t<\/div>\n\n\t\t\t\t\t\t\t\t\t\t<\/div>\n\t\t\t\t\t\t\t\t<div class=\"tooltip-arrow\"><\/div>\n\t\t\t\t\t\t\t<\/div>\n\t\t\t\t\t\t<\/div>\n\t\t\t\t\t\n\t\t\t\t\t\t\t\t\t<\/div>\n\t\t\t\n\t\t\t\t\t\t\t\t\t\t\t\t<div class=\"wd-post-excerpt entry-content\">\n\t\t\t\t\t\tEtageren dekorieren - 22 tolle Ideen f\u00fcr elegante Tischdeko\r\nNicht nur zum servieren von Cupcakes und kleinen Sandwiches zum ...\t\t\t\t\t<\/div>\n\t\t\t\t\n\t\t\t\t\t\t\t\t\t\t\t\t\t\t<div class=\"wd-post-read-more wd-style-link read-more-section\">\n\t\t\t\t\t\t<a class=\"\" href=\"https:\/\/wilkens-wohnstudio.de\/blog\/saisonal\/etageren-dekorieren\/\">weiter lesen<\/a>\t\t\t\t\t<\/div>\n\t\t\t\t\t\t\t\t\t\t\t\t\t<\/div>\n\t<\/div>\n<\/article>\n\n\t\t\t\t\t\t\t\t\t\t\t\n<article id=\"post-63050\" class=\"wd-post blog-design-masonry blog-post-loop blog-style-bg wd-add-shadow wd-col post-63050 post type-post status-publish format-standard has-post-thumbnail hentry category-landhausstil category-fruehling category-garten category-saisonal category-shabby-chic category-wohnideen tag-fruehlingdeko tag-gartendeko tag-outdoor\">\n\t<div class=\"wd-post-inner article-inner\">\n\t\t\t\t\t<div class=\"wd-post-thumb entry-header\">\n\t\t\t\t\t\t\t\t\t<div class=\"wd-post-img post-img-wrapp\">\n\t\t\t\t\t\t<img width=\"1024\" height=\"768\" src=\"https:\/\/wilkens-wohnstudio.de\/wp-content\/uploads\/2024\/04\/Fruehlingsdeko-draussen-1024x768.jpg\" class=\"attachment-large size-large\" alt=\"Fr\u00fchlingsdeko drau\u00dfen\" decoding=\"async\" srcset=\"https:\/\/wilkens-wohnstudio.de\/wp-content\/uploads\/2024\/04\/Fruehlingsdeko-draussen-1024x768.jpg 1024w, https:\/\/wilkens-wohnstudio.de\/wp-content\/uploads\/2024\/04\/Fruehlingsdeko-draussen-350x263.jpg 350w, https:\/\/wilkens-wohnstudio.de\/wp-content\/uploads\/2024\/04\/Fruehlingsdeko-draussen-768x576.jpg 768w, https:\/\/wilkens-wohnstudio.de\/wp-content\/uploads\/2024\/04\/Fruehlingsdeko-draussen-60x45.jpg 60w, https:\/\/wilkens-wohnstudio.de\/wp-content\/uploads\/2024\/04\/Fruehlingsdeko-draussen-110x83.jpg 110w, https:\/\/wilkens-wohnstudio.de\/wp-content\/uploads\/2024\/04\/Fruehlingsdeko-draussen-1000x750.jpg 1000w, https:\/\/wilkens-wohnstudio.de\/wp-content\/uploads\/2024\/04\/Fruehlingsdeko-draussen-175x131.jpg 175w, https:\/\/wilkens-wohnstudio.de\/wp-content\/uploads\/2024\/04\/Fruehlingsdeko-draussen.jpg 2000w\" sizes=\"(max-width: 1024px) 100vw, 1024px\" \/>\t\t\t\t\t<\/div>\n\t\t\t\t\t\t\t\t\t\t<a class=\"wd-fill\" tabindex=\"-1\" href=\"https:\/\/wilkens-wohnstudio.de\/blog\/deko-stile\/landhausstil\/fruehlingsdeko-draussen\/\" aria-label=\"Link zum Beitrag Fr\u00fchlingsdeko drau\u00dfen: 10 tolle Ideen\"><\/a>\n\t\t\t\t\n\t\t\t\t\t\t\t\t\t\t\t\t<div class=\"wd-post-date wd-style-with-bg\">\n\t\t\t\t<span class=\"post-date-day\">\n\t\t\t\t\t12\t\t\t\t<\/span>\n\t\t\t\t<span class=\"post-date-month\">\n\t\t\t\t\tApr.\t\t\t\t<\/span>\n\t\t\t<\/div>\n\t\t\t\t\t\t\t\t\t<\/div>\n\t\t\n\t\t<div class=\"wd-post-content article-body-container\">\n\t\t\t\t\t\t\t<div class=\"wd-post-cat wd-style-with-bg meta-post-categories\">\n\t\t\t\t\t<a href=\"https:\/\/wilkens-wohnstudio.de\/blog\/category\/deko-stile\/landhausstil\/\" rel=\"category tag\">Landhausstil<\/a>, <a href=\"https:\/\/wilkens-wohnstudio.de\/blog\/category\/saisonal\/fruehling\/\" rel=\"category tag\">Fr\u00fchling<\/a>, <a href=\"https:\/\/wilkens-wohnstudio.de\/blog\/category\/wohnideen\/garten\/\" rel=\"category tag\">Garten<\/a>, <a href=\"https:\/\/wilkens-wohnstudio.de\/blog\/category\/saisonal\/\" rel=\"category tag\">Saisonal<\/a>, <a href=\"https:\/\/wilkens-wohnstudio.de\/blog\/category\/deko-stile\/shabby-chic\/\" rel=\"category tag\">Shabby Chic<\/a>, <a href=\"https:\/\/wilkens-wohnstudio.de\/blog\/category\/wohnideen\/\" rel=\"category tag\">Wohnideen<\/a>\t\t\t\t<\/div>\n\t\t\t\n\t\t\t\t\t\t\t<h3 class=\"wd-post-title wd-entities-title title post-title\">\n\t\t\t\t\t<a href=\"https:\/\/wilkens-wohnstudio.de\/blog\/deko-stile\/landhausstil\/fruehlingsdeko-draussen\/\" rel=\"bookmark\">Fr\u00fchlingsdeko drau\u00dfen: 10 tolle Ideen<\/a>\n\t\t\t\t<\/h3>\n\t\t\t\n\t\t\t\t\t\t\t<div class=\"wd-post-meta\">\n\t\t\t\t\t\t\t\t\t\t\t\t\t\t\t<div class=\"wd-post-author\">\n\t\t\t\t\t\t\t\t\t\t\t<span>Geschrieben von<\/span>\n\t\t\n\t\t\t\t\t\t\t\n\t\t\t\t\t<a href=\"https:\/\/wilkens-wohnstudio.de\/blog\/author\/n-tangermann\/\" class=\"author\" rel=\"author\">Wilkens Wohnstudio<\/a>\n\t\t\t\t\t\t\t\t\t<\/div>\n\t\t\t\t\t<div class=\"wd-modified-date\">\n\t\t\t\t\t\t\t\t<time class=\"updated\" datetime=\"2024-04-12T17:56:02+02:00\">\n\t\t\t12.04.2024\t\t<\/time>\n\t\t\t\t\t\t\t<\/div>\n\n\t\t\t\t\t\t\t\t\t\t\t<div tabindex=\"0\" class=\"wd-post-share wd-tltp\">\n\t\t\t\t\t\t\t<div class=\"tooltip top\">\n\t\t\t\t\t\t\t\t<div class=\"tooltip-inner\">\n\t\t\t\t\t\t\t\t\t\t\t\t<div\n\t\t\t\t\t\tclass=\" wd-social-icons  wd-style-default wd-size-small social-share wd-shape-circle color-scheme-light text-center\">\n\t\t\t\t\n\t\t\t\t\n\t\t\t\t\t\t\t\t\t<a rel=\"noopener noreferrer nofollow\" href=\"https:\/\/www.facebook.com\/sharer\/sharer.php?u=https:\/\/wilkens-wohnstudio.de\/blog\/category\/saisonal\/fruehling\/\" target=\"_blank\" class=\" wd-social-icon social-facebook\" aria-label=\"Facebook-Social-Link\">\n\t\t\t\t\t\t<span class=\"wd-icon\"><\/span>\n\t\t\t\t\t\t\t\t\t\t\t<\/a>\n\t\t\t\t\n\t\t\t\t\n\t\t\t\t\n\t\t\t\t\n\t\t\t\t\n\t\t\t\t\n\t\t\t\t\n\t\t\t\t\t\t\t\t\t<a rel=\"noopener noreferrer nofollow\" href=\"https:\/\/pinterest.com\/pin\/create\/button\/?url=https:\/\/wilkens-wohnstudio.de\/blog\/category\/saisonal\/fruehling\/&media=https:\/\/wilkens-wohnstudio.de\/wp-content\/uploads\/2024\/04\/Fruehlingsdeko-draussen.jpg&description=Fr%C3%BChlingsdeko+drau%C3%9Fen%3A+10+tolle+Ideen\" target=\"_blank\" class=\" wd-social-icon social-pinterest\" aria-label=\"Pinterest-Social-Link\">\n\t\t\t\t\t\t<span class=\"wd-icon\"><\/span>\n\t\t\t\t\t\t\t\t\t\t\t<\/a>\n\t\t\t\t\n\t\t\t\t\n\t\t\t\t\n\t\t\t\t\n\t\t\t\t\n\t\t\t\t\n\t\t\t\t\n\t\t\t\t\n\t\t\t\t\n\t\t\t\t\n\t\t\t\t\n\t\t\t\t\t\t\t\t\t<a rel=\"noopener noreferrer nofollow\" href=\"https:\/\/api.whatsapp.com\/send?text=https%3A%2F%2Fwilkens-wohnstudio.de%2Fblog%2Fcategory%2Fsaisonal%2Ffruehling%2F\" target=\"_blank\" class=\"wd-hide-md  wd-social-icon social-whatsapp\" aria-label=\"WhatsApp-Social-Link\">\n\t\t\t\t\t\t<span class=\"wd-icon\"><\/span>\n\t\t\t\t\t\t\t\t\t\t\t<\/a>\n\n\t\t\t\t\t<a rel=\"noopener noreferrer nofollow\" href=\"whatsapp:\/\/send?text=https%3A%2F%2Fwilkens-wohnstudio.de%2Fblog%2Fcategory%2Fsaisonal%2Ffruehling%2F\" target=\"_blank\" class=\"wd-hide-lg  wd-social-icon social-whatsapp\" aria-label=\"WhatsApp-Social-Link\">\n\t\t\t\t\t\t<span class=\"wd-icon\"><\/span>\n\t\t\t\t\t\t\t\t\t\t\t<\/a>\n\t\t\t\t\n\t\t\t\t\n\t\t\t\t\n\t\t\t\t\n\t\t\t\t\n\t\t\t\t\n\t\t\t\t\n\t\t\t\t\n\t\t\t<\/div>\n\n\t\t\t\t\t\t\t\t\t\t<\/div>\n\t\t\t\t\t\t\t\t<div class=\"tooltip-arrow\"><\/div>\n\t\t\t\t\t\t\t<\/div>\n\t\t\t\t\t\t<\/div>\n\t\t\t\t\t\n\t\t\t\t\t\t\t\t\t<\/div>\n\t\t\t\n\t\t\t\t\t\t\t\t\t\t\t\t<div class=\"wd-post-excerpt entry-content\">\n\t\t\t\t\t\tFr\u00fchlingsdeko drau\u00dfen: 10 tolle Ideen \r\nDie V\u00f6gel singen und bauen ihre Nester, die Obstb\u00e4ume beginnen sich zu bl\u00fchen und auc...\t\t\t\t\t<\/div>\n\t\t\t\t\n\t\t\t\t\t\t\t\t\t\t\t\t\t\t<div class=\"wd-post-read-more wd-style-link read-more-section\">\n\t\t\t\t\t\t<a class=\"\" href=\"https:\/\/wilkens-wohnstudio.de\/blog\/deko-stile\/landhausstil\/fruehlingsdeko-draussen\/\">weiter lesen<\/a>\t\t\t\t\t<\/div>\n\t\t\t\t\t\t\t\t\t\t\t\t\t<\/div>\n\t<\/div>\n<\/article>\n\n\t\t\t\t\t\t\t\t\t\t\t\n<article id=\"post-62864\" class=\"wd-post blog-design-masonry blog-post-loop blog-style-bg wd-add-shadow wd-col post-62864 post type-post status-publish format-standard has-post-thumbnail hentry category-landhausstil category-fruehling category-kueche category-saisonal category-shabby-chic tag-fruehlingsdeko tag-kueche tag-kuechendeko tag-tischdeko\">\n\t<div class=\"wd-post-inner article-inner\">\n\t\t\t\t\t<div class=\"wd-post-thumb entry-header\">\n\t\t\t\t\t\t\t\t\t<div class=\"wd-post-img post-img-wrapp\">\n\t\t\t\t\t\t<img width=\"1024\" height=\"768\" src=\"https:\/\/wilkens-wohnstudio.de\/wp-content\/uploads\/2024\/04\/Fruehlingshafte-Kuechendeko-1024x768.jpg\" class=\"attachment-large size-large\" alt=\"Fr\u00fchlingshafte K\u00fcchendeko\" decoding=\"async\" srcset=\"https:\/\/wilkens-wohnstudio.de\/wp-content\/uploads\/2024\/04\/Fruehlingshafte-Kuechendeko-1024x768.jpg 1024w, https:\/\/wilkens-wohnstudio.de\/wp-content\/uploads\/2024\/04\/Fruehlingshafte-Kuechendeko-350x263.jpg 350w, https:\/\/wilkens-wohnstudio.de\/wp-content\/uploads\/2024\/04\/Fruehlingshafte-Kuechendeko-768x576.jpg 768w, https:\/\/wilkens-wohnstudio.de\/wp-content\/uploads\/2024\/04\/Fruehlingshafte-Kuechendeko-60x45.jpg 60w, https:\/\/wilkens-wohnstudio.de\/wp-content\/uploads\/2024\/04\/Fruehlingshafte-Kuechendeko-110x83.jpg 110w, https:\/\/wilkens-wohnstudio.de\/wp-content\/uploads\/2024\/04\/Fruehlingshafte-Kuechendeko-1000x750.jpg 1000w, https:\/\/wilkens-wohnstudio.de\/wp-content\/uploads\/2024\/04\/Fruehlingshafte-Kuechendeko-175x131.jpg 175w, https:\/\/wilkens-wohnstudio.de\/wp-content\/uploads\/2024\/04\/Fruehlingshafte-Kuechendeko.jpg 1440w\" sizes=\"(max-width: 1024px) 100vw, 1024px\" \/>\t\t\t\t\t<\/div>\n\t\t\t\t\t\t\t\t\t\t<a class=\"wd-fill\" tabindex=\"-1\" href=\"https:\/\/wilkens-wohnstudio.de\/blog\/deko-stile\/landhausstil\/kuechendeko-fruehling\/\" aria-label=\"Link zum Beitrag Fr\u00fchlingshafte K\u00fcchendeko \u2013 16 tolle Ideen f\u00fcr K\u00fcche und Tisch\"><\/a>\n\t\t\t\t\n\t\t\t\t\t\t\t\t\t\t\t\t<div class=\"wd-post-date wd-style-with-bg\">\n\t\t\t\t<span class=\"post-date-day\">\n\t\t\t\t\t03\t\t\t\t<\/span>\n\t\t\t\t<span class=\"post-date-month\">\n\t\t\t\t\tApr.\t\t\t\t<\/span>\n\t\t\t<\/div>\n\t\t\t\t\t\t\t\t\t<\/div>\n\t\t\n\t\t<div class=\"wd-post-content article-body-container\">\n\t\t\t\t\t\t\t<div class=\"wd-post-cat wd-style-with-bg meta-post-categories\">\n\t\t\t\t\t<a href=\"https:\/\/wilkens-wohnstudio.de\/blog\/category\/deko-stile\/landhausstil\/\" rel=\"category tag\">Landhausstil<\/a>, <a href=\"https:\/\/wilkens-wohnstudio.de\/blog\/category\/saisonal\/fruehling\/\" rel=\"category tag\">Fr\u00fchling<\/a>, <a href=\"https:\/\/wilkens-wohnstudio.de\/blog\/category\/wohnideen\/kueche\/\" rel=\"category tag\">K\u00fcche<\/a>, <a href=\"https:\/\/wilkens-wohnstudio.de\/blog\/category\/saisonal\/\" rel=\"category tag\">Saisonal<\/a>, <a href=\"https:\/\/wilkens-wohnstudio.de\/blog\/category\/deko-stile\/shabby-chic\/\" rel=\"category tag\">Shabby Chic<\/a>\t\t\t\t<\/div>\n\t\t\t\n\t\t\t\t\t\t\t<h3 class=\"wd-post-title wd-entities-title title post-title\">\n\t\t\t\t\t<a href=\"https:\/\/wilkens-wohnstudio.de\/blog\/deko-stile\/landhausstil\/kuechendeko-fruehling\/\" rel=\"bookmark\">Fr\u00fchlingshafte K\u00fcchendeko \u2013 16 tolle Ideen f\u00fcr K\u00fcche und Tisch<\/a>\n\t\t\t\t<\/h3>\n\t\t\t\n\t\t\t\t\t\t\t<div class=\"wd-post-meta\">\n\t\t\t\t\t\t\t\t\t\t\t\t\t\t\t<div class=\"wd-post-author\">\n\t\t\t\t\t\t\t\t\t\t\t<span>Geschrieben von<\/span>\n\t\t\n\t\t\t\t\t\t\t\n\t\t\t\t\t<a href=\"https:\/\/wilkens-wohnstudio.de\/blog\/author\/n-tangermann\/\" class=\"author\" rel=\"author\">Wilkens Wohnstudio<\/a>\n\t\t\t\t\t\t\t\t\t<\/div>\n\t\t\t\t\t<div class=\"wd-modified-date\">\n\t\t\t\t\t\t\t\t<time class=\"updated\" datetime=\"2025-02-06T12:11:11+01:00\">\n\t\t\t06.02.2025\t\t<\/time>\n\t\t\t\t\t\t\t<\/div>\n\n\t\t\t\t\t\t\t\t\t\t\t<div tabindex=\"0\" class=\"wd-post-share wd-tltp\">\n\t\t\t\t\t\t\t<div class=\"tooltip top\">\n\t\t\t\t\t\t\t\t<div class=\"tooltip-inner\">\n\t\t\t\t\t\t\t\t\t\t\t\t<div\n\t\t\t\t\t\tclass=\" wd-social-icons  wd-style-default wd-size-small social-share wd-shape-circle color-scheme-light text-center\">\n\t\t\t\t\n\t\t\t\t\n\t\t\t\t\t\t\t\t\t<a rel=\"noopener noreferrer nofollow\" href=\"https:\/\/www.facebook.com\/sharer\/sharer.php?u=https:\/\/wilkens-wohnstudio.de\/blog\/category\/saisonal\/fruehling\/\" target=\"_blank\" class=\" wd-social-icon social-facebook\" aria-label=\"Facebook-Social-Link\">\n\t\t\t\t\t\t<span class=\"wd-icon\"><\/span>\n\t\t\t\t\t\t\t\t\t\t\t<\/a>\n\t\t\t\t\n\t\t\t\t\n\t\t\t\t\n\t\t\t\t\n\t\t\t\t\n\t\t\t\t\n\t\t\t\t\n\t\t\t\t\t\t\t\t\t<a rel=\"noopener noreferrer nofollow\" href=\"https:\/\/pinterest.com\/pin\/create\/button\/?url=https:\/\/wilkens-wohnstudio.de\/blog\/category\/saisonal\/fruehling\/&media=https:\/\/wilkens-wohnstudio.de\/wp-content\/uploads\/2024\/04\/Fruehlingshafte-Kuechendeko.jpg&description=Fr%C3%BChlingshafte+K%C3%BCchendeko+%E2%80%93+16+tolle+Ideen+f%C3%BCr+K%C3%BCche+und+Tisch\" target=\"_blank\" class=\" wd-social-icon social-pinterest\" aria-label=\"Pinterest-Social-Link\">\n\t\t\t\t\t\t<span class=\"wd-icon\"><\/span>\n\t\t\t\t\t\t\t\t\t\t\t<\/a>\n\t\t\t\t\n\t\t\t\t\n\t\t\t\t\n\t\t\t\t\n\t\t\t\t\n\t\t\t\t\n\t\t\t\t\n\t\t\t\t\n\t\t\t\t\n\t\t\t\t\n\t\t\t\t\n\t\t\t\t\t\t\t\t\t<a rel=\"noopener noreferrer nofollow\" href=\"https:\/\/api.whatsapp.com\/send?text=https%3A%2F%2Fwilkens-wohnstudio.de%2Fblog%2Fcategory%2Fsaisonal%2Ffruehling%2F\" target=\"_blank\" class=\"wd-hide-md  wd-social-icon social-whatsapp\" aria-label=\"WhatsApp-Social-Link\">\n\t\t\t\t\t\t<span class=\"wd-icon\"><\/span>\n\t\t\t\t\t\t\t\t\t\t\t<\/a>\n\n\t\t\t\t\t<a rel=\"noopener noreferrer nofollow\" href=\"whatsapp:\/\/send?text=https%3A%2F%2Fwilkens-wohnstudio.de%2Fblog%2Fcategory%2Fsaisonal%2Ffruehling%2F\" target=\"_blank\" class=\"wd-hide-lg  wd-social-icon social-whatsapp\" aria-label=\"WhatsApp-Social-Link\">\n\t\t\t\t\t\t<span class=\"wd-icon\"><\/span>\n\t\t\t\t\t\t\t\t\t\t\t<\/a>\n\t\t\t\t\n\t\t\t\t\n\t\t\t\t\n\t\t\t\t\n\t\t\t\t\n\t\t\t\t\n\t\t\t\t\n\t\t\t\t\n\t\t\t<\/div>\n\n\t\t\t\t\t\t\t\t\t\t<\/div>\n\t\t\t\t\t\t\t\t<div class=\"tooltip-arrow\"><\/div>\n\t\t\t\t\t\t\t<\/div>\n\t\t\t\t\t\t<\/div>\n\t\t\t\t\t\n\t\t\t\t\t\t\t\t\t<\/div>\n\t\t\t\n\t\t\t\t\t\t\t\t\t\t\t\t<div class=\"wd-post-excerpt entry-content\">\n\t\t\t\t\t\tFr\u00fchlingshafte K\u00fcchendeko \u2013 16 tolle Ideen f\u00fcr K\u00fcche und Tisch\r\nDer graue Schleier des Winters l\u00fcftet sich, Ostern ist vorbei...\t\t\t\t\t<\/div>\n\t\t\t\t\n\t\t\t\t\t\t\t\t\t\t\t\t\t\t<div class=\"wd-post-read-more wd-style-link read-more-section\">\n\t\t\t\t\t\t<a class=\"\" href=\"https:\/\/wilkens-wohnstudio.de\/blog\/deko-stile\/landhausstil\/kuechendeko-fruehling\/\">weiter lesen<\/a>\t\t\t\t\t<\/div>\n\t\t\t\t\t\t\t\t\t\t\t\t\t<\/div>\n\t<\/div>\n<\/article>\n\n\t\t\t\t\t\t\t\t\t\t\t\n<article id=\"post-62758\" class=\"wd-post blog-design-masonry blog-post-loop blog-style-bg wd-add-shadow wd-col post-62758 post type-post status-publish format-standard has-post-thumbnail hentry category-balkon category-fruehling tag-balkondeko tag-fruehlingsdeko\">\n\t<div class=\"wd-post-inner article-inner\">\n\t\t\t\t\t<div class=\"wd-post-thumb entry-header\">\n\t\t\t\t\t\t\t\t\t<div class=\"wd-post-img post-img-wrapp\">\n\t\t\t\t\t\t<img width=\"1024\" height=\"768\" src=\"https:\/\/wilkens-wohnstudio.de\/wp-content\/uploads\/2024\/03\/Balkondeko-fuer-den-Fruehling-Fruehlingsdeko-auf-dem-Balkon-1024x768.jpg\" class=\"attachment-large size-large\" alt=\"Balkondeko f\u00fcr den Fr\u00fchling Fr\u00fchlingsdeko auf dem Balkon\" decoding=\"async\" srcset=\"https:\/\/wilkens-wohnstudio.de\/wp-content\/uploads\/2024\/03\/Balkondeko-fuer-den-Fruehling-Fruehlingsdeko-auf-dem-Balkon-1024x768.jpg 1024w, https:\/\/wilkens-wohnstudio.de\/wp-content\/uploads\/2024\/03\/Balkondeko-fuer-den-Fruehling-Fruehlingsdeko-auf-dem-Balkon-350x263.jpg 350w, https:\/\/wilkens-wohnstudio.de\/wp-content\/uploads\/2024\/03\/Balkondeko-fuer-den-Fruehling-Fruehlingsdeko-auf-dem-Balkon-768x576.jpg 768w, https:\/\/wilkens-wohnstudio.de\/wp-content\/uploads\/2024\/03\/Balkondeko-fuer-den-Fruehling-Fruehlingsdeko-auf-dem-Balkon-60x45.jpg 60w, https:\/\/wilkens-wohnstudio.de\/wp-content\/uploads\/2024\/03\/Balkondeko-fuer-den-Fruehling-Fruehlingsdeko-auf-dem-Balkon-110x83.jpg 110w, https:\/\/wilkens-wohnstudio.de\/wp-content\/uploads\/2024\/03\/Balkondeko-fuer-den-Fruehling-Fruehlingsdeko-auf-dem-Balkon-1000x750.jpg 1000w, https:\/\/wilkens-wohnstudio.de\/wp-content\/uploads\/2024\/03\/Balkondeko-fuer-den-Fruehling-Fruehlingsdeko-auf-dem-Balkon-175x131.jpg 175w, https:\/\/wilkens-wohnstudio.de\/wp-content\/uploads\/2024\/03\/Balkondeko-fuer-den-Fruehling-Fruehlingsdeko-auf-dem-Balkon.jpg 1440w\" sizes=\"(max-width: 1024px) 100vw, 1024px\" \/>\t\t\t\t\t<\/div>\n\t\t\t\t\t\t\t\t\t\t<a class=\"wd-fill\" tabindex=\"-1\" href=\"https:\/\/wilkens-wohnstudio.de\/blog\/wohnideen\/balkon\/balkondeko-ideen-im-fruehling\/\" aria-label=\"Link zum Beitrag Balkondeko Ideen im Fr\u00fchling \u2013 14 tolle Ideen\"><\/a>\n\t\t\t\t\n\t\t\t\t\t\t\t\t\t\t\t\t<div class=\"wd-post-date wd-style-with-bg\">\n\t\t\t\t<span class=\"post-date-day\">\n\t\t\t\t\t28\t\t\t\t<\/span>\n\t\t\t\t<span class=\"post-date-month\">\n\t\t\t\t\tM\u00e4rz\t\t\t\t<\/span>\n\t\t\t<\/div>\n\t\t\t\t\t\t\t\t\t<\/div>\n\t\t\n\t\t<div class=\"wd-post-content article-body-container\">\n\t\t\t\t\t\t\t<div class=\"wd-post-cat wd-style-with-bg meta-post-categories\">\n\t\t\t\t\t<a href=\"https:\/\/wilkens-wohnstudio.de\/blog\/category\/wohnideen\/balkon\/\" rel=\"category tag\">Balkon<\/a>, <a href=\"https:\/\/wilkens-wohnstudio.de\/blog\/category\/saisonal\/fruehling\/\" rel=\"category tag\">Fr\u00fchling<\/a>\t\t\t\t<\/div>\n\t\t\t\n\t\t\t\t\t\t\t<h3 class=\"wd-post-title wd-entities-title title post-title\">\n\t\t\t\t\t<a href=\"https:\/\/wilkens-wohnstudio.de\/blog\/wohnideen\/balkon\/balkondeko-ideen-im-fruehling\/\" rel=\"bookmark\">Balkondeko Ideen im Fr\u00fchling \u2013 14 tolle Ideen<\/a>\n\t\t\t\t<\/h3>\n\t\t\t\n\t\t\t\t\t\t\t<div class=\"wd-post-meta\">\n\t\t\t\t\t\t\t\t\t\t\t\t\t\t\t<div class=\"wd-post-author\">\n\t\t\t\t\t\t\t\t\t\t\t<span>Geschrieben von<\/span>\n\t\t\n\t\t\t\t\t\t\t\n\t\t\t\t\t<a href=\"https:\/\/wilkens-wohnstudio.de\/blog\/author\/n-tangermann\/\" class=\"author\" rel=\"author\">Wilkens Wohnstudio<\/a>\n\t\t\t\t\t\t\t\t\t<\/div>\n\t\t\t\t\t<div class=\"wd-modified-date\">\n\t\t\t\t\t\t\t\t<time class=\"updated\" datetime=\"2024-03-28T13:02:23+01:00\">\n\t\t\t28.03.2024\t\t<\/time>\n\t\t\t\t\t\t\t<\/div>\n\n\t\t\t\t\t\t\t\t\t\t\t<div tabindex=\"0\" class=\"wd-post-share wd-tltp\">\n\t\t\t\t\t\t\t<div class=\"tooltip top\">\n\t\t\t\t\t\t\t\t<div class=\"tooltip-inner\">\n\t\t\t\t\t\t\t\t\t\t\t\t<div\n\t\t\t\t\t\tclass=\" wd-social-icons  wd-style-default wd-size-small social-share wd-shape-circle color-scheme-light text-center\">\n\t\t\t\t\n\t\t\t\t\n\t\t\t\t\t\t\t\t\t<a rel=\"noopener noreferrer nofollow\" href=\"https:\/\/www.facebook.com\/sharer\/sharer.php?u=https:\/\/wilkens-wohnstudio.de\/blog\/category\/saisonal\/fruehling\/\" target=\"_blank\" class=\" wd-social-icon social-facebook\" aria-label=\"Facebook-Social-Link\">\n\t\t\t\t\t\t<span class=\"wd-icon\"><\/span>\n\t\t\t\t\t\t\t\t\t\t\t<\/a>\n\t\t\t\t\n\t\t\t\t\n\t\t\t\t\n\t\t\t\t\n\t\t\t\t\n\t\t\t\t\n\t\t\t\t\n\t\t\t\t\t\t\t\t\t<a rel=\"noopener noreferrer nofollow\" href=\"https:\/\/pinterest.com\/pin\/create\/button\/?url=https:\/\/wilkens-wohnstudio.de\/blog\/category\/saisonal\/fruehling\/&media=https:\/\/wilkens-wohnstudio.de\/wp-content\/uploads\/2024\/03\/Balkondeko-fuer-den-Fruehling-Fruehlingsdeko-auf-dem-Balkon.jpg&description=Balkondeko+Ideen+im+Fr%C3%BChling+%E2%80%93+14+tolle+Ideen\" target=\"_blank\" class=\" wd-social-icon social-pinterest\" aria-label=\"Pinterest-Social-Link\">\n\t\t\t\t\t\t<span class=\"wd-icon\"><\/span>\n\t\t\t\t\t\t\t\t\t\t\t<\/a>\n\t\t\t\t\n\t\t\t\t\n\t\t\t\t\n\t\t\t\t\n\t\t\t\t\n\t\t\t\t\n\t\t\t\t\n\t\t\t\t\n\t\t\t\t\n\t\t\t\t\n\t\t\t\t\n\t\t\t\t\t\t\t\t\t<a rel=\"noopener noreferrer nofollow\" href=\"https:\/\/api.whatsapp.com\/send?text=https%3A%2F%2Fwilkens-wohnstudio.de%2Fblog%2Fcategory%2Fsaisonal%2Ffruehling%2F\" target=\"_blank\" class=\"wd-hide-md  wd-social-icon social-whatsapp\" aria-label=\"WhatsApp-Social-Link\">\n\t\t\t\t\t\t<span class=\"wd-icon\"><\/span>\n\t\t\t\t\t\t\t\t\t\t\t<\/a>\n\n\t\t\t\t\t<a rel=\"noopener noreferrer nofollow\" href=\"whatsapp:\/\/send?text=https%3A%2F%2Fwilkens-wohnstudio.de%2Fblog%2Fcategory%2Fsaisonal%2Ffruehling%2F\" target=\"_blank\" class=\"wd-hide-lg  wd-social-icon social-whatsapp\" aria-label=\"WhatsApp-Social-Link\">\n\t\t\t\t\t\t<span class=\"wd-icon\"><\/span>\n\t\t\t\t\t\t\t\t\t\t\t<\/a>\n\t\t\t\t\n\t\t\t\t\n\t\t\t\t\n\t\t\t\t\n\t\t\t\t\n\t\t\t\t\n\t\t\t\t\n\t\t\t\t\n\t\t\t<\/div>\n\n\t\t\t\t\t\t\t\t\t\t<\/div>\n\t\t\t\t\t\t\t\t<div class=\"tooltip-arrow\"><\/div>\n\t\t\t\t\t\t\t<\/div>\n\t\t\t\t\t\t<\/div>\n\t\t\t\t\t\n\t\t\t\t\t\t\t\t\t<\/div>\n\t\t\t\n\t\t\t\t\t\t\t\t\t\t\t\t<div class=\"wd-post-excerpt entry-content\">\n\t\t\t\t\t\tBalkondeko Ideen im Fr\u00fchling \u2013 14 tolle Ideen\r\nEndlich scheint die Sonne wieder, auch das Gr\u00fcn der B\u00e4ume l\u00e4sst sich so langsa...\t\t\t\t\t<\/div>\n\t\t\t\t\n\t\t\t\t\t\t\t\t\t\t\t\t\t\t<div class=\"wd-post-read-more wd-style-link read-more-section\">\n\t\t\t\t\t\t<a class=\"\" href=\"https:\/\/wilkens-wohnstudio.de\/blog\/wohnideen\/balkon\/balkondeko-ideen-im-fruehling\/\">weiter lesen<\/a>\t\t\t\t\t<\/div>\n\t\t\t\t\t\t\t\t\t\t\t\t\t<\/div>\n\t<\/div>\n<\/article>\n\n\t\t\t\t\t\t\t\t\t\t\t\n<article id=\"post-62695\" class=\"wd-post blog-design-masonry blog-post-loop blog-style-bg wd-add-shadow wd-col post-62695 post type-post status-publish format-standard has-post-thumbnail hentry category-fruehling category-wohnideen category-wohnzimmer tag-fruehlingsdeko tag-wohnzimmerdeko\">\n\t<div class=\"wd-post-inner article-inner\">\n\t\t\t\t\t<div class=\"wd-post-thumb entry-header\">\n\t\t\t\t\t\t\t\t\t<div class=\"wd-post-img post-img-wrapp\">\n\t\t\t\t\t\t<img width=\"1024\" height=\"768\" src=\"https:\/\/wilkens-wohnstudio.de\/wp-content\/uploads\/2024\/03\/Wohnzimmerdeko-im-Fruehling-1024x768.jpg\" class=\"attachment-large size-large\" alt=\"Wohnzimmerdeko im Fr\u00fchling\" decoding=\"async\" srcset=\"https:\/\/wilkens-wohnstudio.de\/wp-content\/uploads\/2024\/03\/Wohnzimmerdeko-im-Fruehling-1024x768.jpg 1024w, https:\/\/wilkens-wohnstudio.de\/wp-content\/uploads\/2024\/03\/Wohnzimmerdeko-im-Fruehling-350x263.jpg 350w, https:\/\/wilkens-wohnstudio.de\/wp-content\/uploads\/2024\/03\/Wohnzimmerdeko-im-Fruehling-768x576.jpg 768w, https:\/\/wilkens-wohnstudio.de\/wp-content\/uploads\/2024\/03\/Wohnzimmerdeko-im-Fruehling-60x45.jpg 60w, https:\/\/wilkens-wohnstudio.de\/wp-content\/uploads\/2024\/03\/Wohnzimmerdeko-im-Fruehling-110x83.jpg 110w, https:\/\/wilkens-wohnstudio.de\/wp-content\/uploads\/2024\/03\/Wohnzimmerdeko-im-Fruehling-1000x750.jpg 1000w, https:\/\/wilkens-wohnstudio.de\/wp-content\/uploads\/2024\/03\/Wohnzimmerdeko-im-Fruehling-175x131.jpg 175w, https:\/\/wilkens-wohnstudio.de\/wp-content\/uploads\/2024\/03\/Wohnzimmerdeko-im-Fruehling.jpg 2000w\" sizes=\"(max-width: 1024px) 100vw, 1024px\" \/>\t\t\t\t\t<\/div>\n\t\t\t\t\t\t\t\t\t\t<a class=\"wd-fill\" tabindex=\"-1\" href=\"https:\/\/wilkens-wohnstudio.de\/blog\/saisonal\/fruehling\/wohnzimmerdeko-im-fruehling\/\" aria-label=\"Link zum Beitrag Wohnzimmerdeko im Fr\u00fchling \u2013 10 tolle Deko Ideen\"><\/a>\n\t\t\t\t\n\t\t\t\t\t\t\t\t\t\t\t\t<div class=\"wd-post-date wd-style-with-bg\">\n\t\t\t\t<span class=\"post-date-day\">\n\t\t\t\t\t26\t\t\t\t<\/span>\n\t\t\t\t<span class=\"post-date-month\">\n\t\t\t\t\tM\u00e4rz\t\t\t\t<\/span>\n\t\t\t<\/div>\n\t\t\t\t\t\t\t\t\t<\/div>\n\t\t\n\t\t<div class=\"wd-post-content article-body-container\">\n\t\t\t\t\t\t\t<div class=\"wd-post-cat wd-style-with-bg meta-post-categories\">\n\t\t\t\t\t<a href=\"https:\/\/wilkens-wohnstudio.de\/blog\/category\/saisonal\/fruehling\/\" rel=\"category tag\">Fr\u00fchling<\/a>, <a href=\"https:\/\/wilkens-wohnstudio.de\/blog\/category\/wohnideen\/\" rel=\"category tag\">Wohnideen<\/a>, <a href=\"https:\/\/wilkens-wohnstudio.de\/blog\/category\/wohnideen\/wohnzimmer\/\" rel=\"category tag\">Wohnzimmer<\/a>\t\t\t\t<\/div>\n\t\t\t\n\t\t\t\t\t\t\t<h3 class=\"wd-post-title wd-entities-title title post-title\">\n\t\t\t\t\t<a href=\"https:\/\/wilkens-wohnstudio.de\/blog\/saisonal\/fruehling\/wohnzimmerdeko-im-fruehling\/\" rel=\"bookmark\">Wohnzimmerdeko im Fr\u00fchling \u2013 10 tolle Deko Ideen<\/a>\n\t\t\t\t<\/h3>\n\t\t\t\n\t\t\t\t\t\t\t<div class=\"wd-post-meta\">\n\t\t\t\t\t\t\t\t\t\t\t\t\t\t\t<div class=\"wd-post-author\">\n\t\t\t\t\t\t\t\t\t\t\t<span>Geschrieben von<\/span>\n\t\t\n\t\t\t\t\t\t\t\n\t\t\t\t\t<a href=\"https:\/\/wilkens-wohnstudio.de\/blog\/author\/n-tangermann\/\" class=\"author\" rel=\"author\">Wilkens Wohnstudio<\/a>\n\t\t\t\t\t\t\t\t\t<\/div>\n\t\t\t\t\t<div class=\"wd-modified-date\">\n\t\t\t\t\t\t\t\t<time class=\"updated\" datetime=\"2025-02-06T12:16:36+01:00\">\n\t\t\t06.02.2025\t\t<\/time>\n\t\t\t\t\t\t\t<\/div>\n\n\t\t\t\t\t\t\t\t\t\t\t<div tabindex=\"0\" class=\"wd-post-share wd-tltp\">\n\t\t\t\t\t\t\t<div class=\"tooltip top\">\n\t\t\t\t\t\t\t\t<div class=\"tooltip-inner\">\n\t\t\t\t\t\t\t\t\t\t\t\t<div\n\t\t\t\t\t\tclass=\" wd-social-icons  wd-style-default wd-size-small social-share wd-shape-circle color-scheme-light text-center\">\n\t\t\t\t\n\t\t\t\t\n\t\t\t\t\t\t\t\t\t<a rel=\"noopener noreferrer nofollow\" href=\"https:\/\/www.facebook.com\/sharer\/sharer.php?u=https:\/\/wilkens-wohnstudio.de\/blog\/category\/saisonal\/fruehling\/\" target=\"_blank\" class=\" wd-social-icon social-facebook\" aria-label=\"Facebook-Social-Link\">\n\t\t\t\t\t\t<span class=\"wd-icon\"><\/span>\n\t\t\t\t\t\t\t\t\t\t\t<\/a>\n\t\t\t\t\n\t\t\t\t\n\t\t\t\t\n\t\t\t\t\n\t\t\t\t\n\t\t\t\t\n\t\t\t\t\n\t\t\t\t\t\t\t\t\t<a rel=\"noopener noreferrer nofollow\" href=\"https:\/\/pinterest.com\/pin\/create\/button\/?url=https:\/\/wilkens-wohnstudio.de\/blog\/category\/saisonal\/fruehling\/&media=https:\/\/wilkens-wohnstudio.de\/wp-content\/uploads\/2024\/03\/Wohnzimmerdeko-im-Fruehling.jpg&description=Wohnzimmerdeko+im+Fr%C3%BChling+%E2%80%93+10+tolle+Deko+Ideen\" target=\"_blank\" class=\" wd-social-icon social-pinterest\" aria-label=\"Pinterest-Social-Link\">\n\t\t\t\t\t\t<span class=\"wd-icon\"><\/span>\n\t\t\t\t\t\t\t\t\t\t\t<\/a>\n\t\t\t\t\n\t\t\t\t\n\t\t\t\t\n\t\t\t\t\n\t\t\t\t\n\t\t\t\t\n\t\t\t\t\n\t\t\t\t\n\t\t\t\t\n\t\t\t\t\n\t\t\t\t\n\t\t\t\t\t\t\t\t\t<a rel=\"noopener noreferrer nofollow\" href=\"https:\/\/api.whatsapp.com\/send?text=https%3A%2F%2Fwilkens-wohnstudio.de%2Fblog%2Fcategory%2Fsaisonal%2Ffruehling%2F\" target=\"_blank\" class=\"wd-hide-md  wd-social-icon social-whatsapp\" aria-label=\"WhatsApp-Social-Link\">\n\t\t\t\t\t\t<span class=\"wd-icon\"><\/span>\n\t\t\t\t\t\t\t\t\t\t\t<\/a>\n\n\t\t\t\t\t<a rel=\"noopener noreferrer nofollow\" href=\"whatsapp:\/\/send?text=https%3A%2F%2Fwilkens-wohnstudio.de%2Fblog%2Fcategory%2Fsaisonal%2Ffruehling%2F\" target=\"_blank\" class=\"wd-hide-lg  wd-social-icon social-whatsapp\" aria-label=\"WhatsApp-Social-Link\">\n\t\t\t\t\t\t<span class=\"wd-icon\"><\/span>\n\t\t\t\t\t\t\t\t\t\t\t<\/a>\n\t\t\t\t\n\t\t\t\t\n\t\t\t\t\n\t\t\t\t\n\t\t\t\t\n\t\t\t\t\n\t\t\t\t\n\t\t\t\t\n\t\t\t<\/div>\n\n\t\t\t\t\t\t\t\t\t\t<\/div>\n\t\t\t\t\t\t\t\t<div class=\"tooltip-arrow\"><\/div>\n\t\t\t\t\t\t\t<\/div>\n\t\t\t\t\t\t<\/div>\n\t\t\t\t\t\n\t\t\t\t\t\t\t\t\t<\/div>\n\t\t\t\n\t\t\t\t\t\t\t\t\t\t\t\t<div class=\"wd-post-excerpt entry-content\">\n\t\t\t\t\t\tWohnzimmerdeko im Fr\u00fchling \u2013 10 tolle Deko Ideen\r\nEndlich lichtet sich die Wolkendecke am Himmel und das ewige graue Winterwe...\t\t\t\t\t<\/div>\n\t\t\t\t\n\t\t\t\t\t\t\t\t\t\t\t\t\t\t<div class=\"wd-post-read-more wd-style-link read-more-section\">\n\t\t\t\t\t\t<a class=\"\" href=\"https:\/\/wilkens-wohnstudio.de\/blog\/saisonal\/fruehling\/wohnzimmerdeko-im-fruehling\/\">weiter lesen<\/a>\t\t\t\t\t<\/div>\n\t\t\t\t\t\t\t\t\t\t\t\t\t<\/div>\n\t<\/div>\n<\/article>\n\n\t\t\t\t\t\t\t\t\t\t\t\n<article id=\"post-62109\" class=\"wd-post blog-design-masonry blog-post-loop blog-style-bg wd-add-shadow wd-col post-62109 post type-post status-publish format-standard has-post-thumbnail hentry category-ostern category-fruehling tag-ostern tag-tischdeko\">\n\t<div class=\"wd-post-inner article-inner\">\n\t\t\t\t\t<div class=\"wd-post-thumb entry-header\">\n\t\t\t\t\t\t\t\t\t<div class=\"wd-post-img post-img-wrapp\">\n\t\t\t\t\t\t<img width=\"1024\" height=\"768\" src=\"https:\/\/wilkens-wohnstudio.de\/wp-content\/uploads\/2024\/03\/Tischdeko-ostern-dekoideen-fuer-den-tisch-1024x768.jpg\" class=\"attachment-large size-large\" alt=\"Tischdeko ostern dekoideen f\u00fcr den tisch\" decoding=\"async\" srcset=\"https:\/\/wilkens-wohnstudio.de\/wp-content\/uploads\/2024\/03\/Tischdeko-ostern-dekoideen-fuer-den-tisch-1024x768.jpg 1024w, https:\/\/wilkens-wohnstudio.de\/wp-content\/uploads\/2024\/03\/Tischdeko-ostern-dekoideen-fuer-den-tisch-350x263.jpg 350w, https:\/\/wilkens-wohnstudio.de\/wp-content\/uploads\/2024\/03\/Tischdeko-ostern-dekoideen-fuer-den-tisch-768x576.jpg 768w, https:\/\/wilkens-wohnstudio.de\/wp-content\/uploads\/2024\/03\/Tischdeko-ostern-dekoideen-fuer-den-tisch-60x45.jpg 60w, https:\/\/wilkens-wohnstudio.de\/wp-content\/uploads\/2024\/03\/Tischdeko-ostern-dekoideen-fuer-den-tisch-110x83.jpg 110w, https:\/\/wilkens-wohnstudio.de\/wp-content\/uploads\/2024\/03\/Tischdeko-ostern-dekoideen-fuer-den-tisch-1000x750.jpg 1000w, https:\/\/wilkens-wohnstudio.de\/wp-content\/uploads\/2024\/03\/Tischdeko-ostern-dekoideen-fuer-den-tisch-175x131.jpg 175w, https:\/\/wilkens-wohnstudio.de\/wp-content\/uploads\/2024\/03\/Tischdeko-ostern-dekoideen-fuer-den-tisch.jpg 1440w\" sizes=\"(max-width: 1024px) 100vw, 1024px\" \/>\t\t\t\t\t<\/div>\n\t\t\t\t\t\t\t\t\t\t<a class=\"wd-fill\" tabindex=\"-1\" href=\"https:\/\/wilkens-wohnstudio.de\/blog\/saisonal\/ostern\/tischdeko-ostern\/\" aria-label=\"Link zum Beitrag Tischdeko Ostern \u2013 15 tolle Osterdeko Ideen f\u00fcr den Tisch\"><\/a>\n\t\t\t\t\n\t\t\t\t\t\t\t\t\t\t\t\t<div class=\"wd-post-date wd-style-with-bg\">\n\t\t\t\t<span class=\"post-date-day\">\n\t\t\t\t\t06\t\t\t\t<\/span>\n\t\t\t\t<span class=\"post-date-month\">\n\t\t\t\t\tM\u00e4rz\t\t\t\t<\/span>\n\t\t\t<\/div>\n\t\t\t\t\t\t\t\t\t<\/div>\n\t\t\n\t\t<div class=\"wd-post-content article-body-container\">\n\t\t\t\t\t\t\t<div class=\"wd-post-cat wd-style-with-bg meta-post-categories\">\n\t\t\t\t\t<a href=\"https:\/\/wilkens-wohnstudio.de\/blog\/category\/saisonal\/ostern\/\" rel=\"category tag\">Ostern<\/a>, <a href=\"https:\/\/wilkens-wohnstudio.de\/blog\/category\/saisonal\/fruehling\/\" rel=\"category tag\">Fr\u00fchling<\/a>\t\t\t\t<\/div>\n\t\t\t\n\t\t\t\t\t\t\t<h3 class=\"wd-post-title wd-entities-title title post-title\">\n\t\t\t\t\t<a href=\"https:\/\/wilkens-wohnstudio.de\/blog\/saisonal\/ostern\/tischdeko-ostern\/\" rel=\"bookmark\">Tischdeko Ostern \u2013 15 tolle Osterdeko Ideen f\u00fcr den Tisch<\/a>\n\t\t\t\t<\/h3>\n\t\t\t\n\t\t\t\t\t\t\t<div class=\"wd-post-meta\">\n\t\t\t\t\t\t\t\t\t\t\t\t\t\t\t<div class=\"wd-post-author\">\n\t\t\t\t\t\t\t\t\t\t\t<span>Geschrieben von<\/span>\n\t\t\n\t\t\t\t\t\t\t\n\t\t\t\t\t<a href=\"https:\/\/wilkens-wohnstudio.de\/blog\/author\/n-tangermann\/\" class=\"author\" rel=\"author\">Wilkens Wohnstudio<\/a>\n\t\t\t\t\t\t\t\t\t<\/div>\n\t\t\t\t\t<div class=\"wd-modified-date\">\n\t\t\t\t\t\t\t\t<time class=\"updated\" datetime=\"2025-02-06T12:10:56+01:00\">\n\t\t\t06.02.2025\t\t<\/time>\n\t\t\t\t\t\t\t<\/div>\n\n\t\t\t\t\t\t\t\t\t\t\t<div tabindex=\"0\" class=\"wd-post-share wd-tltp\">\n\t\t\t\t\t\t\t<div class=\"tooltip top\">\n\t\t\t\t\t\t\t\t<div class=\"tooltip-inner\">\n\t\t\t\t\t\t\t\t\t\t\t\t<div\n\t\t\t\t\t\tclass=\" wd-social-icons  wd-style-default wd-size-small social-share wd-shape-circle color-scheme-light text-center\">\n\t\t\t\t\n\t\t\t\t\n\t\t\t\t\t\t\t\t\t<a rel=\"noopener noreferrer nofollow\" href=\"https:\/\/www.facebook.com\/sharer\/sharer.php?u=https:\/\/wilkens-wohnstudio.de\/blog\/category\/saisonal\/fruehling\/\" target=\"_blank\" class=\" wd-social-icon social-facebook\" aria-label=\"Facebook-Social-Link\">\n\t\t\t\t\t\t<span class=\"wd-icon\"><\/span>\n\t\t\t\t\t\t\t\t\t\t\t<\/a>\n\t\t\t\t\n\t\t\t\t\n\t\t\t\t\n\t\t\t\t\n\t\t\t\t\n\t\t\t\t\n\t\t\t\t\n\t\t\t\t\t\t\t\t\t<a rel=\"noopener noreferrer nofollow\" href=\"https:\/\/pinterest.com\/pin\/create\/button\/?url=https:\/\/wilkens-wohnstudio.de\/blog\/category\/saisonal\/fruehling\/&media=https:\/\/wilkens-wohnstudio.de\/wp-content\/uploads\/2024\/03\/Tischdeko-ostern-dekoideen-fuer-den-tisch.jpg&description=Tischdeko+Ostern+%E2%80%93+15+tolle+Osterdeko+Ideen+f%C3%BCr+den+Tisch\" target=\"_blank\" class=\" wd-social-icon social-pinterest\" aria-label=\"Pinterest-Social-Link\">\n\t\t\t\t\t\t<span class=\"wd-icon\"><\/span>\n\t\t\t\t\t\t\t\t\t\t\t<\/a>\n\t\t\t\t\n\t\t\t\t\n\t\t\t\t\n\t\t\t\t\n\t\t\t\t\n\t\t\t\t\n\t\t\t\t\n\t\t\t\t\n\t\t\t\t\n\t\t\t\t\n\t\t\t\t\n\t\t\t\t\t\t\t\t\t<a rel=\"noopener noreferrer nofollow\" href=\"https:\/\/api.whatsapp.com\/send?text=https%3A%2F%2Fwilkens-wohnstudio.de%2Fblog%2Fcategory%2Fsaisonal%2Ffruehling%2F\" target=\"_blank\" class=\"wd-hide-md  wd-social-icon social-whatsapp\" aria-label=\"WhatsApp-Social-Link\">\n\t\t\t\t\t\t<span class=\"wd-icon\"><\/span>\n\t\t\t\t\t\t\t\t\t\t\t<\/a>\n\n\t\t\t\t\t<a rel=\"noopener noreferrer nofollow\" href=\"whatsapp:\/\/send?text=https%3A%2F%2Fwilkens-wohnstudio.de%2Fblog%2Fcategory%2Fsaisonal%2Ffruehling%2F\" target=\"_blank\" class=\"wd-hide-lg  wd-social-icon social-whatsapp\" aria-label=\"WhatsApp-Social-Link\">\n\t\t\t\t\t\t<span class=\"wd-icon\"><\/span>\n\t\t\t\t\t\t\t\t\t\t\t<\/a>\n\t\t\t\t\n\t\t\t\t\n\t\t\t\t\n\t\t\t\t\n\t\t\t\t\n\t\t\t\t\n\t\t\t\t\n\t\t\t\t\n\t\t\t<\/div>\n\n\t\t\t\t\t\t\t\t\t\t<\/div>\n\t\t\t\t\t\t\t\t<div class=\"tooltip-arrow\"><\/div>\n\t\t\t\t\t\t\t<\/div>\n\t\t\t\t\t\t<\/div>\n\t\t\t\t\t\n\t\t\t\t\t\t\t\t\t<\/div>\n\t\t\t\n\t\t\t\t\t\t\t\t\t\t\t\t<div class=\"wd-post-excerpt entry-content\">\n\t\t\t\t\t\tTischdeko Ostern \u2013 15 tolle Osterdeko Ideen f\u00fcr den Tisch\r\nLange ist es nicht mehr hin: Das Osterfest steht vor der T\u00fcr. Zeit...\t\t\t\t\t<\/div>\n\t\t\t\t\n\t\t\t\t\t\t\t\t\t\t\t\t\t\t<div class=\"wd-post-read-more wd-style-link read-more-section\">\n\t\t\t\t\t\t<a class=\"\" href=\"https:\/\/wilkens-wohnstudio.de\/blog\/saisonal\/ostern\/tischdeko-ostern\/\">weiter lesen<\/a>\t\t\t\t\t<\/div>\n\t\t\t\t\t\t\t\t\t\t\t\t\t<\/div>\n\t<\/div>\n<\/article>\n\n\t\t\t\t\t\t\t\t\t\t\t\n<article id=\"post-61983\" class=\"wd-post blog-design-masonry blog-post-loop blog-style-bg wd-add-shadow wd-col post-61983 post type-post status-publish format-standard has-post-thumbnail hentry category-fruehling category-ostern tag-diy tag-naturdeko tag-osterdeko\">\n\t<div class=\"wd-post-inner article-inner\">\n\t\t\t\t\t<div class=\"wd-post-thumb entry-header\">\n\t\t\t\t\t\t\t\t\t<div class=\"wd-post-img post-img-wrapp\">\n\t\t\t\t\t\t<img width=\"1024\" height=\"768\" src=\"https:\/\/wilkens-wohnstudio.de\/wp-content\/uploads\/2024\/02\/Osterdeko-aus-Naturmaterialien-1-1024x768.jpg\" class=\"attachment-large size-large\" alt=\"Osterdeko aus Naturmaterialien\" decoding=\"async\" srcset=\"https:\/\/wilkens-wohnstudio.de\/wp-content\/uploads\/2024\/02\/Osterdeko-aus-Naturmaterialien-1-1024x768.jpg 1024w, https:\/\/wilkens-wohnstudio.de\/wp-content\/uploads\/2024\/02\/Osterdeko-aus-Naturmaterialien-1-350x263.jpg 350w, https:\/\/wilkens-wohnstudio.de\/wp-content\/uploads\/2024\/02\/Osterdeko-aus-Naturmaterialien-1-768x576.jpg 768w, https:\/\/wilkens-wohnstudio.de\/wp-content\/uploads\/2024\/02\/Osterdeko-aus-Naturmaterialien-1-60x45.jpg 60w, https:\/\/wilkens-wohnstudio.de\/wp-content\/uploads\/2024\/02\/Osterdeko-aus-Naturmaterialien-1-110x83.jpg 110w, https:\/\/wilkens-wohnstudio.de\/wp-content\/uploads\/2024\/02\/Osterdeko-aus-Naturmaterialien-1-1000x750.jpg 1000w, https:\/\/wilkens-wohnstudio.de\/wp-content\/uploads\/2024\/02\/Osterdeko-aus-Naturmaterialien-1-175x131.jpg 175w, https:\/\/wilkens-wohnstudio.de\/wp-content\/uploads\/2024\/02\/Osterdeko-aus-Naturmaterialien-1.jpg 1440w\" sizes=\"(max-width: 1024px) 100vw, 1024px\" \/>\t\t\t\t\t<\/div>\n\t\t\t\t\t\t\t\t\t\t<a class=\"wd-fill\" tabindex=\"-1\" href=\"https:\/\/wilkens-wohnstudio.de\/blog\/saisonal\/fruehling\/osterdeko-aus-naturmaterialien\/\" aria-label=\"Link zum Beitrag 7 tolle Ideen f\u00fcr Osterdeko aus Naturmaterialien\"><\/a>\n\t\t\t\t\n\t\t\t\t\t\t\t\t\t\t\t\t<div class=\"wd-post-date wd-style-with-bg\">\n\t\t\t\t<span class=\"post-date-day\">\n\t\t\t\t\t28\t\t\t\t<\/span>\n\t\t\t\t<span class=\"post-date-month\">\n\t\t\t\t\tFeb.\t\t\t\t<\/span>\n\t\t\t<\/div>\n\t\t\t\t\t\t\t\t\t<\/div>\n\t\t\n\t\t<div class=\"wd-post-content article-body-container\">\n\t\t\t\t\t\t\t<div class=\"wd-post-cat wd-style-with-bg meta-post-categories\">\n\t\t\t\t\t<a href=\"https:\/\/wilkens-wohnstudio.de\/blog\/category\/saisonal\/fruehling\/\" rel=\"category tag\">Fr\u00fchling<\/a>, <a href=\"https:\/\/wilkens-wohnstudio.de\/blog\/category\/saisonal\/ostern\/\" rel=\"category tag\">Ostern<\/a>\t\t\t\t<\/div>\n\t\t\t\n\t\t\t\t\t\t\t<h3 class=\"wd-post-title wd-entities-title title post-title\">\n\t\t\t\t\t<a href=\"https:\/\/wilkens-wohnstudio.de\/blog\/saisonal\/fruehling\/osterdeko-aus-naturmaterialien\/\" rel=\"bookmark\">7 tolle Ideen f\u00fcr Osterdeko aus Naturmaterialien<\/a>\n\t\t\t\t<\/h3>\n\t\t\t\n\t\t\t\t\t\t\t<div class=\"wd-post-meta\">\n\t\t\t\t\t\t\t\t\t\t\t\t\t\t\t<div class=\"wd-post-author\">\n\t\t\t\t\t\t\t\t\t\t\t<span>Geschrieben von<\/span>\n\t\t\n\t\t\t\t\t\t\t\n\t\t\t\t\t<a href=\"https:\/\/wilkens-wohnstudio.de\/blog\/author\/n-tangermann\/\" class=\"author\" rel=\"author\">Wilkens Wohnstudio<\/a>\n\t\t\t\t\t\t\t\t\t<\/div>\n\t\t\t\t\t<div class=\"wd-modified-date\">\n\t\t\t\t\t\t\t\t<time class=\"updated\" datetime=\"2025-02-06T11:56:06+01:00\">\n\t\t\t06.02.2025\t\t<\/time>\n\t\t\t\t\t\t\t<\/div>\n\n\t\t\t\t\t\t\t\t\t\t\t<div tabindex=\"0\" class=\"wd-post-share wd-tltp\">\n\t\t\t\t\t\t\t<div class=\"tooltip top\">\n\t\t\t\t\t\t\t\t<div class=\"tooltip-inner\">\n\t\t\t\t\t\t\t\t\t\t\t\t<div\n\t\t\t\t\t\tclass=\" wd-social-icons  wd-style-default wd-size-small social-share wd-shape-circle color-scheme-light text-center\">\n\t\t\t\t\n\t\t\t\t\n\t\t\t\t\t\t\t\t\t<a rel=\"noopener noreferrer nofollow\" href=\"https:\/\/www.facebook.com\/sharer\/sharer.php?u=https:\/\/wilkens-wohnstudio.de\/blog\/category\/saisonal\/fruehling\/\" target=\"_blank\" class=\" wd-social-icon social-facebook\" aria-label=\"Facebook-Social-Link\">\n\t\t\t\t\t\t<span class=\"wd-icon\"><\/span>\n\t\t\t\t\t\t\t\t\t\t\t<\/a>\n\t\t\t\t\n\t\t\t\t\n\t\t\t\t\n\t\t\t\t\n\t\t\t\t\n\t\t\t\t\n\t\t\t\t\n\t\t\t\t\t\t\t\t\t<a rel=\"noopener noreferrer nofollow\" href=\"https:\/\/pinterest.com\/pin\/create\/button\/?url=https:\/\/wilkens-wohnstudio.de\/blog\/category\/saisonal\/fruehling\/&media=https:\/\/wilkens-wohnstudio.de\/wp-content\/uploads\/2024\/02\/Osterdeko-aus-Naturmaterialien-1.jpg&description=7+tolle+Ideen+f%C3%BCr+Osterdeko+aus+Naturmaterialien\" target=\"_blank\" class=\" wd-social-icon social-pinterest\" aria-label=\"Pinterest-Social-Link\">\n\t\t\t\t\t\t<span class=\"wd-icon\"><\/span>\n\t\t\t\t\t\t\t\t\t\t\t<\/a>\n\t\t\t\t\n\t\t\t\t\n\t\t\t\t\n\t\t\t\t\n\t\t\t\t\n\t\t\t\t\n\t\t\t\t\n\t\t\t\t\n\t\t\t\t\n\t\t\t\t\n\t\t\t\t\n\t\t\t\t\t\t\t\t\t<a rel=\"noopener noreferrer nofollow\" href=\"https:\/\/api.whatsapp.com\/send?text=https%3A%2F%2Fwilkens-wohnstudio.de%2Fblog%2Fcategory%2Fsaisonal%2Ffruehling%2F\" target=\"_blank\" class=\"wd-hide-md  wd-social-icon social-whatsapp\" aria-label=\"WhatsApp-Social-Link\">\n\t\t\t\t\t\t<span class=\"wd-icon\"><\/span>\n\t\t\t\t\t\t\t\t\t\t\t<\/a>\n\n\t\t\t\t\t<a rel=\"noopener noreferrer nofollow\" href=\"whatsapp:\/\/send?text=https%3A%2F%2Fwilkens-wohnstudio.de%2Fblog%2Fcategory%2Fsaisonal%2Ffruehling%2F\" target=\"_blank\" class=\"wd-hide-lg  wd-social-icon social-whatsapp\" aria-label=\"WhatsApp-Social-Link\">\n\t\t\t\t\t\t<span class=\"wd-icon\"><\/span>\n\t\t\t\t\t\t\t\t\t\t\t<\/a>\n\t\t\t\t\n\t\t\t\t\n\t\t\t\t\n\t\t\t\t\n\t\t\t\t\n\t\t\t\t\n\t\t\t\t\n\t\t\t\t\n\t\t\t<\/div>\n\n\t\t\t\t\t\t\t\t\t\t<\/div>\n\t\t\t\t\t\t\t\t<div class=\"tooltip-arrow\"><\/div>\n\t\t\t\t\t\t\t<\/div>\n\t\t\t\t\t\t<\/div>\n\t\t\t\t\t\n\t\t\t\t\t\t\t\t\t<\/div>\n\t\t\t\n\t\t\t\t\t\t\t\t\t\t\t\t<div class=\"wd-post-excerpt entry-content\">\n\t\t\t\t\t\t7 tolle Ideen f\u00fcr Osterdeko aus Naturmaterialien\nWenn die Natur wieder zum Leben erwacht, ist das Osterfest nicht weit! Drau\u00df...\t\t\t\t\t<\/div>\n\t\t\t\t\n\t\t\t\t\t\t\t\t\t\t\t\t\t\t<div class=\"wd-post-read-more wd-style-link read-more-section\">\n\t\t\t\t\t\t<a class=\"\" href=\"https:\/\/wilkens-wohnstudio.de\/blog\/saisonal\/fruehling\/osterdeko-aus-naturmaterialien\/\">weiter lesen<\/a>\t\t\t\t\t<\/div>\n\t\t\t\t\t\t\t\t\t\t\t\t\t<\/div>\n\t<\/div>\n<\/article>\n\n\t\t\t\t\t\t\t\t\t\t\t\n<article id=\"post-61917\" class=\"wd-post blog-design-masonry blog-post-loop blog-style-bg wd-add-shadow wd-col post-61917 post type-post status-publish format-standard has-post-thumbnail hentry category-saisonal category-fruehling category-ostern tag-diy tag-fruehlingsdeko tag-osterdeko\">\n\t<div class=\"wd-post-inner article-inner\">\n\t\t\t\t\t<div class=\"wd-post-thumb entry-header\">\n\t\t\t\t\t\t\t\t\t<div class=\"wd-post-img post-img-wrapp\">\n\t\t\t\t\t\t<img width=\"1024\" height=\"768\" src=\"https:\/\/wilkens-wohnstudio.de\/wp-content\/uploads\/2024\/02\/Osterdeko-basteln-Osterdeko-selber-machen-1024x768.jpg\" class=\"attachment-large size-large\" alt=\"Osterdeko basteln Osterdeko selber machen\" decoding=\"async\" srcset=\"https:\/\/wilkens-wohnstudio.de\/wp-content\/uploads\/2024\/02\/Osterdeko-basteln-Osterdeko-selber-machen-1024x768.jpg 1024w, https:\/\/wilkens-wohnstudio.de\/wp-content\/uploads\/2024\/02\/Osterdeko-basteln-Osterdeko-selber-machen-350x263.jpg 350w, https:\/\/wilkens-wohnstudio.de\/wp-content\/uploads\/2024\/02\/Osterdeko-basteln-Osterdeko-selber-machen-768x576.jpg 768w, https:\/\/wilkens-wohnstudio.de\/wp-content\/uploads\/2024\/02\/Osterdeko-basteln-Osterdeko-selber-machen-60x45.jpg 60w, https:\/\/wilkens-wohnstudio.de\/wp-content\/uploads\/2024\/02\/Osterdeko-basteln-Osterdeko-selber-machen-110x83.jpg 110w, https:\/\/wilkens-wohnstudio.de\/wp-content\/uploads\/2024\/02\/Osterdeko-basteln-Osterdeko-selber-machen-1000x750.jpg 1000w, https:\/\/wilkens-wohnstudio.de\/wp-content\/uploads\/2024\/02\/Osterdeko-basteln-Osterdeko-selber-machen-175x131.jpg 175w, https:\/\/wilkens-wohnstudio.de\/wp-content\/uploads\/2024\/02\/Osterdeko-basteln-Osterdeko-selber-machen.jpg 1440w\" sizes=\"(max-width: 1024px) 100vw, 1024px\" \/>\t\t\t\t\t<\/div>\n\t\t\t\t\t\t\t\t\t\t<a class=\"wd-fill\" tabindex=\"-1\" href=\"https:\/\/wilkens-wohnstudio.de\/blog\/saisonal\/osterdeko-basteln\/\" aria-label=\"Link zum Beitrag Ei, Ei, Ei, DIY \u2013 17 Ideen zum Osterdeko basteln\"><\/a>\n\t\t\t\t\n\t\t\t\t\t\t\t\t\t\t\t\t<div class=\"wd-post-date wd-style-with-bg\">\n\t\t\t\t<span class=\"post-date-day\">\n\t\t\t\t\t26\t\t\t\t<\/span>\n\t\t\t\t<span class=\"post-date-month\">\n\t\t\t\t\tFeb.\t\t\t\t<\/span>\n\t\t\t<\/div>\n\t\t\t\t\t\t\t\t\t<\/div>\n\t\t\n\t\t<div class=\"wd-post-content article-body-container\">\n\t\t\t\t\t\t\t<div class=\"wd-post-cat wd-style-with-bg meta-post-categories\">\n\t\t\t\t\t<a href=\"https:\/\/wilkens-wohnstudio.de\/blog\/category\/saisonal\/\" rel=\"category tag\">Saisonal<\/a>, <a href=\"https:\/\/wilkens-wohnstudio.de\/blog\/category\/saisonal\/fruehling\/\" rel=\"category tag\">Fr\u00fchling<\/a>, <a href=\"https:\/\/wilkens-wohnstudio.de\/blog\/category\/saisonal\/ostern\/\" rel=\"category tag\">Ostern<\/a>\t\t\t\t<\/div>\n\t\t\t\n\t\t\t\t\t\t\t<h3 class=\"wd-post-title wd-entities-title title post-title\">\n\t\t\t\t\t<a href=\"https:\/\/wilkens-wohnstudio.de\/blog\/saisonal\/osterdeko-basteln\/\" rel=\"bookmark\">Ei, Ei, Ei, DIY \u2013 17 Ideen zum Osterdeko basteln<\/a>\n\t\t\t\t<\/h3>\n\t\t\t\n\t\t\t\t\t\t\t<div class=\"wd-post-meta\">\n\t\t\t\t\t\t\t\t\t\t\t\t\t\t\t<div class=\"wd-post-author\">\n\t\t\t\t\t\t\t\t\t\t\t<span>Geschrieben von<\/span>\n\t\t\n\t\t\t\t\t\t\t\n\t\t\t\t\t<a href=\"https:\/\/wilkens-wohnstudio.de\/blog\/author\/n-tangermann\/\" class=\"author\" rel=\"author\">Wilkens Wohnstudio<\/a>\n\t\t\t\t\t\t\t\t\t<\/div>\n\t\t\t\t\t<div class=\"wd-modified-date\">\n\t\t\t\t\t\t\t\t<time class=\"updated\" datetime=\"2025-02-06T11:40:15+01:00\">\n\t\t\t06.02.2025\t\t<\/time>\n\t\t\t\t\t\t\t<\/div>\n\n\t\t\t\t\t\t\t\t\t\t\t<div tabindex=\"0\" class=\"wd-post-share wd-tltp\">\n\t\t\t\t\t\t\t<div class=\"tooltip top\">\n\t\t\t\t\t\t\t\t<div class=\"tooltip-inner\">\n\t\t\t\t\t\t\t\t\t\t\t\t<div\n\t\t\t\t\t\tclass=\" wd-social-icons  wd-style-default wd-size-small social-share wd-shape-circle color-scheme-light text-center\">\n\t\t\t\t\n\t\t\t\t\n\t\t\t\t\t\t\t\t\t<a rel=\"noopener noreferrer nofollow\" href=\"https:\/\/www.facebook.com\/sharer\/sharer.php?u=https:\/\/wilkens-wohnstudio.de\/blog\/category\/saisonal\/fruehling\/\" target=\"_blank\" class=\" wd-social-icon social-facebook\" aria-label=\"Facebook-Social-Link\">\n\t\t\t\t\t\t<span class=\"wd-icon\"><\/span>\n\t\t\t\t\t\t\t\t\t\t\t<\/a>\n\t\t\t\t\n\t\t\t\t\n\t\t\t\t\n\t\t\t\t\n\t\t\t\t\n\t\t\t\t\n\t\t\t\t\n\t\t\t\t\t\t\t\t\t<a rel=\"noopener noreferrer nofollow\" href=\"https:\/\/pinterest.com\/pin\/create\/button\/?url=https:\/\/wilkens-wohnstudio.de\/blog\/category\/saisonal\/fruehling\/&media=https:\/\/wilkens-wohnstudio.de\/wp-content\/uploads\/2024\/02\/Osterdeko-basteln-Osterdeko-selber-machen.jpg&description=Ei%2C+Ei%2C+Ei%2C+DIY+%E2%80%93+17+Ideen+zum+Osterdeko+basteln\" target=\"_blank\" class=\" wd-social-icon social-pinterest\" aria-label=\"Pinterest-Social-Link\">\n\t\t\t\t\t\t<span class=\"wd-icon\"><\/span>\n\t\t\t\t\t\t\t\t\t\t\t<\/a>\n\t\t\t\t\n\t\t\t\t\n\t\t\t\t\n\t\t\t\t\n\t\t\t\t\n\t\t\t\t\n\t\t\t\t\n\t\t\t\t\n\t\t\t\t\n\t\t\t\t\n\t\t\t\t\n\t\t\t\t\t\t\t\t\t<a rel=\"noopener noreferrer nofollow\" href=\"https:\/\/api.whatsapp.com\/send?text=https%3A%2F%2Fwilkens-wohnstudio.de%2Fblog%2Fcategory%2Fsaisonal%2Ffruehling%2F\" target=\"_blank\" class=\"wd-hide-md  wd-social-icon social-whatsapp\" aria-label=\"WhatsApp-Social-Link\">\n\t\t\t\t\t\t<span class=\"wd-icon\"><\/span>\n\t\t\t\t\t\t\t\t\t\t\t<\/a>\n\n\t\t\t\t\t<a rel=\"noopener noreferrer nofollow\" href=\"whatsapp:\/\/send?text=https%3A%2F%2Fwilkens-wohnstudio.de%2Fblog%2Fcategory%2Fsaisonal%2Ffruehling%2F\" target=\"_blank\" class=\"wd-hide-lg  wd-social-icon social-whatsapp\" aria-label=\"WhatsApp-Social-Link\">\n\t\t\t\t\t\t<span class=\"wd-icon\"><\/span>\n\t\t\t\t\t\t\t\t\t\t\t<\/a>\n\t\t\t\t\n\t\t\t\t\n\t\t\t\t\n\t\t\t\t\n\t\t\t\t\n\t\t\t\t\n\t\t\t\t\n\t\t\t\t\n\t\t\t<\/div>\n\n\t\t\t\t\t\t\t\t\t\t<\/div>\n\t\t\t\t\t\t\t\t<div class=\"tooltip-arrow\"><\/div>\n\t\t\t\t\t\t\t<\/div>\n\t\t\t\t\t\t<\/div>\n\t\t\t\t\t\n\t\t\t\t\t\t\t\t\t<\/div>\n\t\t\t\n\t\t\t\t\t\t\t\t\t\t\t\t<div class=\"wd-post-excerpt entry-content\">\n\t\t\t\t\t\tEi, Ei, Ei, DIY \u2013 17 Ideen zum Osterdeko basteln\r\nDas Wintergrau weicht so langsam, endlich wieder frische Farben, drau\u00dfen h\u00f6...\t\t\t\t\t<\/div>\n\t\t\t\t\n\t\t\t\t\t\t\t\t\t\t\t\t\t\t<div class=\"wd-post-read-more wd-style-link read-more-section\">\n\t\t\t\t\t\t<a class=\"\" href=\"https:\/\/wilkens-wohnstudio.de\/blog\/saisonal\/osterdeko-basteln\/\">weiter lesen<\/a>\t\t\t\t\t<\/div>\n\t\t\t\t\t\t\t\t\t\t\t\t\t<\/div>\n\t<\/div>\n<\/article>\n\n\t\t\t\t\t\t\t\t\t\t\t\n<article id=\"post-61711\" class=\"wd-post blog-design-masonry blog-post-loop blog-style-bg wd-add-shadow wd-col post-61711 post type-post status-publish format-standard has-post-thumbnail hentry category-diy-ideen category-fruehling category-ostern category-saisonal tag-1761 tag-osterdeko\">\n\t<div class=\"wd-post-inner article-inner\">\n\t\t\t\t\t<div class=\"wd-post-thumb entry-header\">\n\t\t\t\t\t\t\t\t\t<div class=\"wd-post-img post-img-wrapp\">\n\t\t\t\t\t\t<img width=\"1024\" height=\"768\" src=\"https:\/\/wilkens-wohnstudio.de\/wp-content\/uploads\/2024\/02\/Osterdeko-Ideen-2024-1024x768.jpg\" class=\"attachment-large size-large\" alt=\"Osterdeko Ideen 2024\" decoding=\"async\" srcset=\"https:\/\/wilkens-wohnstudio.de\/wp-content\/uploads\/2024\/02\/Osterdeko-Ideen-2024-1024x768.jpg 1024w, https:\/\/wilkens-wohnstudio.de\/wp-content\/uploads\/2024\/02\/Osterdeko-Ideen-2024-350x263.jpg 350w, https:\/\/wilkens-wohnstudio.de\/wp-content\/uploads\/2024\/02\/Osterdeko-Ideen-2024-768x576.jpg 768w, https:\/\/wilkens-wohnstudio.de\/wp-content\/uploads\/2024\/02\/Osterdeko-Ideen-2024-60x45.jpg 60w, https:\/\/wilkens-wohnstudio.de\/wp-content\/uploads\/2024\/02\/Osterdeko-Ideen-2024-110x83.jpg 110w, https:\/\/wilkens-wohnstudio.de\/wp-content\/uploads\/2024\/02\/Osterdeko-Ideen-2024-1000x750.jpg 1000w, https:\/\/wilkens-wohnstudio.de\/wp-content\/uploads\/2024\/02\/Osterdeko-Ideen-2024-175x131.jpg 175w, https:\/\/wilkens-wohnstudio.de\/wp-content\/uploads\/2024\/02\/Osterdeko-Ideen-2024.jpg 1440w\" sizes=\"(max-width: 1024px) 100vw, 1024px\" \/>\t\t\t\t\t<\/div>\n\t\t\t\t\t\t\t\t\t\t<a class=\"wd-fill\" tabindex=\"-1\" href=\"https:\/\/wilkens-wohnstudio.de\/blog\/diy-ideen\/osterdeko-ideen-2024\/\" aria-label=\"Link zum Beitrag 11 sch\u00f6ne Osterdeko Ideen 2024\"><\/a>\n\t\t\t\t\n\t\t\t\t\t\t\t\t\t\t\t\t<div class=\"wd-post-date wd-style-with-bg\">\n\t\t\t\t<span class=\"post-date-day\">\n\t\t\t\t\t22\t\t\t\t<\/span>\n\t\t\t\t<span class=\"post-date-month\">\n\t\t\t\t\tFeb.\t\t\t\t<\/span>\n\t\t\t<\/div>\n\t\t\t\t\t\t\t\t\t<\/div>\n\t\t\n\t\t<div class=\"wd-post-content article-body-container\">\n\t\t\t\t\t\t\t<div class=\"wd-post-cat wd-style-with-bg meta-post-categories\">\n\t\t\t\t\t<a href=\"https:\/\/wilkens-wohnstudio.de\/blog\/category\/diy-ideen\/\" rel=\"category tag\">DIY-Ideen<\/a>, <a href=\"https:\/\/wilkens-wohnstudio.de\/blog\/category\/saisonal\/fruehling\/\" rel=\"category tag\">Fr\u00fchling<\/a>, <a href=\"https:\/\/wilkens-wohnstudio.de\/blog\/category\/saisonal\/ostern\/\" rel=\"category tag\">Ostern<\/a>, <a href=\"https:\/\/wilkens-wohnstudio.de\/blog\/category\/saisonal\/\" rel=\"category tag\">Saisonal<\/a>\t\t\t\t<\/div>\n\t\t\t\n\t\t\t\t\t\t\t<h3 class=\"wd-post-title wd-entities-title title post-title\">\n\t\t\t\t\t<a href=\"https:\/\/wilkens-wohnstudio.de\/blog\/diy-ideen\/osterdeko-ideen-2024\/\" rel=\"bookmark\">11 sch\u00f6ne Osterdeko Ideen 2024<\/a>\n\t\t\t\t<\/h3>\n\t\t\t\n\t\t\t\t\t\t\t<div class=\"wd-post-meta\">\n\t\t\t\t\t\t\t\t\t\t\t\t\t\t\t<div class=\"wd-post-author\">\n\t\t\t\t\t\t\t\t\t\t\t<span>Geschrieben von<\/span>\n\t\t\n\t\t\t\t\t\t\t\n\t\t\t\t\t<a href=\"https:\/\/wilkens-wohnstudio.de\/blog\/author\/n-tangermann\/\" class=\"author\" rel=\"author\">Wilkens Wohnstudio<\/a>\n\t\t\t\t\t\t\t\t\t<\/div>\n\t\t\t\t\t<div class=\"wd-modified-date\">\n\t\t\t\t\t\t\t\t<time class=\"updated\" datetime=\"2025-02-06T11:57:40+01:00\">\n\t\t\t06.02.2025\t\t<\/time>\n\t\t\t\t\t\t\t<\/div>\n\n\t\t\t\t\t\t\t\t\t\t\t<div tabindex=\"0\" class=\"wd-post-share wd-tltp\">\n\t\t\t\t\t\t\t<div class=\"tooltip top\">\n\t\t\t\t\t\t\t\t<div class=\"tooltip-inner\">\n\t\t\t\t\t\t\t\t\t\t\t\t<div\n\t\t\t\t\t\tclass=\" wd-social-icons  wd-style-default wd-size-small social-share wd-shape-circle color-scheme-light text-center\">\n\t\t\t\t\n\t\t\t\t\n\t\t\t\t\t\t\t\t\t<a rel=\"noopener noreferrer nofollow\" href=\"https:\/\/www.facebook.com\/sharer\/sharer.php?u=https:\/\/wilkens-wohnstudio.de\/blog\/category\/saisonal\/fruehling\/\" target=\"_blank\" class=\" wd-social-icon social-facebook\" aria-label=\"Facebook-Social-Link\">\n\t\t\t\t\t\t<span class=\"wd-icon\"><\/span>\n\t\t\t\t\t\t\t\t\t\t\t<\/a>\n\t\t\t\t\n\t\t\t\t\n\t\t\t\t\n\t\t\t\t\n\t\t\t\t\n\t\t\t\t\n\t\t\t\t\n\t\t\t\t\t\t\t\t\t<a rel=\"noopener noreferrer nofollow\" href=\"https:\/\/pinterest.com\/pin\/create\/button\/?url=https:\/\/wilkens-wohnstudio.de\/blog\/category\/saisonal\/fruehling\/&media=https:\/\/wilkens-wohnstudio.de\/wp-content\/uploads\/2024\/02\/Osterdeko-Ideen-2024.jpg&description=11+sch%C3%B6ne+Osterdeko+Ideen+2024\" target=\"_blank\" class=\" wd-social-icon social-pinterest\" aria-label=\"Pinterest-Social-Link\">\n\t\t\t\t\t\t<span class=\"wd-icon\"><\/span>\n\t\t\t\t\t\t\t\t\t\t\t<\/a>\n\t\t\t\t\n\t\t\t\t\n\t\t\t\t\n\t\t\t\t\n\t\t\t\t\n\t\t\t\t\n\t\t\t\t\n\t\t\t\t\n\t\t\t\t\n\t\t\t\t\n\t\t\t\t\n\t\t\t\t\t\t\t\t\t<a rel=\"noopener noreferrer nofollow\" href=\"https:\/\/api.whatsapp.com\/send?text=https%3A%2F%2Fwilkens-wohnstudio.de%2Fblog%2Fcategory%2Fsaisonal%2Ffruehling%2F\" target=\"_blank\" class=\"wd-hide-md  wd-social-icon social-whatsapp\" aria-label=\"WhatsApp-Social-Link\">\n\t\t\t\t\t\t<span class=\"wd-icon\"><\/span>\n\t\t\t\t\t\t\t\t\t\t\t<\/a>\n\n\t\t\t\t\t<a rel=\"noopener noreferrer nofollow\" href=\"whatsapp:\/\/send?text=https%3A%2F%2Fwilkens-wohnstudio.de%2Fblog%2Fcategory%2Fsaisonal%2Ffruehling%2F\" target=\"_blank\" class=\"wd-hide-lg  wd-social-icon social-whatsapp\" aria-label=\"WhatsApp-Social-Link\">\n\t\t\t\t\t\t<span class=\"wd-icon\"><\/span>\n\t\t\t\t\t\t\t\t\t\t\t<\/a>\n\t\t\t\t\n\t\t\t\t\n\t\t\t\t\n\t\t\t\t\n\t\t\t\t\n\t\t\t\t\n\t\t\t\t\n\t\t\t\t\n\t\t\t<\/div>\n\n\t\t\t\t\t\t\t\t\t\t<\/div>\n\t\t\t\t\t\t\t\t<div class=\"tooltip-arrow\"><\/div>\n\t\t\t\t\t\t\t<\/div>\n\t\t\t\t\t\t<\/div>\n\t\t\t\t\t\n\t\t\t\t\t\t\t\t\t<\/div>\n\t\t\t\n\t\t\t\t\t\t\t\t\t\t\t\t<div class=\"wd-post-excerpt entry-content\">\n\t\t\t\t\t\t11 sch\u00f6ne Osterdeko Ideen 2024\r\nLangsam ist es wieder zu bemerken: Wir h\u00f6ren Vogelgesang, die erste Krokusse schieben sich au...\t\t\t\t\t<\/div>\n\t\t\t\t\n\t\t\t\t\t\t\t\t\t\t\t\t\t\t<div class=\"wd-post-read-more wd-style-link read-more-section\">\n\t\t\t\t\t\t<a class=\"\" href=\"https:\/\/wilkens-wohnstudio.de\/blog\/diy-ideen\/osterdeko-ideen-2024\/\">weiter lesen<\/a>\t\t\t\t\t<\/div>\n\t\t\t\t\t\t\t\t\t\t\t\t\t<\/div>\n\t<\/div>\n<\/article>\n\n\t\t\t\t\t\t\t\t\t\t\t\n<article id=\"post-54656\" class=\"wd-post blog-design-masonry blog-post-loop blog-style-bg wd-add-shadow wd-col post-54656 post type-post status-publish format-standard has-post-thumbnail hentry category-dekoideen category-fruehling category-herbst category-kueche category-ostern category-schlafzimmer category-weihnachten category-winter category-wohnideen category-wohnzimmer tag-fensterbank-deko tag-herbstdeko tag-vintage-deko tag-weihnachtsdeko\">\n\t<div class=\"wd-post-inner article-inner\">\n\t\t\t\t\t<div class=\"wd-post-thumb entry-header\">\n\t\t\t\t\t\t\t\t\t<div class=\"wd-post-img post-img-wrapp\">\n\t\t\t\t\t\t<img width=\"1024\" height=\"768\" src=\"https:\/\/wilkens-wohnstudio.de\/wp-content\/uploads\/2023\/08\/fensterbank-deko-ideen-1024x768.jpg\" class=\"attachment-large size-large\" alt=\"\" decoding=\"async\" srcset=\"https:\/\/wilkens-wohnstudio.de\/wp-content\/uploads\/2023\/08\/fensterbank-deko-ideen-1024x768.jpg 1024w, https:\/\/wilkens-wohnstudio.de\/wp-content\/uploads\/2023\/08\/fensterbank-deko-ideen-175x131.jpg 175w, https:\/\/wilkens-wohnstudio.de\/wp-content\/uploads\/2023\/08\/fensterbank-deko-ideen-1000x750.jpg 1000w, https:\/\/wilkens-wohnstudio.de\/wp-content\/uploads\/2023\/08\/fensterbank-deko-ideen-350x263.jpg 350w, https:\/\/wilkens-wohnstudio.de\/wp-content\/uploads\/2023\/08\/fensterbank-deko-ideen-768x576.jpg 768w, https:\/\/wilkens-wohnstudio.de\/wp-content\/uploads\/2023\/08\/fensterbank-deko-ideen-1536x1152.jpg 1536w, https:\/\/wilkens-wohnstudio.de\/wp-content\/uploads\/2023\/08\/fensterbank-deko-ideen-60x45.jpg 60w, https:\/\/wilkens-wohnstudio.de\/wp-content\/uploads\/2023\/08\/fensterbank-deko-ideen-110x83.jpg 110w, https:\/\/wilkens-wohnstudio.de\/wp-content\/uploads\/2023\/08\/fensterbank-deko-ideen.jpg 2000w\" sizes=\"(max-width: 1024px) 100vw, 1024px\" \/>\t\t\t\t\t<\/div>\n\t\t\t\t\t\t\t\t\t\t<a class=\"wd-fill\" tabindex=\"-1\" href=\"https:\/\/wilkens-wohnstudio.de\/blog\/dekoideen\/fensterbank-deko-ideen\/\" aria-label=\"Link zum Beitrag 22 tolle Fensterbank Deko Ideen\"><\/a>\n\t\t\t\t\n\t\t\t\t\t\t\t\t\t\t\t\t<div class=\"wd-post-date wd-style-with-bg\">\n\t\t\t\t<span class=\"post-date-day\">\n\t\t\t\t\t17\t\t\t\t<\/span>\n\t\t\t\t<span class=\"post-date-month\">\n\t\t\t\t\tAug.\t\t\t\t<\/span>\n\t\t\t<\/div>\n\t\t\t\t\t\t\t\t\t<\/div>\n\t\t\n\t\t<div class=\"wd-post-content article-body-container\">\n\t\t\t\t\t\t\t<div class=\"wd-post-cat wd-style-with-bg meta-post-categories\">\n\t\t\t\t\t<a href=\"https:\/\/wilkens-wohnstudio.de\/blog\/category\/dekoideen\/\" rel=\"category tag\">Dekoideen<\/a>, <a href=\"https:\/\/wilkens-wohnstudio.de\/blog\/category\/saisonal\/fruehling\/\" rel=\"category tag\">Fr\u00fchling<\/a>, <a href=\"https:\/\/wilkens-wohnstudio.de\/blog\/category\/saisonal\/herbst\/\" rel=\"category tag\">Herbst<\/a>, <a href=\"https:\/\/wilkens-wohnstudio.de\/blog\/category\/wohnideen\/kueche\/\" rel=\"category tag\">K\u00fcche<\/a>, <a href=\"https:\/\/wilkens-wohnstudio.de\/blog\/category\/saisonal\/ostern\/\" rel=\"category tag\">Ostern<\/a>, <a href=\"https:\/\/wilkens-wohnstudio.de\/blog\/category\/wohnideen\/schlafzimmer\/\" rel=\"category tag\">Schlafzimmer<\/a>, <a href=\"https:\/\/wilkens-wohnstudio.de\/blog\/category\/saisonal\/weihnachten\/\" rel=\"category tag\">Weihnachten<\/a>, <a href=\"https:\/\/wilkens-wohnstudio.de\/blog\/category\/saisonal\/winter\/\" rel=\"category tag\">Winter<\/a>, <a href=\"https:\/\/wilkens-wohnstudio.de\/blog\/category\/wohnideen\/\" rel=\"category tag\">Wohnideen<\/a>, <a href=\"https:\/\/wilkens-wohnstudio.de\/blog\/category\/wohnideen\/wohnzimmer\/\" rel=\"category tag\">Wohnzimmer<\/a>\t\t\t\t<\/div>\n\t\t\t\n\t\t\t\t\t\t\t<h3 class=\"wd-post-title wd-entities-title title post-title\">\n\t\t\t\t\t<a href=\"https:\/\/wilkens-wohnstudio.de\/blog\/dekoideen\/fensterbank-deko-ideen\/\" rel=\"bookmark\">22 tolle Fensterbank Deko Ideen<\/a>\n\t\t\t\t<\/h3>\n\t\t\t\n\t\t\t\t\t\t\t<div class=\"wd-post-meta\">\n\t\t\t\t\t\t\t\t\t\t\t\t\t\t\t<div class=\"wd-post-author\">\n\t\t\t\t\t\t\t\t\t\t\t<span>Geschrieben von<\/span>\n\t\t\n\t\t\t\t\t\t\t\n\t\t\t\t\t<a href=\"https:\/\/wilkens-wohnstudio.de\/blog\/author\/n-tangermann\/\" class=\"author\" rel=\"author\">Wilkens Wohnstudio<\/a>\n\t\t\t\t\t\t\t\t\t<\/div>\n\t\t\t\t\t<div class=\"wd-modified-date\">\n\t\t\t\t\t\t\t\t<time class=\"updated\" datetime=\"2023-08-17T16:18:59+02:00\">\n\t\t\t17.08.2023\t\t<\/time>\n\t\t\t\t\t\t\t<\/div>\n\n\t\t\t\t\t\t\t\t\t\t\t<div tabindex=\"0\" class=\"wd-post-share wd-tltp\">\n\t\t\t\t\t\t\t<div class=\"tooltip top\">\n\t\t\t\t\t\t\t\t<div class=\"tooltip-inner\">\n\t\t\t\t\t\t\t\t\t\t\t\t<div\n\t\t\t\t\t\tclass=\" wd-social-icons  wd-style-default wd-size-small social-share wd-shape-circle color-scheme-light text-center\">\n\t\t\t\t\n\t\t\t\t\n\t\t\t\t\t\t\t\t\t<a rel=\"noopener noreferrer nofollow\" href=\"https:\/\/www.facebook.com\/sharer\/sharer.php?u=https:\/\/wilkens-wohnstudio.de\/blog\/category\/saisonal\/fruehling\/\" target=\"_blank\" class=\" wd-social-icon social-facebook\" aria-label=\"Facebook-Social-Link\">\n\t\t\t\t\t\t<span class=\"wd-icon\"><\/span>\n\t\t\t\t\t\t\t\t\t\t\t<\/a>\n\t\t\t\t\n\t\t\t\t\n\t\t\t\t\n\t\t\t\t\n\t\t\t\t\n\t\t\t\t\n\t\t\t\t\n\t\t\t\t\t\t\t\t\t<a rel=\"noopener noreferrer nofollow\" href=\"https:\/\/pinterest.com\/pin\/create\/button\/?url=https:\/\/wilkens-wohnstudio.de\/blog\/category\/saisonal\/fruehling\/&media=https:\/\/wilkens-wohnstudio.de\/wp-content\/uploads\/2023\/08\/fensterbank-deko-ideen.jpg&description=22+tolle+Fensterbank+Deko+Ideen\" target=\"_blank\" class=\" wd-social-icon social-pinterest\" aria-label=\"Pinterest-Social-Link\">\n\t\t\t\t\t\t<span class=\"wd-icon\"><\/span>\n\t\t\t\t\t\t\t\t\t\t\t<\/a>\n\t\t\t\t\n\t\t\t\t\n\t\t\t\t\n\t\t\t\t\n\t\t\t\t\n\t\t\t\t\n\t\t\t\t\n\t\t\t\t\n\t\t\t\t\n\t\t\t\t\n\t\t\t\t\n\t\t\t\t\t\t\t\t\t<a rel=\"noopener noreferrer nofollow\" href=\"https:\/\/api.whatsapp.com\/send?text=https%3A%2F%2Fwilkens-wohnstudio.de%2Fblog%2Fcategory%2Fsaisonal%2Ffruehling%2F\" target=\"_blank\" class=\"wd-hide-md  wd-social-icon social-whatsapp\" aria-label=\"WhatsApp-Social-Link\">\n\t\t\t\t\t\t<span class=\"wd-icon\"><\/span>\n\t\t\t\t\t\t\t\t\t\t\t<\/a>\n\n\t\t\t\t\t<a rel=\"noopener noreferrer nofollow\" href=\"whatsapp:\/\/send?text=https%3A%2F%2Fwilkens-wohnstudio.de%2Fblog%2Fcategory%2Fsaisonal%2Ffruehling%2F\" target=\"_blank\" class=\"wd-hide-lg  wd-social-icon social-whatsapp\" aria-label=\"WhatsApp-Social-Link\">\n\t\t\t\t\t\t<span class=\"wd-icon\"><\/span>\n\t\t\t\t\t\t\t\t\t\t\t<\/a>\n\t\t\t\t\n\t\t\t\t\n\t\t\t\t\n\t\t\t\t\n\t\t\t\t\n\t\t\t\t\n\t\t\t\t\n\t\t\t\t\n\t\t\t<\/div>\n\n\t\t\t\t\t\t\t\t\t\t<\/div>\n\t\t\t\t\t\t\t\t<div class=\"tooltip-arrow\"><\/div>\n\t\t\t\t\t\t\t<\/div>\n\t\t\t\t\t\t<\/div>\n\t\t\t\t\t\n\t\t\t\t\t\t\t\t\t<\/div>\n\t\t\t\n\t\t\t\t\t\t\t\t\t\t\t\t<div class=\"wd-post-excerpt entry-content\">\n\t\t\t\t\t\t22 tolle Fensterbank Deko Ideen\r\nEgal ob in der K\u00fcche, im Wohnzimmer, oder im Schlafzimmer \u2013 die meisten R\u00e4ume, die eine Fens...\t\t\t\t\t<\/div>\n\t\t\t\t\n\t\t\t\t\t\t\t\t\t\t\t\t\t\t<div class=\"wd-post-read-more wd-style-link read-more-section\">\n\t\t\t\t\t\t<a class=\"\" href=\"https:\/\/wilkens-wohnstudio.de\/blog\/dekoideen\/fensterbank-deko-ideen\/\">weiter lesen<\/a>\t\t\t\t\t<\/div>\n\t\t\t\t\t\t\t\t\t\t\t\t\t<\/div>\n\t<\/div>\n<\/article>\n\n\t\t\t\t\t\t\t\t\t\t\t\n<article id=\"post-49433\" class=\"wd-post blog-design-masonry blog-post-loop blog-style-bg wd-add-shadow wd-col post-49433 post type-post status-publish format-standard has-post-thumbnail hentry category-saisonal category-fruehling category-garten category-sommer category-wohnideen tag-garten tag-gartendeko\">\n\t<div class=\"wd-post-inner article-inner\">\n\t\t\t\t\t<div class=\"wd-post-thumb entry-header\">\n\t\t\t\t\t\t\t\t\t<div class=\"wd-post-img post-img-wrapp\">\n\t\t\t\t\t\t<img width=\"1024\" height=\"768\" src=\"https:\/\/wilkens-wohnstudio.de\/wp-content\/uploads\/2023\/05\/besondere-gartenideen-gartendekoideen-1024x768.jpg\" class=\"attachment-large size-large\" alt=\"besondere gartenideen gartendekoideen\" decoding=\"async\" srcset=\"https:\/\/wilkens-wohnstudio.de\/wp-content\/uploads\/2023\/05\/besondere-gartenideen-gartendekoideen-1024x768.jpg 1024w, https:\/\/wilkens-wohnstudio.de\/wp-content\/uploads\/2023\/05\/besondere-gartenideen-gartendekoideen-175x131.jpg 175w, https:\/\/wilkens-wohnstudio.de\/wp-content\/uploads\/2023\/05\/besondere-gartenideen-gartendekoideen-1000x750.jpg 1000w, https:\/\/wilkens-wohnstudio.de\/wp-content\/uploads\/2023\/05\/besondere-gartenideen-gartendekoideen-350x263.jpg 350w, https:\/\/wilkens-wohnstudio.de\/wp-content\/uploads\/2023\/05\/besondere-gartenideen-gartendekoideen-768x576.jpg 768w, https:\/\/wilkens-wohnstudio.de\/wp-content\/uploads\/2023\/05\/besondere-gartenideen-gartendekoideen.jpg 1440w\" sizes=\"(max-width: 1024px) 100vw, 1024px\" \/>\t\t\t\t\t<\/div>\n\t\t\t\t\t\t\t\t\t\t<a class=\"wd-fill\" tabindex=\"-1\" href=\"https:\/\/wilkens-wohnstudio.de\/blog\/saisonal\/besondere-gartenideen\/\" aria-label=\"Link zum Beitrag Besondere Gartenideen: 16 tolle au\u00dfergew\u00f6hnliche Ideen f\u00fcr den Garten\"><\/a>\n\t\t\t\t\n\t\t\t\t\t\t\t\t\t\t\t\t<div class=\"wd-post-date wd-style-with-bg\">\n\t\t\t\t<span class=\"post-date-day\">\n\t\t\t\t\t02\t\t\t\t<\/span>\n\t\t\t\t<span class=\"post-date-month\">\n\t\t\t\t\tMai\t\t\t\t<\/span>\n\t\t\t<\/div>\n\t\t\t\t\t\t\t\t\t<\/div>\n\t\t\n\t\t<div class=\"wd-post-content article-body-container\">\n\t\t\t\t\t\t\t<div class=\"wd-post-cat wd-style-with-bg meta-post-categories\">\n\t\t\t\t\t<a href=\"https:\/\/wilkens-wohnstudio.de\/blog\/category\/saisonal\/\" rel=\"category tag\">Saisonal<\/a>, <a href=\"https:\/\/wilkens-wohnstudio.de\/blog\/category\/saisonal\/fruehling\/\" rel=\"category tag\">Fr\u00fchling<\/a>, <a href=\"https:\/\/wilkens-wohnstudio.de\/blog\/category\/wohnideen\/garten\/\" rel=\"category tag\">Garten<\/a>, <a href=\"https:\/\/wilkens-wohnstudio.de\/blog\/category\/saisonal\/sommer\/\" rel=\"category tag\">Sommer<\/a>, <a href=\"https:\/\/wilkens-wohnstudio.de\/blog\/category\/wohnideen\/\" rel=\"category tag\">Wohnideen<\/a>\t\t\t\t<\/div>\n\t\t\t\n\t\t\t\t\t\t\t<h3 class=\"wd-post-title wd-entities-title title post-title\">\n\t\t\t\t\t<a href=\"https:\/\/wilkens-wohnstudio.de\/blog\/saisonal\/besondere-gartenideen\/\" rel=\"bookmark\">Besondere Gartenideen: 16 tolle au\u00dfergew\u00f6hnliche Ideen f\u00fcr den Garten<\/a>\n\t\t\t\t<\/h3>\n\t\t\t\n\t\t\t\t\t\t\t<div class=\"wd-post-meta\">\n\t\t\t\t\t\t\t\t\t\t\t\t\t\t\t<div class=\"wd-post-author\">\n\t\t\t\t\t\t\t\t\t\t\t<span>Geschrieben von<\/span>\n\t\t\n\t\t\t\t\t\t\t\n\t\t\t\t\t<a href=\"https:\/\/wilkens-wohnstudio.de\/blog\/author\/n-tangermann\/\" class=\"author\" rel=\"author\">Wilkens Wohnstudio<\/a>\n\t\t\t\t\t\t\t\t\t<\/div>\n\t\t\t\t\t<div class=\"wd-modified-date\">\n\t\t\t\t\t\t\t\t<time class=\"updated\" datetime=\"2023-05-03T11:43:52+02:00\">\n\t\t\t03.05.2023\t\t<\/time>\n\t\t\t\t\t\t\t<\/div>\n\n\t\t\t\t\t\t\t\t\t\t\t<div tabindex=\"0\" class=\"wd-post-share wd-tltp\">\n\t\t\t\t\t\t\t<div class=\"tooltip top\">\n\t\t\t\t\t\t\t\t<div class=\"tooltip-inner\">\n\t\t\t\t\t\t\t\t\t\t\t\t<div\n\t\t\t\t\t\tclass=\" wd-social-icons  wd-style-default wd-size-small social-share wd-shape-circle color-scheme-light text-center\">\n\t\t\t\t\n\t\t\t\t\n\t\t\t\t\t\t\t\t\t<a rel=\"noopener noreferrer nofollow\" href=\"https:\/\/www.facebook.com\/sharer\/sharer.php?u=https:\/\/wilkens-wohnstudio.de\/blog\/category\/saisonal\/fruehling\/\" target=\"_blank\" class=\" wd-social-icon social-facebook\" aria-label=\"Facebook-Social-Link\">\n\t\t\t\t\t\t<span class=\"wd-icon\"><\/span>\n\t\t\t\t\t\t\t\t\t\t\t<\/a>\n\t\t\t\t\n\t\t\t\t\n\t\t\t\t\n\t\t\t\t\n\t\t\t\t\n\t\t\t\t\n\t\t\t\t\n\t\t\t\t\t\t\t\t\t<a rel=\"noopener noreferrer nofollow\" href=\"https:\/\/pinterest.com\/pin\/create\/button\/?url=https:\/\/wilkens-wohnstudio.de\/blog\/category\/saisonal\/fruehling\/&media=https:\/\/wilkens-wohnstudio.de\/wp-content\/uploads\/2023\/05\/besondere-gartenideen-gartendekoideen.jpg&description=Besondere+Gartenideen%3A+16+tolle+au%C3%9Fergew%C3%B6hnliche+Ideen+f%C3%BCr+den+Garten\" target=\"_blank\" class=\" wd-social-icon social-pinterest\" aria-label=\"Pinterest-Social-Link\">\n\t\t\t\t\t\t<span class=\"wd-icon\"><\/span>\n\t\t\t\t\t\t\t\t\t\t\t<\/a>\n\t\t\t\t\n\t\t\t\t\n\t\t\t\t\n\t\t\t\t\n\t\t\t\t\n\t\t\t\t\n\t\t\t\t\n\t\t\t\t\n\t\t\t\t\n\t\t\t\t\n\t\t\t\t\n\t\t\t\t\t\t\t\t\t<a rel=\"noopener noreferrer nofollow\" href=\"https:\/\/api.whatsapp.com\/send?text=https%3A%2F%2Fwilkens-wohnstudio.de%2Fblog%2Fcategory%2Fsaisonal%2Ffruehling%2F\" target=\"_blank\" class=\"wd-hide-md  wd-social-icon social-whatsapp\" aria-label=\"WhatsApp-Social-Link\">\n\t\t\t\t\t\t<span class=\"wd-icon\"><\/span>\n\t\t\t\t\t\t\t\t\t\t\t<\/a>\n\n\t\t\t\t\t<a rel=\"noopener noreferrer nofollow\" href=\"whatsapp:\/\/send?text=https%3A%2F%2Fwilkens-wohnstudio.de%2Fblog%2Fcategory%2Fsaisonal%2Ffruehling%2F\" target=\"_blank\" class=\"wd-hide-lg  wd-social-icon social-whatsapp\" aria-label=\"WhatsApp-Social-Link\">\n\t\t\t\t\t\t<span class=\"wd-icon\"><\/span>\n\t\t\t\t\t\t\t\t\t\t\t<\/a>\n\t\t\t\t\n\t\t\t\t\n\t\t\t\t\n\t\t\t\t\n\t\t\t\t\n\t\t\t\t\n\t\t\t\t\n\t\t\t\t\n\t\t\t<\/div>\n\n\t\t\t\t\t\t\t\t\t\t<\/div>\n\t\t\t\t\t\t\t\t<div class=\"tooltip-arrow\"><\/div>\n\t\t\t\t\t\t\t<\/div>\n\t\t\t\t\t\t<\/div>\n\t\t\t\t\t\n\t\t\t\t\t\t\t\t\t<\/div>\n\t\t\t\n\t\t\t\t\t\t\t\t\t\t\t\t<div class=\"wd-post-excerpt entry-content\">\n\t\t\t\t\t\tBesondere Gartenideen \u2013 Mehr aus dem Garten machen\r\nDer Garten \u2013 ein Freiraum an der frischen Luft. Besondere Gartenideen bie...\t\t\t\t\t<\/div>\n\t\t\t\t\n\t\t\t\t\t\t\t\t\t\t\t\t\t\t<div class=\"wd-post-read-more wd-style-link read-more-section\">\n\t\t\t\t\t\t<a class=\"\" href=\"https:\/\/wilkens-wohnstudio.de\/blog\/saisonal\/besondere-gartenideen\/\">weiter lesen<\/a>\t\t\t\t\t<\/div>\n\t\t\t\t\t\t\t\t\t\t\t\t\t<\/div>\n\t<\/div>\n<\/article>\n\n\t\t\t\t\t\t\t\t\t\t\t\n<article id=\"post-49275\" class=\"wd-post blog-design-masonry blog-post-loop blog-style-bg wd-add-shadow wd-col post-49275 post type-post status-publish format-standard has-post-thumbnail hentry category-deko-stile category-fruehling category-garten category-saisonal category-sommer category-wohnideen tag-gartendeko tag-mediterrane-deko tag-mediterrane-gartendeko tag-sommerdeko\">\n\t<div class=\"wd-post-inner article-inner\">\n\t\t\t\t\t<div class=\"wd-post-thumb entry-header\">\n\t\t\t\t\t\t\t\t\t<div class=\"wd-post-img post-img-wrapp\">\n\t\t\t\t\t\t<img width=\"1024\" height=\"768\" src=\"https:\/\/wilkens-wohnstudio.de\/wp-content\/uploads\/2023\/04\/mediterrane-gartendeko-mediterrane-dekoideen-1024x768.jpg\" class=\"attachment-large size-large\" alt=\"mediterrane gartendeko mediterrane dekoideen\" decoding=\"async\" srcset=\"https:\/\/wilkens-wohnstudio.de\/wp-content\/uploads\/2023\/04\/mediterrane-gartendeko-mediterrane-dekoideen-1024x768.jpg 1024w, https:\/\/wilkens-wohnstudio.de\/wp-content\/uploads\/2023\/04\/mediterrane-gartendeko-mediterrane-dekoideen-175x131.jpg 175w, https:\/\/wilkens-wohnstudio.de\/wp-content\/uploads\/2023\/04\/mediterrane-gartendeko-mediterrane-dekoideen-1000x750.jpg 1000w, https:\/\/wilkens-wohnstudio.de\/wp-content\/uploads\/2023\/04\/mediterrane-gartendeko-mediterrane-dekoideen-350x263.jpg 350w, https:\/\/wilkens-wohnstudio.de\/wp-content\/uploads\/2023\/04\/mediterrane-gartendeko-mediterrane-dekoideen-768x576.jpg 768w, https:\/\/wilkens-wohnstudio.de\/wp-content\/uploads\/2023\/04\/mediterrane-gartendeko-mediterrane-dekoideen.jpg 1440w\" sizes=\"(max-width: 1024px) 100vw, 1024px\" \/>\t\t\t\t\t<\/div>\n\t\t\t\t\t\t\t\t\t\t<a class=\"wd-fill\" tabindex=\"-1\" href=\"https:\/\/wilkens-wohnstudio.de\/blog\/deko-stile\/mediterrane-gartendeko\/\" aria-label=\"Link zum Beitrag 7+ tolle Ideen f\u00fcr mediterrane Gartendeko\"><\/a>\n\t\t\t\t\n\t\t\t\t\t\t\t\t\t\t\t\t<div class=\"wd-post-date wd-style-with-bg\">\n\t\t\t\t<span class=\"post-date-day\">\n\t\t\t\t\t26\t\t\t\t<\/span>\n\t\t\t\t<span class=\"post-date-month\">\n\t\t\t\t\tApr.\t\t\t\t<\/span>\n\t\t\t<\/div>\n\t\t\t\t\t\t\t\t\t<\/div>\n\t\t\n\t\t<div class=\"wd-post-content article-body-container\">\n\t\t\t\t\t\t\t<div class=\"wd-post-cat wd-style-with-bg meta-post-categories\">\n\t\t\t\t\t<a href=\"https:\/\/wilkens-wohnstudio.de\/blog\/category\/deko-stile\/\" rel=\"category tag\">Deko-Stile<\/a>, <a href=\"https:\/\/wilkens-wohnstudio.de\/blog\/category\/saisonal\/fruehling\/\" rel=\"category tag\">Fr\u00fchling<\/a>, <a href=\"https:\/\/wilkens-wohnstudio.de\/blog\/category\/wohnideen\/garten\/\" rel=\"category tag\">Garten<\/a>, <a href=\"https:\/\/wilkens-wohnstudio.de\/blog\/category\/saisonal\/\" rel=\"category tag\">Saisonal<\/a>, <a href=\"https:\/\/wilkens-wohnstudio.de\/blog\/category\/saisonal\/sommer\/\" rel=\"category tag\">Sommer<\/a>, <a href=\"https:\/\/wilkens-wohnstudio.de\/blog\/category\/wohnideen\/\" rel=\"category tag\">Wohnideen<\/a>\t\t\t\t<\/div>\n\t\t\t\n\t\t\t\t\t\t\t<h3 class=\"wd-post-title wd-entities-title title post-title\">\n\t\t\t\t\t<a href=\"https:\/\/wilkens-wohnstudio.de\/blog\/deko-stile\/mediterrane-gartendeko\/\" rel=\"bookmark\">7+ tolle Ideen f\u00fcr mediterrane Gartendeko<\/a>\n\t\t\t\t<\/h3>\n\t\t\t\n\t\t\t\t\t\t\t<div class=\"wd-post-meta\">\n\t\t\t\t\t\t\t\t\t\t\t\t\t\t\t<div class=\"wd-post-author\">\n\t\t\t\t\t\t\t\t\t\t\t<span>Geschrieben von<\/span>\n\t\t\n\t\t\t\t\t\t\t\n\t\t\t\t\t<a href=\"https:\/\/wilkens-wohnstudio.de\/blog\/author\/n-tangermann\/\" class=\"author\" rel=\"author\">Wilkens Wohnstudio<\/a>\n\t\t\t\t\t\t\t\t\t<\/div>\n\t\t\t\t\t<div class=\"wd-modified-date\">\n\t\t\t\t\t\t\t\t<time class=\"updated\" datetime=\"2023-04-28T12:09:18+02:00\">\n\t\t\t28.04.2023\t\t<\/time>\n\t\t\t\t\t\t\t<\/div>\n\n\t\t\t\t\t\t\t\t\t\t\t<div tabindex=\"0\" class=\"wd-post-share wd-tltp\">\n\t\t\t\t\t\t\t<div class=\"tooltip top\">\n\t\t\t\t\t\t\t\t<div class=\"tooltip-inner\">\n\t\t\t\t\t\t\t\t\t\t\t\t<div\n\t\t\t\t\t\tclass=\" wd-social-icons  wd-style-default wd-size-small social-share wd-shape-circle color-scheme-light text-center\">\n\t\t\t\t\n\t\t\t\t\n\t\t\t\t\t\t\t\t\t<a rel=\"noopener noreferrer nofollow\" href=\"https:\/\/www.facebook.com\/sharer\/sharer.php?u=https:\/\/wilkens-wohnstudio.de\/blog\/category\/saisonal\/fruehling\/\" target=\"_blank\" class=\" wd-social-icon social-facebook\" aria-label=\"Facebook-Social-Link\">\n\t\t\t\t\t\t<span class=\"wd-icon\"><\/span>\n\t\t\t\t\t\t\t\t\t\t\t<\/a>\n\t\t\t\t\n\t\t\t\t\n\t\t\t\t\n\t\t\t\t\n\t\t\t\t\n\t\t\t\t\n\t\t\t\t\n\t\t\t\t\t\t\t\t\t<a rel=\"noopener noreferrer nofollow\" href=\"https:\/\/pinterest.com\/pin\/create\/button\/?url=https:\/\/wilkens-wohnstudio.de\/blog\/category\/saisonal\/fruehling\/&media=https:\/\/wilkens-wohnstudio.de\/wp-content\/uploads\/2023\/04\/mediterrane-gartendeko-mediterrane-dekoideen.jpg&description=7%2B+tolle+Ideen+f%C3%BCr+mediterrane+Gartendeko\" target=\"_blank\" class=\" wd-social-icon social-pinterest\" aria-label=\"Pinterest-Social-Link\">\n\t\t\t\t\t\t<span class=\"wd-icon\"><\/span>\n\t\t\t\t\t\t\t\t\t\t\t<\/a>\n\t\t\t\t\n\t\t\t\t\n\t\t\t\t\n\t\t\t\t\n\t\t\t\t\n\t\t\t\t\n\t\t\t\t\n\t\t\t\t\n\t\t\t\t\n\t\t\t\t\n\t\t\t\t\n\t\t\t\t\t\t\t\t\t<a rel=\"noopener noreferrer nofollow\" href=\"https:\/\/api.whatsapp.com\/send?text=https%3A%2F%2Fwilkens-wohnstudio.de%2Fblog%2Fcategory%2Fsaisonal%2Ffruehling%2F\" target=\"_blank\" class=\"wd-hide-md  wd-social-icon social-whatsapp\" aria-label=\"WhatsApp-Social-Link\">\n\t\t\t\t\t\t<span class=\"wd-icon\"><\/span>\n\t\t\t\t\t\t\t\t\t\t\t<\/a>\n\n\t\t\t\t\t<a rel=\"noopener noreferrer nofollow\" href=\"whatsapp:\/\/send?text=https%3A%2F%2Fwilkens-wohnstudio.de%2Fblog%2Fcategory%2Fsaisonal%2Ffruehling%2F\" target=\"_blank\" class=\"wd-hide-lg  wd-social-icon social-whatsapp\" aria-label=\"WhatsApp-Social-Link\">\n\t\t\t\t\t\t<span class=\"wd-icon\"><\/span>\n\t\t\t\t\t\t\t\t\t\t\t<\/a>\n\t\t\t\t\n\t\t\t\t\n\t\t\t\t\n\t\t\t\t\n\t\t\t\t\n\t\t\t\t\n\t\t\t\t\n\t\t\t\t\n\t\t\t<\/div>\n\n\t\t\t\t\t\t\t\t\t\t<\/div>\n\t\t\t\t\t\t\t\t<div class=\"tooltip-arrow\"><\/div>\n\t\t\t\t\t\t\t<\/div>\n\t\t\t\t\t\t<\/div>\n\t\t\t\t\t\n\t\t\t\t\t\t\t\t\t<\/div>\n\t\t\t\n\t\t\t\t\t\t\t\t\t\t\t\t<div class=\"wd-post-excerpt entry-content\">\n\t\t\t\t\t\tMediterrane Gartendeko\r\nMediterrane Gartendeko ist die perfekte Gartendeko f\u00fcr den Sommer! Egal ob mediterrane Deko f\u00fcr den H...\t\t\t\t\t<\/div>\n\t\t\t\t\n\t\t\t\t\t\t\t\t\t\t\t\t\t\t<div class=\"wd-post-read-more wd-style-link read-more-section\">\n\t\t\t\t\t\t<a class=\"\" href=\"https:\/\/wilkens-wohnstudio.de\/blog\/deko-stile\/mediterrane-gartendeko\/\">weiter lesen<\/a>\t\t\t\t\t<\/div>\n\t\t\t\t\t\t\t\t\t\t\t\t\t<\/div>\n\t<\/div>\n<\/article>\n\n\t\t\t\t\t\t\t\t\t\t\t\n<article id=\"post-45388\" class=\"wd-post blog-design-masonry blog-post-loop blog-style-bg wd-add-shadow wd-col post-45388 post type-post status-publish format-standard has-post-thumbnail hentry category-dekoideen category-fruehling category-ostern category-saisonal tag-fruehlingsdeko tag-gartendeko tag-hauseingang-deko tag-tischdeko\">\n\t<div class=\"wd-post-inner article-inner\">\n\t\t\t\t\t<div class=\"wd-post-thumb entry-header\">\n\t\t\t\t\t\t\t\t\t<div class=\"wd-post-img post-img-wrapp\">\n\t\t\t\t\t\t<img width=\"1024\" height=\"768\" src=\"https:\/\/wilkens-wohnstudio.de\/wp-content\/uploads\/2023\/01\/fruehlingsdeko23-1024x768.jpg\" class=\"attachment-large size-large\" alt=\"fr\u00fchlingsdeko23\" decoding=\"async\" srcset=\"https:\/\/wilkens-wohnstudio.de\/wp-content\/uploads\/2023\/01\/fruehlingsdeko23-1024x768.jpg 1024w, https:\/\/wilkens-wohnstudio.de\/wp-content\/uploads\/2023\/01\/fruehlingsdeko23-175x131.jpg 175w, https:\/\/wilkens-wohnstudio.de\/wp-content\/uploads\/2023\/01\/fruehlingsdeko23-1000x750.jpg 1000w, https:\/\/wilkens-wohnstudio.de\/wp-content\/uploads\/2023\/01\/fruehlingsdeko23-350x263.jpg 350w, https:\/\/wilkens-wohnstudio.de\/wp-content\/uploads\/2023\/01\/fruehlingsdeko23-768x576.jpg 768w, https:\/\/wilkens-wohnstudio.de\/wp-content\/uploads\/2023\/01\/fruehlingsdeko23.jpg 1440w\" sizes=\"(max-width: 1024px) 100vw, 1024px\" \/>\t\t\t\t\t<\/div>\n\t\t\t\t\t\t\t\t\t\t<a class=\"wd-fill\" tabindex=\"-1\" href=\"https:\/\/wilkens-wohnstudio.de\/blog\/dekoideen\/fruehlingsdeko-ideen\/\" aria-label=\"Link zum Beitrag Fr\u00fchlingsdeko \u2013 13 tolle Ideen mit Fr\u00fchlingsblumen und mehr\"><\/a>\n\t\t\t\t\n\t\t\t\t\t\t\t\t\t\t\t\t<div class=\"wd-post-date wd-style-with-bg\">\n\t\t\t\t<span class=\"post-date-day\">\n\t\t\t\t\t26\t\t\t\t<\/span>\n\t\t\t\t<span class=\"post-date-month\">\n\t\t\t\t\tJan.\t\t\t\t<\/span>\n\t\t\t<\/div>\n\t\t\t\t\t\t\t\t\t<\/div>\n\t\t\n\t\t<div class=\"wd-post-content article-body-container\">\n\t\t\t\t\t\t\t<div class=\"wd-post-cat wd-style-with-bg meta-post-categories\">\n\t\t\t\t\t<a href=\"https:\/\/wilkens-wohnstudio.de\/blog\/category\/dekoideen\/\" rel=\"category tag\">Dekoideen<\/a>, <a href=\"https:\/\/wilkens-wohnstudio.de\/blog\/category\/saisonal\/fruehling\/\" rel=\"category tag\">Fr\u00fchling<\/a>, <a href=\"https:\/\/wilkens-wohnstudio.de\/blog\/category\/saisonal\/ostern\/\" rel=\"category tag\">Ostern<\/a>, <a href=\"https:\/\/wilkens-wohnstudio.de\/blog\/category\/saisonal\/\" rel=\"category tag\">Saisonal<\/a>\t\t\t\t<\/div>\n\t\t\t\n\t\t\t\t\t\t\t<h3 class=\"wd-post-title wd-entities-title title post-title\">\n\t\t\t\t\t<a href=\"https:\/\/wilkens-wohnstudio.de\/blog\/dekoideen\/fruehlingsdeko-ideen\/\" rel=\"bookmark\">Fr\u00fchlingsdeko \u2013 13 tolle Ideen mit Fr\u00fchlingsblumen und mehr<\/a>\n\t\t\t\t<\/h3>\n\t\t\t\n\t\t\t\t\t\t\t<div class=\"wd-post-meta\">\n\t\t\t\t\t\t\t\t\t\t\t\t\t\t\t<div class=\"wd-post-author\">\n\t\t\t\t\t\t\t\t\t\t\t<span>Geschrieben von<\/span>\n\t\t\n\t\t\t\t\t\t\t\n\t\t\t\t\t<a href=\"https:\/\/wilkens-wohnstudio.de\/blog\/author\/n-tangermann\/\" class=\"author\" rel=\"author\">Wilkens Wohnstudio<\/a>\n\t\t\t\t\t\t\t\t\t<\/div>\n\t\t\t\t\t<div class=\"wd-modified-date\">\n\t\t\t\t\t\t\t\t<time class=\"updated\" datetime=\"2025-02-06T11:33:34+01:00\">\n\t\t\t06.02.2025\t\t<\/time>\n\t\t\t\t\t\t\t<\/div>\n\n\t\t\t\t\t\t\t\t\t\t\t<div tabindex=\"0\" class=\"wd-post-share wd-tltp\">\n\t\t\t\t\t\t\t<div class=\"tooltip top\">\n\t\t\t\t\t\t\t\t<div class=\"tooltip-inner\">\n\t\t\t\t\t\t\t\t\t\t\t\t<div\n\t\t\t\t\t\tclass=\" wd-social-icons  wd-style-default wd-size-small social-share wd-shape-circle color-scheme-light text-center\">\n\t\t\t\t\n\t\t\t\t\n\t\t\t\t\t\t\t\t\t<a rel=\"noopener noreferrer nofollow\" href=\"https:\/\/www.facebook.com\/sharer\/sharer.php?u=https:\/\/wilkens-wohnstudio.de\/blog\/category\/saisonal\/fruehling\/\" target=\"_blank\" class=\" wd-social-icon social-facebook\" aria-label=\"Facebook-Social-Link\">\n\t\t\t\t\t\t<span class=\"wd-icon\"><\/span>\n\t\t\t\t\t\t\t\t\t\t\t<\/a>\n\t\t\t\t\n\t\t\t\t\n\t\t\t\t\n\t\t\t\t\n\t\t\t\t\n\t\t\t\t\n\t\t\t\t\n\t\t\t\t\t\t\t\t\t<a rel=\"noopener noreferrer nofollow\" href=\"https:\/\/pinterest.com\/pin\/create\/button\/?url=https:\/\/wilkens-wohnstudio.de\/blog\/category\/saisonal\/fruehling\/&media=https:\/\/wilkens-wohnstudio.de\/wp-content\/uploads\/2023\/01\/fruehlingsdeko23.jpg&description=Fr%C3%BChlingsdeko+%E2%80%93+13+tolle+Ideen+mit+Fr%C3%BChlingsblumen+und+mehr\" target=\"_blank\" class=\" wd-social-icon social-pinterest\" aria-label=\"Pinterest-Social-Link\">\n\t\t\t\t\t\t<span class=\"wd-icon\"><\/span>\n\t\t\t\t\t\t\t\t\t\t\t<\/a>\n\t\t\t\t\n\t\t\t\t\n\t\t\t\t\n\t\t\t\t\n\t\t\t\t\n\t\t\t\t\n\t\t\t\t\n\t\t\t\t\n\t\t\t\t\n\t\t\t\t\n\t\t\t\t\n\t\t\t\t\t\t\t\t\t<a rel=\"noopener noreferrer nofollow\" href=\"https:\/\/api.whatsapp.com\/send?text=https%3A%2F%2Fwilkens-wohnstudio.de%2Fblog%2Fcategory%2Fsaisonal%2Ffruehling%2F\" target=\"_blank\" class=\"wd-hide-md  wd-social-icon social-whatsapp\" aria-label=\"WhatsApp-Social-Link\">\n\t\t\t\t\t\t<span class=\"wd-icon\"><\/span>\n\t\t\t\t\t\t\t\t\t\t\t<\/a>\n\n\t\t\t\t\t<a rel=\"noopener noreferrer nofollow\" href=\"whatsapp:\/\/send?text=https%3A%2F%2Fwilkens-wohnstudio.de%2Fblog%2Fcategory%2Fsaisonal%2Ffruehling%2F\" target=\"_blank\" class=\"wd-hide-lg  wd-social-icon social-whatsapp\" aria-label=\"WhatsApp-Social-Link\">\n\t\t\t\t\t\t<span class=\"wd-icon\"><\/span>\n\t\t\t\t\t\t\t\t\t\t\t<\/a>\n\t\t\t\t\n\t\t\t\t\n\t\t\t\t\n\t\t\t\t\n\t\t\t\t\n\t\t\t\t\n\t\t\t\t\n\t\t\t\t\n\t\t\t<\/div>\n\n\t\t\t\t\t\t\t\t\t\t<\/div>\n\t\t\t\t\t\t\t\t<div class=\"tooltip-arrow\"><\/div>\n\t\t\t\t\t\t\t<\/div>\n\t\t\t\t\t\t<\/div>\n\t\t\t\t\t\n\t\t\t\t\t\t\t\t\t<\/div>\n\t\t\t\n\t\t\t\t\t\t\t\t\t\t\t\t<div class=\"wd-post-excerpt entry-content\">\n\t\t\t\t\t\tDer Lenz ist da: Dekoideen f\u00fcr die Fr\u00fchling\r\nFr\u00fchlingsdeko l\u00e4utet das Fr\u00fchjahr ein! Wenn die ersten Sonnenstrahlen die Welt a...\t\t\t\t\t<\/div>\n\t\t\t\t\n\t\t\t\t\t\t\t\t\t\t\t\t\t\t<div class=\"wd-post-read-more wd-style-link read-more-section\">\n\t\t\t\t\t\t<a class=\"\" href=\"https:\/\/wilkens-wohnstudio.de\/blog\/dekoideen\/fruehlingsdeko-ideen\/\">weiter lesen<\/a>\t\t\t\t\t<\/div>\n\t\t\t\t\t\t\t\t\t\t\t\t\t<\/div>\n\t<\/div>\n<\/article>\n\n\t\t\t\t\t\t\t\t\t\t\t\n<article id=\"post-44552\" class=\"wd-post blog-design-masonry blog-post-loop blog-style-bg wd-add-shadow wd-col post-44552 post type-post status-publish format-standard has-post-thumbnail hentry category-saisonal category-dekoideen category-diy-ideen category-fruehling category-garten category-ostern category-wohnideen tag-fruehlingsdeko tag-gartendeko tag-osterdeko\">\n\t<div class=\"wd-post-inner article-inner\">\n\t\t\t\t\t<div class=\"wd-post-thumb entry-header\">\n\t\t\t\t\t\t\t\t\t<div class=\"wd-post-img post-img-wrapp\">\n\t\t\t\t\t\t<img width=\"1024\" height=\"768\" src=\"https:\/\/wilkens-wohnstudio.de\/wp-content\/uploads\/2023\/01\/Osterdeko-fuer-draussen-1-1024x768.jpg\" class=\"attachment-large size-large\" alt=\"Osterdeko f\u00fcr drau\u00dfen\" decoding=\"async\" srcset=\"https:\/\/wilkens-wohnstudio.de\/wp-content\/uploads\/2023\/01\/Osterdeko-fuer-draussen-1-1024x768.jpg 1024w, https:\/\/wilkens-wohnstudio.de\/wp-content\/uploads\/2023\/01\/Osterdeko-fuer-draussen-1-175x131.jpg 175w, https:\/\/wilkens-wohnstudio.de\/wp-content\/uploads\/2023\/01\/Osterdeko-fuer-draussen-1-1000x750.jpg 1000w, https:\/\/wilkens-wohnstudio.de\/wp-content\/uploads\/2023\/01\/Osterdeko-fuer-draussen-1-350x263.jpg 350w, https:\/\/wilkens-wohnstudio.de\/wp-content\/uploads\/2023\/01\/Osterdeko-fuer-draussen-1-768x576.jpg 768w, https:\/\/wilkens-wohnstudio.de\/wp-content\/uploads\/2023\/01\/Osterdeko-fuer-draussen-1.jpg 1440w\" sizes=\"(max-width: 1024px) 100vw, 1024px\" \/>\t\t\t\t\t<\/div>\n\t\t\t\t\t\t\t\t\t\t<a class=\"wd-fill\" tabindex=\"-1\" href=\"https:\/\/wilkens-wohnstudio.de\/blog\/saisonal\/osterdeko-fuer-draussen\/\" aria-label=\"Link zum Beitrag Osterdeko f\u00fcr drau\u00dfen: 12 tolle Osterdeko-Ideen f\u00fcr den Hauseingang\"><\/a>\n\t\t\t\t\n\t\t\t\t\t\t\t\t\t\t\t\t<div class=\"wd-post-date wd-style-with-bg\">\n\t\t\t\t<span class=\"post-date-day\">\n\t\t\t\t\t14\t\t\t\t<\/span>\n\t\t\t\t<span class=\"post-date-month\">\n\t\t\t\t\tJan.\t\t\t\t<\/span>\n\t\t\t<\/div>\n\t\t\t\t\t\t\t\t\t<\/div>\n\t\t\n\t\t<div class=\"wd-post-content article-body-container\">\n\t\t\t\t\t\t\t<div class=\"wd-post-cat wd-style-with-bg meta-post-categories\">\n\t\t\t\t\t<a href=\"https:\/\/wilkens-wohnstudio.de\/blog\/category\/saisonal\/\" rel=\"category tag\">Saisonal<\/a>, <a href=\"https:\/\/wilkens-wohnstudio.de\/blog\/category\/dekoideen\/\" rel=\"category tag\">Dekoideen<\/a>, <a href=\"https:\/\/wilkens-wohnstudio.de\/blog\/category\/diy-ideen\/\" rel=\"category tag\">DIY-Ideen<\/a>, <a href=\"https:\/\/wilkens-wohnstudio.de\/blog\/category\/saisonal\/fruehling\/\" rel=\"category tag\">Fr\u00fchling<\/a>, <a href=\"https:\/\/wilkens-wohnstudio.de\/blog\/category\/wohnideen\/garten\/\" rel=\"category tag\">Garten<\/a>, <a href=\"https:\/\/wilkens-wohnstudio.de\/blog\/category\/saisonal\/ostern\/\" rel=\"category tag\">Ostern<\/a>, <a href=\"https:\/\/wilkens-wohnstudio.de\/blog\/category\/wohnideen\/\" rel=\"category tag\">Wohnideen<\/a>\t\t\t\t<\/div>\n\t\t\t\n\t\t\t\t\t\t\t<h3 class=\"wd-post-title wd-entities-title title post-title\">\n\t\t\t\t\t<a href=\"https:\/\/wilkens-wohnstudio.de\/blog\/saisonal\/osterdeko-fuer-draussen\/\" rel=\"bookmark\">Osterdeko f\u00fcr drau\u00dfen: 12 tolle Osterdeko-Ideen f\u00fcr den Hauseingang<\/a>\n\t\t\t\t<\/h3>\n\t\t\t\n\t\t\t\t\t\t\t<div class=\"wd-post-meta\">\n\t\t\t\t\t\t\t\t\t\t\t\t\t\t\t<div class=\"wd-post-author\">\n\t\t\t\t\t\t\t\t\t\t\t<span>Geschrieben von<\/span>\n\t\t\n\t\t\t\t\t\t\t\n\t\t\t\t\t<a href=\"https:\/\/wilkens-wohnstudio.de\/blog\/author\/n-tangermann\/\" class=\"author\" rel=\"author\">Wilkens Wohnstudio<\/a>\n\t\t\t\t\t\t\t\t\t<\/div>\n\t\t\t\t\t<div class=\"wd-modified-date\">\n\t\t\t\t\t\t\t\t<time class=\"updated\" datetime=\"2025-02-06T11:19:50+01:00\">\n\t\t\t06.02.2025\t\t<\/time>\n\t\t\t\t\t\t\t<\/div>\n\n\t\t\t\t\t\t\t\t\t\t\t<div tabindex=\"0\" class=\"wd-post-share wd-tltp\">\n\t\t\t\t\t\t\t<div class=\"tooltip top\">\n\t\t\t\t\t\t\t\t<div class=\"tooltip-inner\">\n\t\t\t\t\t\t\t\t\t\t\t\t<div\n\t\t\t\t\t\tclass=\" wd-social-icons  wd-style-default wd-size-small social-share wd-shape-circle color-scheme-light text-center\">\n\t\t\t\t\n\t\t\t\t\n\t\t\t\t\t\t\t\t\t<a rel=\"noopener noreferrer nofollow\" href=\"https:\/\/www.facebook.com\/sharer\/sharer.php?u=https:\/\/wilkens-wohnstudio.de\/blog\/category\/saisonal\/fruehling\/\" target=\"_blank\" class=\" wd-social-icon social-facebook\" aria-label=\"Facebook-Social-Link\">\n\t\t\t\t\t\t<span class=\"wd-icon\"><\/span>\n\t\t\t\t\t\t\t\t\t\t\t<\/a>\n\t\t\t\t\n\t\t\t\t\n\t\t\t\t\n\t\t\t\t\n\t\t\t\t\n\t\t\t\t\n\t\t\t\t\n\t\t\t\t\t\t\t\t\t<a rel=\"noopener noreferrer nofollow\" href=\"https:\/\/pinterest.com\/pin\/create\/button\/?url=https:\/\/wilkens-wohnstudio.de\/blog\/category\/saisonal\/fruehling\/&media=https:\/\/wilkens-wohnstudio.de\/wp-content\/uploads\/2023\/01\/Osterdeko-fuer-draussen-1.jpg&description=Osterdeko+f%C3%BCr+drau%C3%9Fen%3A+12+tolle+Osterdeko-Ideen+f%C3%BCr+den+Hauseingang\" target=\"_blank\" class=\" wd-social-icon social-pinterest\" aria-label=\"Pinterest-Social-Link\">\n\t\t\t\t\t\t<span class=\"wd-icon\"><\/span>\n\t\t\t\t\t\t\t\t\t\t\t<\/a>\n\t\t\t\t\n\t\t\t\t\n\t\t\t\t\n\t\t\t\t\n\t\t\t\t\n\t\t\t\t\n\t\t\t\t\n\t\t\t\t\n\t\t\t\t\n\t\t\t\t\n\t\t\t\t\n\t\t\t\t\t\t\t\t\t<a rel=\"noopener noreferrer nofollow\" href=\"https:\/\/api.whatsapp.com\/send?text=https%3A%2F%2Fwilkens-wohnstudio.de%2Fblog%2Fcategory%2Fsaisonal%2Ffruehling%2F\" target=\"_blank\" class=\"wd-hide-md  wd-social-icon social-whatsapp\" aria-label=\"WhatsApp-Social-Link\">\n\t\t\t\t\t\t<span class=\"wd-icon\"><\/span>\n\t\t\t\t\t\t\t\t\t\t\t<\/a>\n\n\t\t\t\t\t<a rel=\"noopener noreferrer nofollow\" href=\"whatsapp:\/\/send?text=https%3A%2F%2Fwilkens-wohnstudio.de%2Fblog%2Fcategory%2Fsaisonal%2Ffruehling%2F\" target=\"_blank\" class=\"wd-hide-lg  wd-social-icon social-whatsapp\" aria-label=\"WhatsApp-Social-Link\">\n\t\t\t\t\t\t<span class=\"wd-icon\"><\/span>\n\t\t\t\t\t\t\t\t\t\t\t<\/a>\n\t\t\t\t\n\t\t\t\t\n\t\t\t\t\n\t\t\t\t\n\t\t\t\t\n\t\t\t\t\n\t\t\t\t\n\t\t\t\t\n\t\t\t<\/div>\n\n\t\t\t\t\t\t\t\t\t\t<\/div>\n\t\t\t\t\t\t\t\t<div class=\"tooltip-arrow\"><\/div>\n\t\t\t\t\t\t\t<\/div>\n\t\t\t\t\t\t<\/div>\n\t\t\t\t\t\n\t\t\t\t\t\t\t\t\t<\/div>\n\t\t\t\n\t\t\t\t\t\t\t\t\t\t\t\t<div class=\"wd-post-excerpt entry-content\">\n\t\t\t\t\t\tOsterdeko f\u00fcr aussen: Hauseingang, Haust\u00fcr und Vorgarten\nMit Osterdeko f\u00fcr drau\u00dfen hei\u00dfen Sie den Osterhasen willkommen! Ab M...\t\t\t\t\t<\/div>\n\t\t\t\t\n\t\t\t\t\t\t\t\t\t\t\t\t\t\t<div class=\"wd-post-read-more wd-style-link read-more-section\">\n\t\t\t\t\t\t<a class=\"\" href=\"https:\/\/wilkens-wohnstudio.de\/blog\/saisonal\/osterdeko-fuer-draussen\/\">weiter lesen<\/a>\t\t\t\t\t<\/div>\n\t\t\t\t\t\t\t\t\t\t\t\t\t<\/div>\n\t<\/div>\n<\/article>\n\n\t\t\t\t\t\t\t\t\t\t\t\n<article id=\"post-44095\" class=\"wd-post blog-design-masonry blog-post-loop blog-style-bg wd-add-shadow wd-col post-44095 post type-post status-publish format-standard has-post-thumbnail hentry category-ostern category-dekoideen category-diy-ideen category-fruehling category-saisonal tag-diy tag-fruehling tag-osterdeko\">\n\t<div class=\"wd-post-inner article-inner\">\n\t\t\t\t\t<div class=\"wd-post-thumb entry-header\">\n\t\t\t\t\t\t\t\t\t<div class=\"wd-post-img post-img-wrapp\">\n\t\t\t\t\t\t<img width=\"1024\" height=\"768\" src=\"https:\/\/wilkens-wohnstudio.de\/wp-content\/uploads\/2023\/01\/osterdeko-1024x768.jpg\" class=\"attachment-large size-large\" alt=\"osterdeko\" decoding=\"async\" srcset=\"https:\/\/wilkens-wohnstudio.de\/wp-content\/uploads\/2023\/01\/osterdeko-1024x768.jpg 1024w, https:\/\/wilkens-wohnstudio.de\/wp-content\/uploads\/2023\/01\/osterdeko-175x131.jpg 175w, https:\/\/wilkens-wohnstudio.de\/wp-content\/uploads\/2023\/01\/osterdeko-1000x750.jpg 1000w, https:\/\/wilkens-wohnstudio.de\/wp-content\/uploads\/2023\/01\/osterdeko-350x263.jpg 350w, https:\/\/wilkens-wohnstudio.de\/wp-content\/uploads\/2023\/01\/osterdeko-768x576.jpg 768w, https:\/\/wilkens-wohnstudio.de\/wp-content\/uploads\/2023\/01\/osterdeko.jpg 1440w\" sizes=\"(max-width: 1024px) 100vw, 1024px\" \/>\t\t\t\t\t<\/div>\n\t\t\t\t\t\t\t\t\t\t<a class=\"wd-fill\" tabindex=\"-1\" href=\"https:\/\/wilkens-wohnstudio.de\/blog\/saisonal\/ostern\/osterdeko\/\" aria-label=\"Link zum Beitrag 13 Ideen f\u00fcr tolle Osterdeko\"><\/a>\n\t\t\t\t\n\t\t\t\t\t\t\t\t\t\t\t\t<div class=\"wd-post-date wd-style-with-bg\">\n\t\t\t\t<span class=\"post-date-day\">\n\t\t\t\t\t05\t\t\t\t<\/span>\n\t\t\t\t<span class=\"post-date-month\">\n\t\t\t\t\tJan.\t\t\t\t<\/span>\n\t\t\t<\/div>\n\t\t\t\t\t\t\t\t\t<\/div>\n\t\t\n\t\t<div class=\"wd-post-content article-body-container\">\n\t\t\t\t\t\t\t<div class=\"wd-post-cat wd-style-with-bg meta-post-categories\">\n\t\t\t\t\t<a href=\"https:\/\/wilkens-wohnstudio.de\/blog\/category\/saisonal\/ostern\/\" rel=\"category tag\">Ostern<\/a>, <a href=\"https:\/\/wilkens-wohnstudio.de\/blog\/category\/dekoideen\/\" rel=\"category tag\">Dekoideen<\/a>, <a href=\"https:\/\/wilkens-wohnstudio.de\/blog\/category\/diy-ideen\/\" rel=\"category tag\">DIY-Ideen<\/a>, <a href=\"https:\/\/wilkens-wohnstudio.de\/blog\/category\/saisonal\/fruehling\/\" rel=\"category tag\">Fr\u00fchling<\/a>, <a href=\"https:\/\/wilkens-wohnstudio.de\/blog\/category\/saisonal\/\" rel=\"category tag\">Saisonal<\/a>\t\t\t\t<\/div>\n\t\t\t\n\t\t\t\t\t\t\t<h3 class=\"wd-post-title wd-entities-title title post-title\">\n\t\t\t\t\t<a href=\"https:\/\/wilkens-wohnstudio.de\/blog\/saisonal\/ostern\/osterdeko\/\" rel=\"bookmark\">13 Ideen f\u00fcr tolle Osterdeko<\/a>\n\t\t\t\t<\/h3>\n\t\t\t\n\t\t\t\t\t\t\t<div class=\"wd-post-meta\">\n\t\t\t\t\t\t\t\t\t\t\t\t\t\t\t<div class=\"wd-post-author\">\n\t\t\t\t\t\t\t\t\t\t\t<span>Geschrieben von<\/span>\n\t\t\n\t\t\t\t\t\t\t\n\t\t\t\t\t<a href=\"https:\/\/wilkens-wohnstudio.de\/blog\/author\/n-tangermann\/\" class=\"author\" rel=\"author\">Wilkens Wohnstudio<\/a>\n\t\t\t\t\t\t\t\t\t<\/div>\n\t\t\t\t\t<div class=\"wd-modified-date\">\n\t\t\t\t\t\t\t\t<time class=\"updated\" datetime=\"2025-02-06T11:06:06+01:00\">\n\t\t\t06.02.2025\t\t<\/time>\n\t\t\t\t\t\t\t<\/div>\n\n\t\t\t\t\t\t\t\t\t\t\t<div tabindex=\"0\" class=\"wd-post-share wd-tltp\">\n\t\t\t\t\t\t\t<div class=\"tooltip top\">\n\t\t\t\t\t\t\t\t<div class=\"tooltip-inner\">\n\t\t\t\t\t\t\t\t\t\t\t\t<div\n\t\t\t\t\t\tclass=\" wd-social-icons  wd-style-default wd-size-small social-share wd-shape-circle color-scheme-light text-center\">\n\t\t\t\t\n\t\t\t\t\n\t\t\t\t\t\t\t\t\t<a rel=\"noopener noreferrer nofollow\" href=\"https:\/\/www.facebook.com\/sharer\/sharer.php?u=https:\/\/wilkens-wohnstudio.de\/blog\/category\/saisonal\/fruehling\/\" target=\"_blank\" class=\" wd-social-icon social-facebook\" aria-label=\"Facebook-Social-Link\">\n\t\t\t\t\t\t<span class=\"wd-icon\"><\/span>\n\t\t\t\t\t\t\t\t\t\t\t<\/a>\n\t\t\t\t\n\t\t\t\t\n\t\t\t\t\n\t\t\t\t\n\t\t\t\t\n\t\t\t\t\n\t\t\t\t\n\t\t\t\t\t\t\t\t\t<a rel=\"noopener noreferrer nofollow\" href=\"https:\/\/pinterest.com\/pin\/create\/button\/?url=https:\/\/wilkens-wohnstudio.de\/blog\/category\/saisonal\/fruehling\/&media=https:\/\/wilkens-wohnstudio.de\/wp-content\/uploads\/2023\/01\/osterdeko.jpg&description=13+Ideen+f%C3%BCr+tolle+Osterdeko\" target=\"_blank\" class=\" wd-social-icon social-pinterest\" aria-label=\"Pinterest-Social-Link\">\n\t\t\t\t\t\t<span class=\"wd-icon\"><\/span>\n\t\t\t\t\t\t\t\t\t\t\t<\/a>\n\t\t\t\t\n\t\t\t\t\n\t\t\t\t\n\t\t\t\t\n\t\t\t\t\n\t\t\t\t\n\t\t\t\t\n\t\t\t\t\n\t\t\t\t\n\t\t\t\t\n\t\t\t\t\n\t\t\t\t\t\t\t\t\t<a rel=\"noopener noreferrer nofollow\" href=\"https:\/\/api.whatsapp.com\/send?text=https%3A%2F%2Fwilkens-wohnstudio.de%2Fblog%2Fcategory%2Fsaisonal%2Ffruehling%2F\" target=\"_blank\" class=\"wd-hide-md  wd-social-icon social-whatsapp\" aria-label=\"WhatsApp-Social-Link\">\n\t\t\t\t\t\t<span class=\"wd-icon\"><\/span>\n\t\t\t\t\t\t\t\t\t\t\t<\/a>\n\n\t\t\t\t\t<a rel=\"noopener noreferrer nofollow\" href=\"whatsapp:\/\/send?text=https%3A%2F%2Fwilkens-wohnstudio.de%2Fblog%2Fcategory%2Fsaisonal%2Ffruehling%2F\" target=\"_blank\" class=\"wd-hide-lg  wd-social-icon social-whatsapp\" aria-label=\"WhatsApp-Social-Link\">\n\t\t\t\t\t\t<span class=\"wd-icon\"><\/span>\n\t\t\t\t\t\t\t\t\t\t\t<\/a>\n\t\t\t\t\n\t\t\t\t\n\t\t\t\t\n\t\t\t\t\n\t\t\t\t\n\t\t\t\t\n\t\t\t\t\n\t\t\t\t\n\t\t\t<\/div>\n\n\t\t\t\t\t\t\t\t\t\t<\/div>\n\t\t\t\t\t\t\t\t<div class=\"tooltip-arrow\"><\/div>\n\t\t\t\t\t\t\t<\/div>\n\t\t\t\t\t\t<\/div>\n\t\t\t\t\t\n\t\t\t\t\t\t\t\t\t<\/div>\n\t\t\t\n\t\t\t\t\t\t\t\t\t\t\t\t<div class=\"wd-post-excerpt entry-content\">\n\t\t\t\t\t\tIdeen f\u00fcr Osterdeko\r\nOsterdeko stimmt uns auf die sch\u00f6ne Osterzeit und den beginnenden Fr\u00fchling ein. Wenn der dunkle Winter l...\t\t\t\t\t<\/div>\n\t\t\t\t\n\t\t\t\t\t\t\t\t\t\t\t\t\t\t<div class=\"wd-post-read-more wd-style-link read-more-section\">\n\t\t\t\t\t\t<a class=\"\" href=\"https:\/\/wilkens-wohnstudio.de\/blog\/saisonal\/ostern\/osterdeko\/\">weiter lesen<\/a>\t\t\t\t\t<\/div>\n\t\t\t\t\t\t\t\t\t\t\t\t\t<\/div>\n\t<\/div>\n<\/article>\n\n\t\t\t\t\t\n\t\t\t\t\t","status":"have-posts","nextPage":"https:\/\/wilkens-wohnstudio.de\/blog\/category\/saisonal\/fruehling\/page\/3\/?woo_ajax=1","currentPage":"https:\/\/wilkens-wohnstudio.de\/blog\/category\/saisonal\/fruehling\/page\/2"}