
			
				

					
				

			
		{"items":"\n\t\t\t\t\t\t\t\t\t\t\t\t\t\t<link rel=\"stylesheet\" id=\"wd-post-types-mod-categories-style-bg-css\" href=\"https:\/\/wilkens-wohnstudio.de\/wp-content\/themes\/woodmart\/css\/parts\/post-types-mod-categories-style-bg.min.css?ver=8.3.9\" type=\"text\/css\" media=\"all\" \/> \t\t\t\n<article id=\"post-31916\" class=\"wd-post blog-design-masonry blog-post-loop blog-style-bg wd-add-shadow wd-col post-31916 post type-post status-publish format-standard has-post-thumbnail hentry category-deko-stile category-dekoideen category-kueche category-schlafzimmer category-wohnideen category-wohnzimmer tag-aesthetics tag-barock-deko tag-dark-academia tag-vintage tag-vintage-deko\">\n\t<div class=\"wd-post-inner article-inner\">\n\t\t\t\t\t<div class=\"wd-post-thumb entry-header\">\n\t\t\t\t\t\t\t\t\t<div class=\"wd-post-img post-img-wrapp\">\n\t\t\t\t\t\t<img width=\"1024\" height=\"768\" src=\"https:\/\/wilkens-wohnstudio.de\/wp-content\/uploads\/2022\/04\/Dark-Academia-1024x768.jpg\" class=\"attachment-large size-large\" alt=\"Dark Academia\" decoding=\"async\" fetchpriority=\"high\" srcset=\"https:\/\/wilkens-wohnstudio.de\/wp-content\/uploads\/2022\/04\/Dark-Academia-1024x768.jpg 1024w, https:\/\/wilkens-wohnstudio.de\/wp-content\/uploads\/2022\/04\/Dark-Academia-175x131.jpg 175w, https:\/\/wilkens-wohnstudio.de\/wp-content\/uploads\/2022\/04\/Dark-Academia-1000x750.jpg 1000w, https:\/\/wilkens-wohnstudio.de\/wp-content\/uploads\/2022\/04\/Dark-Academia-350x263.jpg 350w, https:\/\/wilkens-wohnstudio.de\/wp-content\/uploads\/2022\/04\/Dark-Academia-768x576.jpg 768w, https:\/\/wilkens-wohnstudio.de\/wp-content\/uploads\/2022\/04\/Dark-Academia-1536x1152.jpg 1536w, https:\/\/wilkens-wohnstudio.de\/wp-content\/uploads\/2022\/04\/Dark-Academia.jpg 1440w\" sizes=\"(max-width: 1024px) 100vw, 1024px\" \/>\t\t\t\t\t<\/div>\n\t\t\t\t\t\t\t\t\t\t<a class=\"wd-fill\" tabindex=\"-1\" href=\"https:\/\/wilkens-wohnstudio.de\/blog\/deko-stile\/dark-academia\/\" aria-label=\"Link zum Beitrag Dark Academia Deko &#8211; So kreieren Sie den Look Zuhause\"><\/a>\n\t\t\t\t\n\t\t\t\t\t\t\t\t\t\t\t\t<link rel=\"stylesheet\" id=\"wd-post-types-mod-date-style-bg-css\" href=\"https:\/\/wilkens-wohnstudio.de\/wp-content\/themes\/woodmart\/css\/parts\/post-types-mod-date-style-bg.min.css?ver=8.3.9\" type=\"text\/css\" media=\"all\" \/> \t\t\t\t\t\t<div class=\"wd-post-date wd-style-with-bg\">\n\t\t\t\t<span class=\"post-date-day\">\n\t\t\t\t\t08\t\t\t\t<\/span>\n\t\t\t\t<span class=\"post-date-month\">\n\t\t\t\t\tApr.\t\t\t\t<\/span>\n\t\t\t<\/div>\n\t\t\t\t\t\t\t\t\t<\/div>\n\t\t\n\t\t<div class=\"wd-post-content article-body-container\">\n\t\t\t\t\t\t\t<div class=\"wd-post-cat wd-style-with-bg meta-post-categories\">\n\t\t\t\t\t<a href=\"https:\/\/wilkens-wohnstudio.de\/blog\/category\/deko-stile\/\" rel=\"category tag\">Deko-Stile<\/a>, <a href=\"https:\/\/wilkens-wohnstudio.de\/blog\/category\/dekoideen\/\" rel=\"category tag\">Dekoideen<\/a>, <a href=\"https:\/\/wilkens-wohnstudio.de\/blog\/category\/wohnideen\/kueche\/\" rel=\"category tag\">K\u00fcche<\/a>, <a href=\"https:\/\/wilkens-wohnstudio.de\/blog\/category\/wohnideen\/schlafzimmer\/\" rel=\"category tag\">Schlafzimmer<\/a>, <a href=\"https:\/\/wilkens-wohnstudio.de\/blog\/category\/wohnideen\/\" rel=\"category tag\">Wohnideen<\/a>, <a href=\"https:\/\/wilkens-wohnstudio.de\/blog\/category\/wohnideen\/wohnzimmer\/\" rel=\"category tag\">Wohnzimmer<\/a>\t\t\t\t<\/div>\n\t\t\t\n\t\t\t\t\t\t\t<h3 class=\"wd-post-title wd-entities-title title post-title\">\n\t\t\t\t\t<a href=\"https:\/\/wilkens-wohnstudio.de\/blog\/deko-stile\/dark-academia\/\" rel=\"bookmark\">Dark Academia Deko &#8211; So kreieren Sie den Look Zuhause<\/a>\n\t\t\t\t<\/h3>\n\t\t\t\n\t\t\t\t\t\t\t<div class=\"wd-post-meta\">\n\t\t\t\t\t\t\t\t\t\t\t\t\t<link rel=\"stylesheet\" id=\"wd-blog-mod-author-css\" href=\"https:\/\/wilkens-wohnstudio.de\/wp-content\/themes\/woodmart\/css\/parts\/blog-mod-author.min.css?ver=8.3.9\" type=\"text\/css\" media=\"all\" \/> \t\t\t\t\t\t\t\t<div class=\"wd-post-author\">\n\t\t\t\t\t\t\t\t\t\t\t<span>Geschrieben von<\/span>\n\t\t\n\t\t\t\t\t\t\t\n\t\t\t\t\t<a href=\"https:\/\/wilkens-wohnstudio.de\/blog\/author\/n-tangermann\/\" class=\"author\" rel=\"author\">Wilkens Wohnstudio<\/a>\n\t\t\t\t\t\t\t\t\t<\/div>\n\t\t\t\t\t<div class=\"wd-modified-date\">\n\t\t\t\t\t\t\t\t<time class=\"updated\" datetime=\"2023-05-26T11:56:57+02:00\">\n\t\t\t26.05.2023\t\t<\/time>\n\t\t\t\t\t\t\t<\/div>\n\n\t\t\t\t\t\t\t\t\t\t\t<div tabindex=\"0\" class=\"wd-post-share wd-tltp\">\n\t\t\t\t\t\t\t<div class=\"tooltip top\">\n\t\t\t\t\t\t\t\t<div class=\"tooltip-inner\">\n\t\t\t\t\t\t\t\t\t\t\t\t<link rel=\"stylesheet\" id=\"wd-social-icons-css\" href=\"https:\/\/wilkens-wohnstudio.de\/wp-content\/themes\/woodmart\/css\/parts\/el-social-icons.min.css?ver=8.3.9\" type=\"text\/css\" media=\"all\" \/> \t\t\t\t\t\t<div\n\t\t\t\t\t\tclass=\" wd-social-icons  wd-style-default wd-size-small social-share wd-shape-circle color-scheme-light text-center\">\n\t\t\t\t\n\t\t\t\t\n\t\t\t\t\t\t\t\t\t<a rel=\"noopener noreferrer nofollow\" href=\"https:\/\/www.facebook.com\/sharer\/sharer.php?u=https:\/\/wilkens-wohnstudio.de\/blog\/category\/deko-stile\/\" target=\"_blank\" class=\" wd-social-icon social-facebook\" aria-label=\"Facebook-Social-Link\">\n\t\t\t\t\t\t<span class=\"wd-icon\"><\/span>\n\t\t\t\t\t\t\t\t\t\t\t<\/a>\n\t\t\t\t\n\t\t\t\t\n\t\t\t\t\n\t\t\t\t\n\t\t\t\t\n\t\t\t\t\n\t\t\t\t\n\t\t\t\t\t\t\t\t\t<a rel=\"noopener noreferrer nofollow\" href=\"https:\/\/pinterest.com\/pin\/create\/button\/?url=https:\/\/wilkens-wohnstudio.de\/blog\/category\/deko-stile\/&media=https:\/\/wilkens-wohnstudio.de\/wp-content\/uploads\/2022\/04\/Dark-Academia.jpg&description=Dark+Academia+Deko+%26%238211%3B+So+kreieren+Sie+den+Look+Zuhause\" target=\"_blank\" class=\" wd-social-icon social-pinterest\" aria-label=\"Pinterest-Social-Link\">\n\t\t\t\t\t\t<span class=\"wd-icon\"><\/span>\n\t\t\t\t\t\t\t\t\t\t\t<\/a>\n\t\t\t\t\n\t\t\t\t\n\t\t\t\t\n\t\t\t\t\n\t\t\t\t\n\t\t\t\t\n\t\t\t\t\n\t\t\t\t\n\t\t\t\t\n\t\t\t\t\n\t\t\t\t\n\t\t\t\t\t\t\t\t\t<a rel=\"noopener noreferrer nofollow\" href=\"https:\/\/api.whatsapp.com\/send?text=https%3A%2F%2Fwilkens-wohnstudio.de%2Fblog%2Fcategory%2Fdeko-stile%2F\" target=\"_blank\" class=\"wd-hide-md  wd-social-icon social-whatsapp\" aria-label=\"WhatsApp-Social-Link\">\n\t\t\t\t\t\t<span class=\"wd-icon\"><\/span>\n\t\t\t\t\t\t\t\t\t\t\t<\/a>\n\n\t\t\t\t\t<a rel=\"noopener noreferrer nofollow\" href=\"whatsapp:\/\/send?text=https%3A%2F%2Fwilkens-wohnstudio.de%2Fblog%2Fcategory%2Fdeko-stile%2F\" target=\"_blank\" class=\"wd-hide-lg  wd-social-icon social-whatsapp\" aria-label=\"WhatsApp-Social-Link\">\n\t\t\t\t\t\t<span class=\"wd-icon\"><\/span>\n\t\t\t\t\t\t\t\t\t\t\t<\/a>\n\t\t\t\t\n\t\t\t\t\n\t\t\t\t\n\t\t\t\t\n\t\t\t\t\n\t\t\t\t\n\t\t\t\t\n\t\t\t\t\n\t\t\t<\/div>\n\n\t\t\t\t\t\t\t\t\t\t<\/div>\n\t\t\t\t\t\t\t\t<div class=\"tooltip-arrow\"><\/div>\n\t\t\t\t\t\t\t<\/div>\n\t\t\t\t\t\t<\/div>\n\t\t\t\t\t\n\t\t\t\t\t\t\t\t\t<\/div>\n\t\t\t\n\t\t\t\t\t\t\t\t\t\t\t\t<div class=\"wd-post-excerpt entry-content\">\n\t\t\t\t\t\tWas ist Dark Academia?\r\nDark Academia z\u00e4hlt zu den sogenannten \u201eAesthetics\u201c, die wie auch Cottagecore in sozialen Medien wie ...\t\t\t\t\t<\/div>\n\t\t\t\t\n\t\t\t\t\t\t\t\t\t\t\t\t\t\t<div class=\"wd-post-read-more wd-style-link read-more-section\">\n\t\t\t\t\t\t<a class=\"\" href=\"https:\/\/wilkens-wohnstudio.de\/blog\/deko-stile\/dark-academia\/\">weiter lesen<\/a>\t\t\t\t\t<\/div>\n\t\t\t\t\t\t\t\t\t\t\t\t\t<\/div>\n\t<\/div>\n<\/article>\n\n\t\t\t\t\t\t\t\t\t\t\t\n<article id=\"post-31185\" class=\"wd-post blog-design-masonry blog-post-loop blog-style-bg wd-add-shadow wd-col post-31185 post type-post status-publish format-standard has-post-thumbnail hentry category-skandinavisch category-schlafzimmer category-wohnideen category-wohnzimmer tag-gemuetlichkeit tag-hygge tag-skandinavien\">\n\t<div class=\"wd-post-inner article-inner\">\n\t\t\t\t\t<div class=\"wd-post-thumb entry-header\">\n\t\t\t\t\t\t\t\t\t<div class=\"wd-post-img post-img-wrapp\">\n\t\t\t\t\t\t<img width=\"1024\" height=\"768\" src=\"https:\/\/wilkens-wohnstudio.de\/wp-content\/uploads\/2022\/03\/Hygge-1024x768.jpg\" class=\"attachment-large size-large\" alt=\"Hygge\" decoding=\"async\" srcset=\"https:\/\/wilkens-wohnstudio.de\/wp-content\/uploads\/2022\/03\/Hygge-1024x768.jpg 1024w, https:\/\/wilkens-wohnstudio.de\/wp-content\/uploads\/2022\/03\/Hygge-175x131.jpg 175w, https:\/\/wilkens-wohnstudio.de\/wp-content\/uploads\/2022\/03\/Hygge-1000x750.jpg 1000w, https:\/\/wilkens-wohnstudio.de\/wp-content\/uploads\/2022\/03\/Hygge-350x263.jpg 350w, https:\/\/wilkens-wohnstudio.de\/wp-content\/uploads\/2022\/03\/Hygge-768x576.jpg 768w, https:\/\/wilkens-wohnstudio.de\/wp-content\/uploads\/2022\/03\/Hygge-1536x1152.jpg 1536w, https:\/\/wilkens-wohnstudio.de\/wp-content\/uploads\/2022\/03\/Hygge.jpg 1440w\" sizes=\"(max-width: 1024px) 100vw, 1024px\" \/>\t\t\t\t\t<\/div>\n\t\t\t\t\t\t\t\t\t\t<a class=\"wd-fill\" tabindex=\"-1\" href=\"https:\/\/wilkens-wohnstudio.de\/blog\/deko-stile\/skandinavisch\/hygge\/\" aria-label=\"Link zum Beitrag 8 tolle Tipps f\u00fcr mehr Hygge im Alltag\"><\/a>\n\t\t\t\t\n\t\t\t\t\t\t\t\t\t\t\t\t<div class=\"wd-post-date wd-style-with-bg\">\n\t\t\t\t<span class=\"post-date-day\">\n\t\t\t\t\t29\t\t\t\t<\/span>\n\t\t\t\t<span class=\"post-date-month\">\n\t\t\t\t\tM\u00e4rz\t\t\t\t<\/span>\n\t\t\t<\/div>\n\t\t\t\t\t\t\t\t\t<\/div>\n\t\t\n\t\t<div class=\"wd-post-content article-body-container\">\n\t\t\t\t\t\t\t<div class=\"wd-post-cat wd-style-with-bg meta-post-categories\">\n\t\t\t\t\t<a href=\"https:\/\/wilkens-wohnstudio.de\/blog\/category\/deko-stile\/skandinavisch\/\" rel=\"category tag\">Skandinavisch<\/a>, <a href=\"https:\/\/wilkens-wohnstudio.de\/blog\/category\/wohnideen\/schlafzimmer\/\" rel=\"category tag\">Schlafzimmer<\/a>, <a href=\"https:\/\/wilkens-wohnstudio.de\/blog\/category\/wohnideen\/\" rel=\"category tag\">Wohnideen<\/a>, <a href=\"https:\/\/wilkens-wohnstudio.de\/blog\/category\/wohnideen\/wohnzimmer\/\" rel=\"category tag\">Wohnzimmer<\/a>\t\t\t\t<\/div>\n\t\t\t\n\t\t\t\t\t\t\t<h3 class=\"wd-post-title wd-entities-title title post-title\">\n\t\t\t\t\t<a href=\"https:\/\/wilkens-wohnstudio.de\/blog\/deko-stile\/skandinavisch\/hygge\/\" rel=\"bookmark\">8 tolle Tipps f\u00fcr mehr Hygge im Alltag<\/a>\n\t\t\t\t<\/h3>\n\t\t\t\n\t\t\t\t\t\t\t<div class=\"wd-post-meta\">\n\t\t\t\t\t\t\t\t\t\t\t\t\t\t\t<div class=\"wd-post-author\">\n\t\t\t\t\t\t\t\t\t\t\t<span>Geschrieben von<\/span>\n\t\t\n\t\t\t\t\t\t\t\n\t\t\t\t\t<a href=\"https:\/\/wilkens-wohnstudio.de\/blog\/author\/n-tangermann\/\" class=\"author\" rel=\"author\">Wilkens Wohnstudio<\/a>\n\t\t\t\t\t\t\t\t\t<\/div>\n\t\t\t\t\t<div class=\"wd-modified-date\">\n\t\t\t\t\t\t\t\t<time class=\"updated\" datetime=\"2023-01-05T17:03:27+01:00\">\n\t\t\t05.01.2023\t\t<\/time>\n\t\t\t\t\t\t\t<\/div>\n\n\t\t\t\t\t\t\t\t\t\t\t<div tabindex=\"0\" class=\"wd-post-share wd-tltp\">\n\t\t\t\t\t\t\t<div class=\"tooltip top\">\n\t\t\t\t\t\t\t\t<div class=\"tooltip-inner\">\n\t\t\t\t\t\t\t\t\t\t\t\t<div\n\t\t\t\t\t\tclass=\" wd-social-icons  wd-style-default wd-size-small social-share wd-shape-circle color-scheme-light text-center\">\n\t\t\t\t\n\t\t\t\t\n\t\t\t\t\t\t\t\t\t<a rel=\"noopener noreferrer nofollow\" href=\"https:\/\/www.facebook.com\/sharer\/sharer.php?u=https:\/\/wilkens-wohnstudio.de\/blog\/category\/deko-stile\/\" target=\"_blank\" class=\" wd-social-icon social-facebook\" aria-label=\"Facebook-Social-Link\">\n\t\t\t\t\t\t<span class=\"wd-icon\"><\/span>\n\t\t\t\t\t\t\t\t\t\t\t<\/a>\n\t\t\t\t\n\t\t\t\t\n\t\t\t\t\n\t\t\t\t\n\t\t\t\t\n\t\t\t\t\n\t\t\t\t\n\t\t\t\t\t\t\t\t\t<a rel=\"noopener noreferrer nofollow\" href=\"https:\/\/pinterest.com\/pin\/create\/button\/?url=https:\/\/wilkens-wohnstudio.de\/blog\/category\/deko-stile\/&media=https:\/\/wilkens-wohnstudio.de\/wp-content\/uploads\/2022\/03\/Hygge.jpg&description=8+tolle+Tipps+f%C3%BCr+mehr+Hygge+im+Alltag\" target=\"_blank\" class=\" wd-social-icon social-pinterest\" aria-label=\"Pinterest-Social-Link\">\n\t\t\t\t\t\t<span class=\"wd-icon\"><\/span>\n\t\t\t\t\t\t\t\t\t\t\t<\/a>\n\t\t\t\t\n\t\t\t\t\n\t\t\t\t\n\t\t\t\t\n\t\t\t\t\n\t\t\t\t\n\t\t\t\t\n\t\t\t\t\n\t\t\t\t\n\t\t\t\t\n\t\t\t\t\n\t\t\t\t\t\t\t\t\t<a rel=\"noopener noreferrer nofollow\" href=\"https:\/\/api.whatsapp.com\/send?text=https%3A%2F%2Fwilkens-wohnstudio.de%2Fblog%2Fcategory%2Fdeko-stile%2F\" target=\"_blank\" class=\"wd-hide-md  wd-social-icon social-whatsapp\" aria-label=\"WhatsApp-Social-Link\">\n\t\t\t\t\t\t<span class=\"wd-icon\"><\/span>\n\t\t\t\t\t\t\t\t\t\t\t<\/a>\n\n\t\t\t\t\t<a rel=\"noopener noreferrer nofollow\" href=\"whatsapp:\/\/send?text=https%3A%2F%2Fwilkens-wohnstudio.de%2Fblog%2Fcategory%2Fdeko-stile%2F\" target=\"_blank\" class=\"wd-hide-lg  wd-social-icon social-whatsapp\" aria-label=\"WhatsApp-Social-Link\">\n\t\t\t\t\t\t<span class=\"wd-icon\"><\/span>\n\t\t\t\t\t\t\t\t\t\t\t<\/a>\n\t\t\t\t\n\t\t\t\t\n\t\t\t\t\n\t\t\t\t\n\t\t\t\t\n\t\t\t\t\n\t\t\t\t\n\t\t\t\t\n\t\t\t<\/div>\n\n\t\t\t\t\t\t\t\t\t\t<\/div>\n\t\t\t\t\t\t\t\t<div class=\"tooltip-arrow\"><\/div>\n\t\t\t\t\t\t\t<\/div>\n\t\t\t\t\t\t<\/div>\n\t\t\t\t\t\n\t\t\t\t\t\t\t\t\t<\/div>\n\t\t\t\n\t\t\t\t\t\t\t\t\t\t\t\t<div class=\"wd-post-excerpt entry-content\">\n\t\t\t\t\t\tZuhause im Gl\u00fcck\r\nWas ist eigentlich Hygge? Hygge ist weniger ein Einrichtungsstil, als vielmehr ein Teil der d\u00e4nischen Kultu...\t\t\t\t\t<\/div>\n\t\t\t\t\n\t\t\t\t\t\t\t\t\t\t\t\t\t\t<div class=\"wd-post-read-more wd-style-link read-more-section\">\n\t\t\t\t\t\t<a class=\"\" href=\"https:\/\/wilkens-wohnstudio.de\/blog\/deko-stile\/skandinavisch\/hygge\/\">weiter lesen<\/a>\t\t\t\t\t<\/div>\n\t\t\t\t\t\t\t\t\t\t\t\t\t<\/div>\n\t<\/div>\n<\/article>\n\n\t\t\t\t\t\t\t\t\t\t\t\n<article id=\"post-30901\" class=\"wd-post blog-design-masonry blog-post-loop blog-style-bg wd-add-shadow wd-col post-30901 post type-post status-publish format-standard has-post-thumbnail hentry category-vintage category-dekoideen category-wohnideen tag-einrichtungstrend tag-granny-chic tag-vintage\">\n\t<div class=\"wd-post-inner article-inner\">\n\t\t\t\t\t<div class=\"wd-post-thumb entry-header\">\n\t\t\t\t\t\t\t\t\t<div class=\"wd-post-img post-img-wrapp\">\n\t\t\t\t\t\t<img width=\"1024\" height=\"768\" src=\"https:\/\/wilkens-wohnstudio.de\/wp-content\/uploads\/2022\/03\/Granny-Chic-1024x768.jpg\" class=\"attachment-large size-large\" alt=\"Granny-Chic\" decoding=\"async\" srcset=\"https:\/\/wilkens-wohnstudio.de\/wp-content\/uploads\/2022\/03\/Granny-Chic-1024x768.jpg 1024w, https:\/\/wilkens-wohnstudio.de\/wp-content\/uploads\/2022\/03\/Granny-Chic-175x131.jpg 175w, https:\/\/wilkens-wohnstudio.de\/wp-content\/uploads\/2022\/03\/Granny-Chic-1000x750.jpg 1000w, https:\/\/wilkens-wohnstudio.de\/wp-content\/uploads\/2022\/03\/Granny-Chic-350x263.jpg 350w, https:\/\/wilkens-wohnstudio.de\/wp-content\/uploads\/2022\/03\/Granny-Chic-768x576.jpg 768w, https:\/\/wilkens-wohnstudio.de\/wp-content\/uploads\/2022\/03\/Granny-Chic-1536x1152.jpg 1536w, https:\/\/wilkens-wohnstudio.de\/wp-content\/uploads\/2022\/03\/Granny-Chic.jpg 1440w\" sizes=\"(max-width: 1024px) 100vw, 1024px\" \/>\t\t\t\t\t<\/div>\n\t\t\t\t\t\t\t\t\t\t<a class=\"wd-fill\" tabindex=\"-1\" href=\"https:\/\/wilkens-wohnstudio.de\/blog\/deko-stile\/vintage\/granny-chic\/\" aria-label=\"Link zum Beitrag Granny-Chic und Grandmillenial-Style\"><\/a>\n\t\t\t\t\n\t\t\t\t\t\t\t\t\t\t\t\t<div class=\"wd-post-date wd-style-with-bg\">\n\t\t\t\t<span class=\"post-date-day\">\n\t\t\t\t\t22\t\t\t\t<\/span>\n\t\t\t\t<span class=\"post-date-month\">\n\t\t\t\t\tM\u00e4rz\t\t\t\t<\/span>\n\t\t\t<\/div>\n\t\t\t\t\t\t\t\t\t<\/div>\n\t\t\n\t\t<div class=\"wd-post-content article-body-container\">\n\t\t\t\t\t\t\t<div class=\"wd-post-cat wd-style-with-bg meta-post-categories\">\n\t\t\t\t\t<a href=\"https:\/\/wilkens-wohnstudio.de\/blog\/category\/deko-stile\/vintage\/\" rel=\"category tag\">Vintage<\/a>, <a href=\"https:\/\/wilkens-wohnstudio.de\/blog\/category\/dekoideen\/\" rel=\"category tag\">Dekoideen<\/a>, <a href=\"https:\/\/wilkens-wohnstudio.de\/blog\/category\/wohnideen\/\" rel=\"category tag\">Wohnideen<\/a>\t\t\t\t<\/div>\n\t\t\t\n\t\t\t\t\t\t\t<h3 class=\"wd-post-title wd-entities-title title post-title\">\n\t\t\t\t\t<a href=\"https:\/\/wilkens-wohnstudio.de\/blog\/deko-stile\/vintage\/granny-chic\/\" rel=\"bookmark\">Granny-Chic und Grandmillenial-Style<\/a>\n\t\t\t\t<\/h3>\n\t\t\t\n\t\t\t\t\t\t\t<div class=\"wd-post-meta\">\n\t\t\t\t\t\t\t\t\t\t\t\t\t\t\t<div class=\"wd-post-author\">\n\t\t\t\t\t\t\t\t\t\t\t<span>Geschrieben von<\/span>\n\t\t\n\t\t\t\t\t\t\t\n\t\t\t\t\t<a href=\"https:\/\/wilkens-wohnstudio.de\/blog\/author\/n-tangermann\/\" class=\"author\" rel=\"author\">Wilkens Wohnstudio<\/a>\n\t\t\t\t\t\t\t\t\t<\/div>\n\t\t\t\t\t<div class=\"wd-modified-date\">\n\t\t\t\t\t\t\t\t<time class=\"updated\" datetime=\"2023-01-05T17:03:33+01:00\">\n\t\t\t05.01.2023\t\t<\/time>\n\t\t\t\t\t\t\t<\/div>\n\n\t\t\t\t\t\t\t\t\t\t\t<div tabindex=\"0\" class=\"wd-post-share wd-tltp\">\n\t\t\t\t\t\t\t<div class=\"tooltip top\">\n\t\t\t\t\t\t\t\t<div class=\"tooltip-inner\">\n\t\t\t\t\t\t\t\t\t\t\t\t<div\n\t\t\t\t\t\tclass=\" wd-social-icons  wd-style-default wd-size-small social-share wd-shape-circle color-scheme-light text-center\">\n\t\t\t\t\n\t\t\t\t\n\t\t\t\t\t\t\t\t\t<a rel=\"noopener noreferrer nofollow\" href=\"https:\/\/www.facebook.com\/sharer\/sharer.php?u=https:\/\/wilkens-wohnstudio.de\/blog\/category\/deko-stile\/\" target=\"_blank\" class=\" wd-social-icon social-facebook\" aria-label=\"Facebook-Social-Link\">\n\t\t\t\t\t\t<span class=\"wd-icon\"><\/span>\n\t\t\t\t\t\t\t\t\t\t\t<\/a>\n\t\t\t\t\n\t\t\t\t\n\t\t\t\t\n\t\t\t\t\n\t\t\t\t\n\t\t\t\t\n\t\t\t\t\n\t\t\t\t\t\t\t\t\t<a rel=\"noopener noreferrer nofollow\" href=\"https:\/\/pinterest.com\/pin\/create\/button\/?url=https:\/\/wilkens-wohnstudio.de\/blog\/category\/deko-stile\/&media=https:\/\/wilkens-wohnstudio.de\/wp-content\/uploads\/2022\/03\/Granny-Chic.jpg&description=Granny-Chic+und+Grandmillenial-Style\" target=\"_blank\" class=\" wd-social-icon social-pinterest\" aria-label=\"Pinterest-Social-Link\">\n\t\t\t\t\t\t<span class=\"wd-icon\"><\/span>\n\t\t\t\t\t\t\t\t\t\t\t<\/a>\n\t\t\t\t\n\t\t\t\t\n\t\t\t\t\n\t\t\t\t\n\t\t\t\t\n\t\t\t\t\n\t\t\t\t\n\t\t\t\t\n\t\t\t\t\n\t\t\t\t\n\t\t\t\t\n\t\t\t\t\t\t\t\t\t<a rel=\"noopener noreferrer nofollow\" href=\"https:\/\/api.whatsapp.com\/send?text=https%3A%2F%2Fwilkens-wohnstudio.de%2Fblog%2Fcategory%2Fdeko-stile%2F\" target=\"_blank\" class=\"wd-hide-md  wd-social-icon social-whatsapp\" aria-label=\"WhatsApp-Social-Link\">\n\t\t\t\t\t\t<span class=\"wd-icon\"><\/span>\n\t\t\t\t\t\t\t\t\t\t\t<\/a>\n\n\t\t\t\t\t<a rel=\"noopener noreferrer nofollow\" href=\"whatsapp:\/\/send?text=https%3A%2F%2Fwilkens-wohnstudio.de%2Fblog%2Fcategory%2Fdeko-stile%2F\" target=\"_blank\" class=\"wd-hide-lg  wd-social-icon social-whatsapp\" aria-label=\"WhatsApp-Social-Link\">\n\t\t\t\t\t\t<span class=\"wd-icon\"><\/span>\n\t\t\t\t\t\t\t\t\t\t\t<\/a>\n\t\t\t\t\n\t\t\t\t\n\t\t\t\t\n\t\t\t\t\n\t\t\t\t\n\t\t\t\t\n\t\t\t\t\n\t\t\t\t\n\t\t\t<\/div>\n\n\t\t\t\t\t\t\t\t\t\t<\/div>\n\t\t\t\t\t\t\t\t<div class=\"tooltip-arrow\"><\/div>\n\t\t\t\t\t\t\t<\/div>\n\t\t\t\t\t\t<\/div>\n\t\t\t\t\t\n\t\t\t\t\t\t\t\t\t<\/div>\n\t\t\t\n\t\t\t\t\t\t\t\t\t\t\t\t<div class=\"wd-post-excerpt entry-content\">\n\t\t\t\t\t\tGutes von Gestern\r\nGranny-Chic und Grandmillenial-Style sind relativ junge Wohntrends. Ihren Ursprung finden sie, wie neue vi...\t\t\t\t\t<\/div>\n\t\t\t\t\n\t\t\t\t\t\t\t\t\t\t\t\t\t\t<div class=\"wd-post-read-more wd-style-link read-more-section\">\n\t\t\t\t\t\t<a class=\"\" href=\"https:\/\/wilkens-wohnstudio.de\/blog\/deko-stile\/vintage\/granny-chic\/\">weiter lesen<\/a>\t\t\t\t\t<\/div>\n\t\t\t\t\t\t\t\t\t\t\t\t\t<\/div>\n\t<\/div>\n<\/article>\n\n\t\t\t\t\t\t\t\t\t\t\t\n<article id=\"post-30386\" class=\"wd-post blog-design-masonry blog-post-loop blog-style-bg wd-add-shadow wd-col post-30386 post type-post status-publish format-standard has-post-thumbnail hentry category-deko-stile category-dekoideen category-schlafzimmer category-skandinavisch category-wohnideen category-wohnzimmer tag-hygge tag-japandi tag-wabi-sabi\">\n\t<div class=\"wd-post-inner article-inner\">\n\t\t\t\t\t<div class=\"wd-post-thumb entry-header\">\n\t\t\t\t\t\t\t\t\t<div class=\"wd-post-img post-img-wrapp\">\n\t\t\t\t\t\t<img width=\"1024\" height=\"768\" src=\"https:\/\/wilkens-wohnstudio.de\/wp-content\/uploads\/2022\/03\/Japandi-Stil-1024x768.jpg\" class=\"attachment-large size-large\" alt=\"Japandi-Stil\" decoding=\"async\" srcset=\"https:\/\/wilkens-wohnstudio.de\/wp-content\/uploads\/2022\/03\/Japandi-Stil-1024x768.jpg 1024w, https:\/\/wilkens-wohnstudio.de\/wp-content\/uploads\/2022\/03\/Japandi-Stil-175x131.jpg 175w, https:\/\/wilkens-wohnstudio.de\/wp-content\/uploads\/2022\/03\/Japandi-Stil-1000x750.jpg 1000w, https:\/\/wilkens-wohnstudio.de\/wp-content\/uploads\/2022\/03\/Japandi-Stil-350x263.jpg 350w, https:\/\/wilkens-wohnstudio.de\/wp-content\/uploads\/2022\/03\/Japandi-Stil-768x576.jpg 768w, https:\/\/wilkens-wohnstudio.de\/wp-content\/uploads\/2022\/03\/Japandi-Stil-1536x1152.jpg 1536w, https:\/\/wilkens-wohnstudio.de\/wp-content\/uploads\/2022\/03\/Japandi-Stil.jpg 1440w\" sizes=\"(max-width: 1024px) 100vw, 1024px\" \/>\t\t\t\t\t<\/div>\n\t\t\t\t\t\t\t\t\t\t<a class=\"wd-fill\" tabindex=\"-1\" href=\"https:\/\/wilkens-wohnstudio.de\/blog\/deko-stile\/einrichten-im-japandi-stil\/\" aria-label=\"Link zum Beitrag Einrichten im Japandi-Stil\"><\/a>\n\t\t\t\t\n\t\t\t\t\t\t\t\t\t\t\t\t<div class=\"wd-post-date wd-style-with-bg\">\n\t\t\t\t<span class=\"post-date-day\">\n\t\t\t\t\t16\t\t\t\t<\/span>\n\t\t\t\t<span class=\"post-date-month\">\n\t\t\t\t\tM\u00e4rz\t\t\t\t<\/span>\n\t\t\t<\/div>\n\t\t\t\t\t\t\t\t\t<\/div>\n\t\t\n\t\t<div class=\"wd-post-content article-body-container\">\n\t\t\t\t\t\t\t<div class=\"wd-post-cat wd-style-with-bg meta-post-categories\">\n\t\t\t\t\t<a href=\"https:\/\/wilkens-wohnstudio.de\/blog\/category\/deko-stile\/\" rel=\"category tag\">Deko-Stile<\/a>, <a href=\"https:\/\/wilkens-wohnstudio.de\/blog\/category\/dekoideen\/\" rel=\"category tag\">Dekoideen<\/a>, <a href=\"https:\/\/wilkens-wohnstudio.de\/blog\/category\/wohnideen\/schlafzimmer\/\" rel=\"category tag\">Schlafzimmer<\/a>, <a href=\"https:\/\/wilkens-wohnstudio.de\/blog\/category\/deko-stile\/skandinavisch\/\" rel=\"category tag\">Skandinavisch<\/a>, <a href=\"https:\/\/wilkens-wohnstudio.de\/blog\/category\/wohnideen\/\" rel=\"category tag\">Wohnideen<\/a>, <a href=\"https:\/\/wilkens-wohnstudio.de\/blog\/category\/wohnideen\/wohnzimmer\/\" rel=\"category tag\">Wohnzimmer<\/a>\t\t\t\t<\/div>\n\t\t\t\n\t\t\t\t\t\t\t<h3 class=\"wd-post-title wd-entities-title title post-title\">\n\t\t\t\t\t<a href=\"https:\/\/wilkens-wohnstudio.de\/blog\/deko-stile\/einrichten-im-japandi-stil\/\" rel=\"bookmark\">Einrichten im Japandi-Stil<\/a>\n\t\t\t\t<\/h3>\n\t\t\t\n\t\t\t\t\t\t\t<div class=\"wd-post-meta\">\n\t\t\t\t\t\t\t\t\t\t\t\t\t\t\t<div class=\"wd-post-author\">\n\t\t\t\t\t\t\t\t\t\t\t<span>Geschrieben von<\/span>\n\t\t\n\t\t\t\t\t\t\t\n\t\t\t\t\t<a href=\"https:\/\/wilkens-wohnstudio.de\/blog\/author\/n-tangermann\/\" class=\"author\" rel=\"author\">Wilkens Wohnstudio<\/a>\n\t\t\t\t\t\t\t\t\t<\/div>\n\t\t\t\t\t<div class=\"wd-modified-date\">\n\t\t\t\t\t\t\t\t<time class=\"updated\" datetime=\"2023-01-05T17:03:34+01:00\">\n\t\t\t05.01.2023\t\t<\/time>\n\t\t\t\t\t\t\t<\/div>\n\n\t\t\t\t\t\t\t\t\t\t\t<div tabindex=\"0\" class=\"wd-post-share wd-tltp\">\n\t\t\t\t\t\t\t<div class=\"tooltip top\">\n\t\t\t\t\t\t\t\t<div class=\"tooltip-inner\">\n\t\t\t\t\t\t\t\t\t\t\t\t<div\n\t\t\t\t\t\tclass=\" wd-social-icons  wd-style-default wd-size-small social-share wd-shape-circle color-scheme-light text-center\">\n\t\t\t\t\n\t\t\t\t\n\t\t\t\t\t\t\t\t\t<a rel=\"noopener noreferrer nofollow\" href=\"https:\/\/www.facebook.com\/sharer\/sharer.php?u=https:\/\/wilkens-wohnstudio.de\/blog\/category\/deko-stile\/\" target=\"_blank\" class=\" wd-social-icon social-facebook\" aria-label=\"Facebook-Social-Link\">\n\t\t\t\t\t\t<span class=\"wd-icon\"><\/span>\n\t\t\t\t\t\t\t\t\t\t\t<\/a>\n\t\t\t\t\n\t\t\t\t\n\t\t\t\t\n\t\t\t\t\n\t\t\t\t\n\t\t\t\t\n\t\t\t\t\n\t\t\t\t\t\t\t\t\t<a rel=\"noopener noreferrer nofollow\" href=\"https:\/\/pinterest.com\/pin\/create\/button\/?url=https:\/\/wilkens-wohnstudio.de\/blog\/category\/deko-stile\/&media=https:\/\/wilkens-wohnstudio.de\/wp-content\/uploads\/2022\/03\/Japandi-Stil.jpg&description=Einrichten+im+Japandi-Stil\" target=\"_blank\" class=\" wd-social-icon social-pinterest\" aria-label=\"Pinterest-Social-Link\">\n\t\t\t\t\t\t<span class=\"wd-icon\"><\/span>\n\t\t\t\t\t\t\t\t\t\t\t<\/a>\n\t\t\t\t\n\t\t\t\t\n\t\t\t\t\n\t\t\t\t\n\t\t\t\t\n\t\t\t\t\n\t\t\t\t\n\t\t\t\t\n\t\t\t\t\n\t\t\t\t\n\t\t\t\t\n\t\t\t\t\t\t\t\t\t<a rel=\"noopener noreferrer nofollow\" href=\"https:\/\/api.whatsapp.com\/send?text=https%3A%2F%2Fwilkens-wohnstudio.de%2Fblog%2Fcategory%2Fdeko-stile%2F\" target=\"_blank\" class=\"wd-hide-md  wd-social-icon social-whatsapp\" aria-label=\"WhatsApp-Social-Link\">\n\t\t\t\t\t\t<span class=\"wd-icon\"><\/span>\n\t\t\t\t\t\t\t\t\t\t\t<\/a>\n\n\t\t\t\t\t<a rel=\"noopener noreferrer nofollow\" href=\"whatsapp:\/\/send?text=https%3A%2F%2Fwilkens-wohnstudio.de%2Fblog%2Fcategory%2Fdeko-stile%2F\" target=\"_blank\" class=\"wd-hide-lg  wd-social-icon social-whatsapp\" aria-label=\"WhatsApp-Social-Link\">\n\t\t\t\t\t\t<span class=\"wd-icon\"><\/span>\n\t\t\t\t\t\t\t\t\t\t\t<\/a>\n\t\t\t\t\n\t\t\t\t\n\t\t\t\t\n\t\t\t\t\n\t\t\t\t\n\t\t\t\t\n\t\t\t\t\n\t\t\t\t\n\t\t\t<\/div>\n\n\t\t\t\t\t\t\t\t\t\t<\/div>\n\t\t\t\t\t\t\t\t<div class=\"tooltip-arrow\"><\/div>\n\t\t\t\t\t\t\t<\/div>\n\t\t\t\t\t\t<\/div>\n\t\t\t\t\t\n\t\t\t\t\t\t\t\t\t<\/div>\n\t\t\t\n\t\t\t\t\t\t\t\t\t\t\t\t<div class=\"wd-post-excerpt entry-content\">\n\t\t\t\t\t\tJapandi-Stil \u2013 Purismus f\u00fcr Auge und Seele\r\nManchmal liegt die Ruhe in der Reduktion. Der Japandi-Stil setzt sich aus den Wor...\t\t\t\t\t<\/div>\n\t\t\t\t\n\t\t\t\t\t\t\t\t\t\t\t\t\t\t<div class=\"wd-post-read-more wd-style-link read-more-section\">\n\t\t\t\t\t\t<a class=\"\" href=\"https:\/\/wilkens-wohnstudio.de\/blog\/deko-stile\/einrichten-im-japandi-stil\/\">weiter lesen<\/a>\t\t\t\t\t<\/div>\n\t\t\t\t\t\t\t\t\t\t\t\t\t<\/div>\n\t<\/div>\n<\/article>\n\n\t\t\t\t\t\t\t\t\t\t\t\n<article id=\"post-30295\" class=\"wd-post blog-design-masonry blog-post-loop blog-style-bg wd-add-shadow wd-col post-30295 post type-post status-publish format-standard has-post-thumbnail hentry category-deko-stile category-kueche category-landhausstil category-shabby-chic category-vintage category-wohnideen tag-esszimmer tag-kueche tag-vintage\">\n\t<div class=\"wd-post-inner article-inner\">\n\t\t\t\t\t<div class=\"wd-post-thumb entry-header\">\n\t\t\t\t\t\t\t\t\t<div class=\"wd-post-img post-img-wrapp\">\n\t\t\t\t\t\t<img width=\"1024\" height=\"768\" src=\"https:\/\/wilkens-wohnstudio.de\/wp-content\/uploads\/2022\/03\/Vintage_Kuechen-Deko-1024x768.jpg\" class=\"attachment-large size-large\" alt=\"Vintage K\u00fcchen-Deko\" decoding=\"async\" srcset=\"https:\/\/wilkens-wohnstudio.de\/wp-content\/uploads\/2022\/03\/Vintage_Kuechen-Deko-1024x768.jpg 1024w, https:\/\/wilkens-wohnstudio.de\/wp-content\/uploads\/2022\/03\/Vintage_Kuechen-Deko-175x131.jpg 175w, https:\/\/wilkens-wohnstudio.de\/wp-content\/uploads\/2022\/03\/Vintage_Kuechen-Deko-1000x750.jpg 1000w, https:\/\/wilkens-wohnstudio.de\/wp-content\/uploads\/2022\/03\/Vintage_Kuechen-Deko-350x263.jpg 350w, https:\/\/wilkens-wohnstudio.de\/wp-content\/uploads\/2022\/03\/Vintage_Kuechen-Deko-768x576.jpg 768w, https:\/\/wilkens-wohnstudio.de\/wp-content\/uploads\/2022\/03\/Vintage_Kuechen-Deko-1536x1152.jpg 1536w, https:\/\/wilkens-wohnstudio.de\/wp-content\/uploads\/2022\/03\/Vintage_Kuechen-Deko.jpg 1440w\" sizes=\"(max-width: 1024px) 100vw, 1024px\" \/>\t\t\t\t\t<\/div>\n\t\t\t\t\t\t\t\t\t\t<a class=\"wd-fill\" tabindex=\"-1\" href=\"https:\/\/wilkens-wohnstudio.de\/blog\/deko-stile\/vintage-kuechen-deko\/\" aria-label=\"Link zum Beitrag Vintage K\u00fcchen-Deko\"><\/a>\n\t\t\t\t\n\t\t\t\t\t\t\t\t\t\t\t\t<div class=\"wd-post-date wd-style-with-bg\">\n\t\t\t\t<span class=\"post-date-day\">\n\t\t\t\t\t12\t\t\t\t<\/span>\n\t\t\t\t<span class=\"post-date-month\">\n\t\t\t\t\tM\u00e4rz\t\t\t\t<\/span>\n\t\t\t<\/div>\n\t\t\t\t\t\t\t\t\t<\/div>\n\t\t\n\t\t<div class=\"wd-post-content article-body-container\">\n\t\t\t\t\t\t\t<div class=\"wd-post-cat wd-style-with-bg meta-post-categories\">\n\t\t\t\t\t<a href=\"https:\/\/wilkens-wohnstudio.de\/blog\/category\/deko-stile\/\" rel=\"category tag\">Deko-Stile<\/a>, <a href=\"https:\/\/wilkens-wohnstudio.de\/blog\/category\/wohnideen\/kueche\/\" rel=\"category tag\">K\u00fcche<\/a>, <a href=\"https:\/\/wilkens-wohnstudio.de\/blog\/category\/deko-stile\/landhausstil\/\" rel=\"category tag\">Landhausstil<\/a>, <a href=\"https:\/\/wilkens-wohnstudio.de\/blog\/category\/deko-stile\/shabby-chic\/\" rel=\"category tag\">Shabby Chic<\/a>, <a href=\"https:\/\/wilkens-wohnstudio.de\/blog\/category\/deko-stile\/vintage\/\" rel=\"category tag\">Vintage<\/a>, <a href=\"https:\/\/wilkens-wohnstudio.de\/blog\/category\/wohnideen\/\" rel=\"category tag\">Wohnideen<\/a>\t\t\t\t<\/div>\n\t\t\t\n\t\t\t\t\t\t\t<h3 class=\"wd-post-title wd-entities-title title post-title\">\n\t\t\t\t\t<a href=\"https:\/\/wilkens-wohnstudio.de\/blog\/deko-stile\/vintage-kuechen-deko\/\" rel=\"bookmark\">Vintage K\u00fcchen-Deko<\/a>\n\t\t\t\t<\/h3>\n\t\t\t\n\t\t\t\t\t\t\t<div class=\"wd-post-meta\">\n\t\t\t\t\t\t\t\t\t\t\t\t\t\t\t<div class=\"wd-post-author\">\n\t\t\t\t\t\t\t\t\t\t\t<span>Geschrieben von<\/span>\n\t\t\n\t\t\t\t\t\t\t\n\t\t\t\t\t<a href=\"https:\/\/wilkens-wohnstudio.de\/blog\/author\/n-tangermann\/\" class=\"author\" rel=\"author\">Wilkens Wohnstudio<\/a>\n\t\t\t\t\t\t\t\t\t<\/div>\n\t\t\t\t\t<div class=\"wd-modified-date\">\n\t\t\t\t\t\t\t\t<time class=\"updated\" datetime=\"2023-01-05T17:03:38+01:00\">\n\t\t\t05.01.2023\t\t<\/time>\n\t\t\t\t\t\t\t<\/div>\n\n\t\t\t\t\t\t\t\t\t\t\t<div tabindex=\"0\" class=\"wd-post-share wd-tltp\">\n\t\t\t\t\t\t\t<div class=\"tooltip top\">\n\t\t\t\t\t\t\t\t<div class=\"tooltip-inner\">\n\t\t\t\t\t\t\t\t\t\t\t\t<div\n\t\t\t\t\t\tclass=\" wd-social-icons  wd-style-default wd-size-small social-share wd-shape-circle color-scheme-light text-center\">\n\t\t\t\t\n\t\t\t\t\n\t\t\t\t\t\t\t\t\t<a rel=\"noopener noreferrer nofollow\" href=\"https:\/\/www.facebook.com\/sharer\/sharer.php?u=https:\/\/wilkens-wohnstudio.de\/blog\/category\/deko-stile\/\" target=\"_blank\" class=\" wd-social-icon social-facebook\" aria-label=\"Facebook-Social-Link\">\n\t\t\t\t\t\t<span class=\"wd-icon\"><\/span>\n\t\t\t\t\t\t\t\t\t\t\t<\/a>\n\t\t\t\t\n\t\t\t\t\n\t\t\t\t\n\t\t\t\t\n\t\t\t\t\n\t\t\t\t\n\t\t\t\t\n\t\t\t\t\t\t\t\t\t<a rel=\"noopener noreferrer nofollow\" href=\"https:\/\/pinterest.com\/pin\/create\/button\/?url=https:\/\/wilkens-wohnstudio.de\/blog\/category\/deko-stile\/&media=https:\/\/wilkens-wohnstudio.de\/wp-content\/uploads\/2022\/03\/Vintage_Kuechen-Deko.jpg&description=Vintage+K%C3%BCchen-Deko\" target=\"_blank\" class=\" wd-social-icon social-pinterest\" aria-label=\"Pinterest-Social-Link\">\n\t\t\t\t\t\t<span class=\"wd-icon\"><\/span>\n\t\t\t\t\t\t\t\t\t\t\t<\/a>\n\t\t\t\t\n\t\t\t\t\n\t\t\t\t\n\t\t\t\t\n\t\t\t\t\n\t\t\t\t\n\t\t\t\t\n\t\t\t\t\n\t\t\t\t\n\t\t\t\t\n\t\t\t\t\n\t\t\t\t\t\t\t\t\t<a rel=\"noopener noreferrer nofollow\" href=\"https:\/\/api.whatsapp.com\/send?text=https%3A%2F%2Fwilkens-wohnstudio.de%2Fblog%2Fcategory%2Fdeko-stile%2F\" target=\"_blank\" class=\"wd-hide-md  wd-social-icon social-whatsapp\" aria-label=\"WhatsApp-Social-Link\">\n\t\t\t\t\t\t<span class=\"wd-icon\"><\/span>\n\t\t\t\t\t\t\t\t\t\t\t<\/a>\n\n\t\t\t\t\t<a rel=\"noopener noreferrer nofollow\" href=\"whatsapp:\/\/send?text=https%3A%2F%2Fwilkens-wohnstudio.de%2Fblog%2Fcategory%2Fdeko-stile%2F\" target=\"_blank\" class=\"wd-hide-lg  wd-social-icon social-whatsapp\" aria-label=\"WhatsApp-Social-Link\">\n\t\t\t\t\t\t<span class=\"wd-icon\"><\/span>\n\t\t\t\t\t\t\t\t\t\t\t<\/a>\n\t\t\t\t\n\t\t\t\t\n\t\t\t\t\n\t\t\t\t\n\t\t\t\t\n\t\t\t\t\n\t\t\t\t\n\t\t\t\t\n\t\t\t<\/div>\n\n\t\t\t\t\t\t\t\t\t\t<\/div>\n\t\t\t\t\t\t\t\t<div class=\"tooltip-arrow\"><\/div>\n\t\t\t\t\t\t\t<\/div>\n\t\t\t\t\t\t<\/div>\n\t\t\t\t\t\n\t\t\t\t\t\t\t\t\t<\/div>\n\t\t\t\n\t\t\t\t\t\t\t\t\t\t\t\t<div class=\"wd-post-excerpt entry-content\">\n\t\t\t\t\t\tEine nostalgische K\u00fcche\r\nNicht nur praktisch soll sie sein, sondern auch sch\u00f6n anzusehen - Mit Vintage K\u00fcchen-Deko wird es ge...\t\t\t\t\t<\/div>\n\t\t\t\t\n\t\t\t\t\t\t\t\t\t\t\t\t\t\t<div class=\"wd-post-read-more wd-style-link read-more-section\">\n\t\t\t\t\t\t<a class=\"\" href=\"https:\/\/wilkens-wohnstudio.de\/blog\/deko-stile\/vintage-kuechen-deko\/\">weiter lesen<\/a>\t\t\t\t\t<\/div>\n\t\t\t\t\t\t\t\t\t\t\t\t\t<\/div>\n\t<\/div>\n<\/article>\n\n\t\t\t\t\t\t\t\t\t\t\t\n<article id=\"post-19483\" class=\"wd-post blog-design-masonry blog-post-loop blog-style-bg wd-add-shadow wd-col post-19483 post type-post status-publish format-standard has-post-thumbnail hentry category-deko-stile category-schlafzimmer tag-minimalismus tag-minimalistisch tag-schlafzimmer\">\n\t<div class=\"wd-post-inner article-inner\">\n\t\t\t\t\t<div class=\"wd-post-thumb entry-header\">\n\t\t\t\t\t\t\t\t\t<div class=\"wd-post-img post-img-wrapp\">\n\t\t\t\t\t\t<img width=\"1024\" height=\"768\" src=\"https:\/\/wilkens-wohnstudio.de\/wp-content\/uploads\/2021\/10\/minimalistisch-1024x768.jpg\" class=\"attachment-large size-large\" alt=\"minimalistisch\" decoding=\"async\" srcset=\"https:\/\/wilkens-wohnstudio.de\/wp-content\/uploads\/2021\/10\/minimalistisch-1024x768.jpg 1024w, https:\/\/wilkens-wohnstudio.de\/wp-content\/uploads\/2021\/10\/minimalistisch-175x131.jpg 175w, https:\/\/wilkens-wohnstudio.de\/wp-content\/uploads\/2021\/10\/minimalistisch-1000x750.jpg 1000w, https:\/\/wilkens-wohnstudio.de\/wp-content\/uploads\/2021\/10\/minimalistisch-350x263.jpg 350w, https:\/\/wilkens-wohnstudio.de\/wp-content\/uploads\/2021\/10\/minimalistisch-768x576.jpg 768w, https:\/\/wilkens-wohnstudio.de\/wp-content\/uploads\/2021\/10\/minimalistisch-1536x1152.jpg 1536w, https:\/\/wilkens-wohnstudio.de\/wp-content\/uploads\/2021\/10\/minimalistisch.jpg 1440w\" sizes=\"(max-width: 1024px) 100vw, 1024px\" \/>\t\t\t\t\t<\/div>\n\t\t\t\t\t\t\t\t\t\t<a class=\"wd-fill\" tabindex=\"-1\" href=\"https:\/\/wilkens-wohnstudio.de\/blog\/deko-stile\/schlafzimmer-minimalistisch\/\" aria-label=\"Link zum Beitrag Das minimalistisch eingerichtete Schlafzimmer\"><\/a>\n\t\t\t\t\n\t\t\t\t\t\t\t\t\t\t\t\t<div class=\"wd-post-date wd-style-with-bg\">\n\t\t\t\t<span class=\"post-date-day\">\n\t\t\t\t\t12\t\t\t\t<\/span>\n\t\t\t\t<span class=\"post-date-month\">\n\t\t\t\t\tOkt.\t\t\t\t<\/span>\n\t\t\t<\/div>\n\t\t\t\t\t\t\t\t\t<\/div>\n\t\t\n\t\t<div class=\"wd-post-content article-body-container\">\n\t\t\t\t\t\t\t<div class=\"wd-post-cat wd-style-with-bg meta-post-categories\">\n\t\t\t\t\t<a href=\"https:\/\/wilkens-wohnstudio.de\/blog\/category\/deko-stile\/\" rel=\"category tag\">Deko-Stile<\/a>, <a href=\"https:\/\/wilkens-wohnstudio.de\/blog\/category\/wohnideen\/schlafzimmer\/\" rel=\"category tag\">Schlafzimmer<\/a>\t\t\t\t<\/div>\n\t\t\t\n\t\t\t\t\t\t\t<h3 class=\"wd-post-title wd-entities-title title post-title\">\n\t\t\t\t\t<a href=\"https:\/\/wilkens-wohnstudio.de\/blog\/deko-stile\/schlafzimmer-minimalistisch\/\" rel=\"bookmark\">Das minimalistisch eingerichtete Schlafzimmer<\/a>\n\t\t\t\t<\/h3>\n\t\t\t\n\t\t\t\t\t\t\t<div class=\"wd-post-meta\">\n\t\t\t\t\t\t\t\t\t\t\t\t\t\t\t<div class=\"wd-post-author\">\n\t\t\t\t\t\t\t\t\t\t\t<span>Geschrieben von<\/span>\n\t\t\n\t\t\t\t\t\t\t\n\t\t\t\t\t<a href=\"https:\/\/wilkens-wohnstudio.de\/blog\/author\/n-tangermann\/\" class=\"author\" rel=\"author\">Wilkens Wohnstudio<\/a>\n\t\t\t\t\t\t\t\t\t<\/div>\n\t\t\t\t\t<div class=\"wd-modified-date\">\n\t\t\t\t\t\t\t\t<time class=\"updated\" datetime=\"2023-01-05T17:04:31+01:00\">\n\t\t\t05.01.2023\t\t<\/time>\n\t\t\t\t\t\t\t<\/div>\n\n\t\t\t\t\t\t\t\t\t\t\t<div tabindex=\"0\" class=\"wd-post-share wd-tltp\">\n\t\t\t\t\t\t\t<div class=\"tooltip top\">\n\t\t\t\t\t\t\t\t<div class=\"tooltip-inner\">\n\t\t\t\t\t\t\t\t\t\t\t\t<div\n\t\t\t\t\t\tclass=\" wd-social-icons  wd-style-default wd-size-small social-share wd-shape-circle color-scheme-light text-center\">\n\t\t\t\t\n\t\t\t\t\n\t\t\t\t\t\t\t\t\t<a rel=\"noopener noreferrer nofollow\" href=\"https:\/\/www.facebook.com\/sharer\/sharer.php?u=https:\/\/wilkens-wohnstudio.de\/blog\/category\/deko-stile\/\" target=\"_blank\" class=\" wd-social-icon social-facebook\" aria-label=\"Facebook-Social-Link\">\n\t\t\t\t\t\t<span class=\"wd-icon\"><\/span>\n\t\t\t\t\t\t\t\t\t\t\t<\/a>\n\t\t\t\t\n\t\t\t\t\n\t\t\t\t\n\t\t\t\t\n\t\t\t\t\n\t\t\t\t\n\t\t\t\t\n\t\t\t\t\t\t\t\t\t<a rel=\"noopener noreferrer nofollow\" href=\"https:\/\/pinterest.com\/pin\/create\/button\/?url=https:\/\/wilkens-wohnstudio.de\/blog\/category\/deko-stile\/&media=https:\/\/wilkens-wohnstudio.de\/wp-content\/uploads\/2021\/10\/minimalistisch.jpg&description=Das+minimalistisch+eingerichtete+Schlafzimmer\" target=\"_blank\" class=\" wd-social-icon social-pinterest\" aria-label=\"Pinterest-Social-Link\">\n\t\t\t\t\t\t<span class=\"wd-icon\"><\/span>\n\t\t\t\t\t\t\t\t\t\t\t<\/a>\n\t\t\t\t\n\t\t\t\t\n\t\t\t\t\n\t\t\t\t\n\t\t\t\t\n\t\t\t\t\n\t\t\t\t\n\t\t\t\t\n\t\t\t\t\n\t\t\t\t\n\t\t\t\t\n\t\t\t\t\t\t\t\t\t<a rel=\"noopener noreferrer nofollow\" href=\"https:\/\/api.whatsapp.com\/send?text=https%3A%2F%2Fwilkens-wohnstudio.de%2Fblog%2Fcategory%2Fdeko-stile%2F\" target=\"_blank\" class=\"wd-hide-md  wd-social-icon social-whatsapp\" aria-label=\"WhatsApp-Social-Link\">\n\t\t\t\t\t\t<span class=\"wd-icon\"><\/span>\n\t\t\t\t\t\t\t\t\t\t\t<\/a>\n\n\t\t\t\t\t<a rel=\"noopener noreferrer nofollow\" href=\"whatsapp:\/\/send?text=https%3A%2F%2Fwilkens-wohnstudio.de%2Fblog%2Fcategory%2Fdeko-stile%2F\" target=\"_blank\" class=\"wd-hide-lg  wd-social-icon social-whatsapp\" aria-label=\"WhatsApp-Social-Link\">\n\t\t\t\t\t\t<span class=\"wd-icon\"><\/span>\n\t\t\t\t\t\t\t\t\t\t\t<\/a>\n\t\t\t\t\n\t\t\t\t\n\t\t\t\t\n\t\t\t\t\n\t\t\t\t\n\t\t\t\t\n\t\t\t\t\n\t\t\t\t\n\t\t\t<\/div>\n\n\t\t\t\t\t\t\t\t\t\t<\/div>\n\t\t\t\t\t\t\t\t<div class=\"tooltip-arrow\"><\/div>\n\t\t\t\t\t\t\t<\/div>\n\t\t\t\t\t\t<\/div>\n\t\t\t\t\t\n\t\t\t\t\t\t\t\t\t\t\t\t\t\t<link rel=\"stylesheet\" id=\"wd-blog-mod-comments-button-css\" href=\"https:\/\/wilkens-wohnstudio.de\/wp-content\/themes\/woodmart\/css\/parts\/blog-mod-comments-button.min.css?ver=8.3.9\" type=\"text\/css\" media=\"all\" \/> \t\t\t\t\t\t\t\t\t<div class=\"wd-post-reply wd-style-1\">\n\t\t\t\t\t\t\t<a href=\"https:\/\/wilkens-wohnstudio.de\/blog\/deko-stile\/schlafzimmer-minimalistisch\/#respond\"><span class=\"wd-replies-count\">0<\/span><\/a>\t\t\t\t\t\t<\/div>\n\t\t\t\t\t\t\t\t\t<\/div>\n\t\t\t\n\t\t\t\t\t\t\t\t\t\t\t\t<div class=\"wd-post-excerpt entry-content\">\n\t\t\t\t\t\tWeil Weniger manchmal mehr ist\r\nMinimalistisch eingerichtete Schlafzimmer werden immer beliebter. Einrichtungsstile wie der S...\t\t\t\t\t<\/div>\n\t\t\t\t\n\t\t\t\t\t\t\t\t\t\t\t\t\t\t<div class=\"wd-post-read-more wd-style-link read-more-section\">\n\t\t\t\t\t\t<a class=\"\" href=\"https:\/\/wilkens-wohnstudio.de\/blog\/deko-stile\/schlafzimmer-minimalistisch\/\">weiter lesen<\/a>\t\t\t\t\t<\/div>\n\t\t\t\t\t\t\t\t\t\t\t\t\t<\/div>\n\t<\/div>\n<\/article>\n\n\t\t\t\t\t\t\t\t\t\t\t\n<article id=\"post-15954\" class=\"wd-post blog-design-masonry blog-post-loop blog-style-bg wd-add-shadow wd-col post-15954 post type-post status-publish format-standard has-post-thumbnail hentry category-vintage category-wohnzimmer tag-vintage tag-wohnzimmer\">\n\t<div class=\"wd-post-inner article-inner\">\n\t\t\t\t\t<div class=\"wd-post-thumb entry-header\">\n\t\t\t\t\t\t\t\t\t<div class=\"wd-post-img post-img-wrapp\">\n\t\t\t\t\t\t<img width=\"1024\" height=\"768\" src=\"https:\/\/wilkens-wohnstudio.de\/wp-content\/uploads\/2021\/08\/vintage_wohnzimmer-1024x768.jpg\" class=\"attachment-large size-large\" alt=\"Vintage_Wohnzimmer\" decoding=\"async\" srcset=\"https:\/\/wilkens-wohnstudio.de\/wp-content\/uploads\/2021\/08\/vintage_wohnzimmer-1024x768.jpg 1024w, https:\/\/wilkens-wohnstudio.de\/wp-content\/uploads\/2021\/08\/vintage_wohnzimmer-175x131.jpg 175w, https:\/\/wilkens-wohnstudio.de\/wp-content\/uploads\/2021\/08\/vintage_wohnzimmer-1000x750.jpg 1000w, https:\/\/wilkens-wohnstudio.de\/wp-content\/uploads\/2021\/08\/vintage_wohnzimmer-300x225.jpg 300w, https:\/\/wilkens-wohnstudio.de\/wp-content\/uploads\/2021\/08\/vintage_wohnzimmer-768x576.jpg 768w, https:\/\/wilkens-wohnstudio.de\/wp-content\/uploads\/2021\/08\/vintage_wohnzimmer-1536x1152.jpg 1536w, https:\/\/wilkens-wohnstudio.de\/wp-content\/uploads\/2021\/08\/vintage_wohnzimmer.jpg 1440w\" sizes=\"(max-width: 1024px) 100vw, 1024px\" \/>\t\t\t\t\t<\/div>\n\t\t\t\t\t\t\t\t\t\t<a class=\"wd-fill\" tabindex=\"-1\" href=\"https:\/\/wilkens-wohnstudio.de\/blog\/deko-stile\/vintage\/vintage-wohnzimmer\/\" aria-label=\"Link zum Beitrag Vintage Dekoration im Wohnzimmer\"><\/a>\n\t\t\t\t\n\t\t\t\t\t\t\t\t\t\t\t\t<div class=\"wd-post-date wd-style-with-bg\">\n\t\t\t\t<span class=\"post-date-day\">\n\t\t\t\t\t28\t\t\t\t<\/span>\n\t\t\t\t<span class=\"post-date-month\">\n\t\t\t\t\tAug.\t\t\t\t<\/span>\n\t\t\t<\/div>\n\t\t\t\t\t\t\t\t\t<\/div>\n\t\t\n\t\t<div class=\"wd-post-content article-body-container\">\n\t\t\t\t\t\t\t<div class=\"wd-post-cat wd-style-with-bg meta-post-categories\">\n\t\t\t\t\t<a href=\"https:\/\/wilkens-wohnstudio.de\/blog\/category\/deko-stile\/vintage\/\" rel=\"category tag\">Vintage<\/a>, <a href=\"https:\/\/wilkens-wohnstudio.de\/blog\/category\/wohnideen\/wohnzimmer\/\" rel=\"category tag\">Wohnzimmer<\/a>\t\t\t\t<\/div>\n\t\t\t\n\t\t\t\t\t\t\t<h3 class=\"wd-post-title wd-entities-title title post-title\">\n\t\t\t\t\t<a href=\"https:\/\/wilkens-wohnstudio.de\/blog\/deko-stile\/vintage\/vintage-wohnzimmer\/\" rel=\"bookmark\">Vintage Dekoration im Wohnzimmer<\/a>\n\t\t\t\t<\/h3>\n\t\t\t\n\t\t\t\t\t\t\t<div class=\"wd-post-meta\">\n\t\t\t\t\t\t\t\t\t\t\t\t\t\t\t<div class=\"wd-post-author\">\n\t\t\t\t\t\t\t\t\t\t\t<span>Geschrieben von<\/span>\n\t\t\n\t\t\t\t\t\t\t\n\t\t\t\t\t<a href=\"https:\/\/wilkens-wohnstudio.de\/blog\/author\/n-tangermann\/\" class=\"author\" rel=\"author\">Wilkens Wohnstudio<\/a>\n\t\t\t\t\t\t\t\t\t<\/div>\n\t\t\t\t\t<div class=\"wd-modified-date\">\n\t\t\t\t\t\t\t\t<time class=\"updated\" datetime=\"2023-01-05T17:06:59+01:00\">\n\t\t\t05.01.2023\t\t<\/time>\n\t\t\t\t\t\t\t<\/div>\n\n\t\t\t\t\t\t\t\t\t\t\t<div tabindex=\"0\" class=\"wd-post-share wd-tltp\">\n\t\t\t\t\t\t\t<div class=\"tooltip top\">\n\t\t\t\t\t\t\t\t<div class=\"tooltip-inner\">\n\t\t\t\t\t\t\t\t\t\t\t\t<div\n\t\t\t\t\t\tclass=\" wd-social-icons  wd-style-default wd-size-small social-share wd-shape-circle color-scheme-light text-center\">\n\t\t\t\t\n\t\t\t\t\n\t\t\t\t\t\t\t\t\t<a rel=\"noopener noreferrer nofollow\" href=\"https:\/\/www.facebook.com\/sharer\/sharer.php?u=https:\/\/wilkens-wohnstudio.de\/blog\/category\/deko-stile\/\" target=\"_blank\" class=\" wd-social-icon social-facebook\" aria-label=\"Facebook-Social-Link\">\n\t\t\t\t\t\t<span class=\"wd-icon\"><\/span>\n\t\t\t\t\t\t\t\t\t\t\t<\/a>\n\t\t\t\t\n\t\t\t\t\n\t\t\t\t\n\t\t\t\t\n\t\t\t\t\n\t\t\t\t\n\t\t\t\t\n\t\t\t\t\t\t\t\t\t<a rel=\"noopener noreferrer nofollow\" href=\"https:\/\/pinterest.com\/pin\/create\/button\/?url=https:\/\/wilkens-wohnstudio.de\/blog\/category\/deko-stile\/&media=https:\/\/wilkens-wohnstudio.de\/wp-content\/uploads\/2021\/08\/vintage_wohnzimmer.jpg&description=Vintage+Dekoration+im+Wohnzimmer\" target=\"_blank\" class=\" wd-social-icon social-pinterest\" aria-label=\"Pinterest-Social-Link\">\n\t\t\t\t\t\t<span class=\"wd-icon\"><\/span>\n\t\t\t\t\t\t\t\t\t\t\t<\/a>\n\t\t\t\t\n\t\t\t\t\n\t\t\t\t\n\t\t\t\t\n\t\t\t\t\n\t\t\t\t\n\t\t\t\t\n\t\t\t\t\n\t\t\t\t\n\t\t\t\t\n\t\t\t\t\n\t\t\t\t\t\t\t\t\t<a rel=\"noopener noreferrer nofollow\" href=\"https:\/\/api.whatsapp.com\/send?text=https%3A%2F%2Fwilkens-wohnstudio.de%2Fblog%2Fcategory%2Fdeko-stile%2F\" target=\"_blank\" class=\"wd-hide-md  wd-social-icon social-whatsapp\" aria-label=\"WhatsApp-Social-Link\">\n\t\t\t\t\t\t<span class=\"wd-icon\"><\/span>\n\t\t\t\t\t\t\t\t\t\t\t<\/a>\n\n\t\t\t\t\t<a rel=\"noopener noreferrer nofollow\" href=\"whatsapp:\/\/send?text=https%3A%2F%2Fwilkens-wohnstudio.de%2Fblog%2Fcategory%2Fdeko-stile%2F\" target=\"_blank\" class=\"wd-hide-lg  wd-social-icon social-whatsapp\" aria-label=\"WhatsApp-Social-Link\">\n\t\t\t\t\t\t<span class=\"wd-icon\"><\/span>\n\t\t\t\t\t\t\t\t\t\t\t<\/a>\n\t\t\t\t\n\t\t\t\t\n\t\t\t\t\n\t\t\t\t\n\t\t\t\t\n\t\t\t\t\n\t\t\t\t\n\t\t\t\t\n\t\t\t<\/div>\n\n\t\t\t\t\t\t\t\t\t\t<\/div>\n\t\t\t\t\t\t\t\t<div class=\"tooltip-arrow\"><\/div>\n\t\t\t\t\t\t\t<\/div>\n\t\t\t\t\t\t<\/div>\n\t\t\t\t\t\n\t\t\t\t\t\t\t\t\t<\/div>\n\t\t\t\n\t\t\t\t\t\t\t\t\t\t\t\t<div class=\"wd-post-excerpt entry-content\">\n\t\t\t\t\t\tDas Wohnzimmer im Vintage-Stil dekorieren\r\nVintage Dekoration ist im Trend und macht auch vor dem heimischen Wohnzimmer nicht...\t\t\t\t\t<\/div>\n\t\t\t\t\n\t\t\t\t\t\t\t\t\t\t\t\t\t\t<div class=\"wd-post-read-more wd-style-link read-more-section\">\n\t\t\t\t\t\t<a class=\"\" href=\"https:\/\/wilkens-wohnstudio.de\/blog\/deko-stile\/vintage\/vintage-wohnzimmer\/\">weiter lesen<\/a>\t\t\t\t\t<\/div>\n\t\t\t\t\t\t\t\t\t\t\t\t\t<\/div>\n\t<\/div>\n<\/article>\n\n\t\t\t\t\t\t\t\t\t\t\t\n<article id=\"post-13561\" class=\"wd-post blog-design-masonry blog-post-loop blog-style-bg wd-add-shadow wd-col post-13561 post type-post status-publish format-standard has-post-thumbnail hentry category-maritim category-badezimmer tag-badezimmer tag-maritim\">\n\t<div class=\"wd-post-inner article-inner\">\n\t\t\t\t\t<div class=\"wd-post-thumb entry-header\">\n\t\t\t\t\t\t\t\t\t<div class=\"wd-post-img post-img-wrapp\">\n\t\t\t\t\t\t<img width=\"1024\" height=\"768\" src=\"https:\/\/wilkens-wohnstudio.de\/wp-content\/uploads\/2021\/08\/Badezimmer_Maritim-1024x768.jpg\" class=\"attachment-large size-large\" alt=\"maritime Badezimmer Deko\" decoding=\"async\" srcset=\"https:\/\/wilkens-wohnstudio.de\/wp-content\/uploads\/2021\/08\/Badezimmer_Maritim-1024x768.jpg 1024w, https:\/\/wilkens-wohnstudio.de\/wp-content\/uploads\/2021\/08\/Badezimmer_Maritim-175x131.jpg 175w, https:\/\/wilkens-wohnstudio.de\/wp-content\/uploads\/2021\/08\/Badezimmer_Maritim-1000x750.jpg 1000w, https:\/\/wilkens-wohnstudio.de\/wp-content\/uploads\/2021\/08\/Badezimmer_Maritim-300x225.jpg 300w, https:\/\/wilkens-wohnstudio.de\/wp-content\/uploads\/2021\/08\/Badezimmer_Maritim-768x576.jpg 768w, https:\/\/wilkens-wohnstudio.de\/wp-content\/uploads\/2021\/08\/Badezimmer_Maritim-1536x1152.jpg 1536w, https:\/\/wilkens-wohnstudio.de\/wp-content\/uploads\/2021\/08\/Badezimmer_Maritim.jpg 1440w\" sizes=\"(max-width: 1024px) 100vw, 1024px\" \/>\t\t\t\t\t<\/div>\n\t\t\t\t\t\t\t\t\t\t<a class=\"wd-fill\" tabindex=\"-1\" href=\"https:\/\/wilkens-wohnstudio.de\/blog\/deko-stile\/maritim\/maritime-badezimmer-deko\/\" aria-label=\"Link zum Beitrag 10 tolle maritime Badezimmer Deko Ideen\"><\/a>\n\t\t\t\t\n\t\t\t\t\t\t\t\t\t\t\t\t<div class=\"wd-post-date wd-style-with-bg\">\n\t\t\t\t<span class=\"post-date-day\">\n\t\t\t\t\t06\t\t\t\t<\/span>\n\t\t\t\t<span class=\"post-date-month\">\n\t\t\t\t\tAug.\t\t\t\t<\/span>\n\t\t\t<\/div>\n\t\t\t\t\t\t\t\t\t<\/div>\n\t\t\n\t\t<div class=\"wd-post-content article-body-container\">\n\t\t\t\t\t\t\t<div class=\"wd-post-cat wd-style-with-bg meta-post-categories\">\n\t\t\t\t\t<a href=\"https:\/\/wilkens-wohnstudio.de\/blog\/category\/deko-stile\/maritim\/\" rel=\"category tag\">Maritim<\/a>, <a href=\"https:\/\/wilkens-wohnstudio.de\/blog\/category\/wohnideen\/badezimmer\/\" rel=\"category tag\">Badezimmer<\/a>\t\t\t\t<\/div>\n\t\t\t\n\t\t\t\t\t\t\t<h3 class=\"wd-post-title wd-entities-title title post-title\">\n\t\t\t\t\t<a href=\"https:\/\/wilkens-wohnstudio.de\/blog\/deko-stile\/maritim\/maritime-badezimmer-deko\/\" rel=\"bookmark\">10 tolle maritime Badezimmer Deko Ideen<\/a>\n\t\t\t\t<\/h3>\n\t\t\t\n\t\t\t\t\t\t\t<div class=\"wd-post-meta\">\n\t\t\t\t\t\t\t\t\t\t\t\t\t\t\t<div class=\"wd-post-author\">\n\t\t\t\t\t\t\t\t\t\t\t<span>Geschrieben von<\/span>\n\t\t\n\t\t\t\t\t\t\t\n\t\t\t\t\t<a href=\"https:\/\/wilkens-wohnstudio.de\/blog\/author\/n-tangermann\/\" class=\"author\" rel=\"author\">Wilkens Wohnstudio<\/a>\n\t\t\t\t\t\t\t\t\t<\/div>\n\t\t\t\t\t<div class=\"wd-modified-date\">\n\t\t\t\t\t\t\t\t<time class=\"updated\" datetime=\"2023-09-20T13:15:49+02:00\">\n\t\t\t20.09.2023\t\t<\/time>\n\t\t\t\t\t\t\t<\/div>\n\n\t\t\t\t\t\t\t\t\t\t\t<div tabindex=\"0\" class=\"wd-post-share wd-tltp\">\n\t\t\t\t\t\t\t<div class=\"tooltip top\">\n\t\t\t\t\t\t\t\t<div class=\"tooltip-inner\">\n\t\t\t\t\t\t\t\t\t\t\t\t<div\n\t\t\t\t\t\tclass=\" wd-social-icons  wd-style-default wd-size-small social-share wd-shape-circle color-scheme-light text-center\">\n\t\t\t\t\n\t\t\t\t\n\t\t\t\t\t\t\t\t\t<a rel=\"noopener noreferrer nofollow\" href=\"https:\/\/www.facebook.com\/sharer\/sharer.php?u=https:\/\/wilkens-wohnstudio.de\/blog\/category\/deko-stile\/\" target=\"_blank\" class=\" wd-social-icon social-facebook\" aria-label=\"Facebook-Social-Link\">\n\t\t\t\t\t\t<span class=\"wd-icon\"><\/span>\n\t\t\t\t\t\t\t\t\t\t\t<\/a>\n\t\t\t\t\n\t\t\t\t\n\t\t\t\t\n\t\t\t\t\n\t\t\t\t\n\t\t\t\t\n\t\t\t\t\n\t\t\t\t\t\t\t\t\t<a rel=\"noopener noreferrer nofollow\" href=\"https:\/\/pinterest.com\/pin\/create\/button\/?url=https:\/\/wilkens-wohnstudio.de\/blog\/category\/deko-stile\/&media=https:\/\/wilkens-wohnstudio.de\/wp-content\/uploads\/2021\/08\/Badezimmer_Maritim.jpg&description=10+tolle+maritime+Badezimmer+Deko+Ideen\" target=\"_blank\" class=\" wd-social-icon social-pinterest\" aria-label=\"Pinterest-Social-Link\">\n\t\t\t\t\t\t<span class=\"wd-icon\"><\/span>\n\t\t\t\t\t\t\t\t\t\t\t<\/a>\n\t\t\t\t\n\t\t\t\t\n\t\t\t\t\n\t\t\t\t\n\t\t\t\t\n\t\t\t\t\n\t\t\t\t\n\t\t\t\t\n\t\t\t\t\n\t\t\t\t\n\t\t\t\t\n\t\t\t\t\t\t\t\t\t<a rel=\"noopener noreferrer nofollow\" href=\"https:\/\/api.whatsapp.com\/send?text=https%3A%2F%2Fwilkens-wohnstudio.de%2Fblog%2Fcategory%2Fdeko-stile%2F\" target=\"_blank\" class=\"wd-hide-md  wd-social-icon social-whatsapp\" aria-label=\"WhatsApp-Social-Link\">\n\t\t\t\t\t\t<span class=\"wd-icon\"><\/span>\n\t\t\t\t\t\t\t\t\t\t\t<\/a>\n\n\t\t\t\t\t<a rel=\"noopener noreferrer nofollow\" href=\"whatsapp:\/\/send?text=https%3A%2F%2Fwilkens-wohnstudio.de%2Fblog%2Fcategory%2Fdeko-stile%2F\" target=\"_blank\" class=\"wd-hide-lg  wd-social-icon social-whatsapp\" aria-label=\"WhatsApp-Social-Link\">\n\t\t\t\t\t\t<span class=\"wd-icon\"><\/span>\n\t\t\t\t\t\t\t\t\t\t\t<\/a>\n\t\t\t\t\n\t\t\t\t\n\t\t\t\t\n\t\t\t\t\n\t\t\t\t\n\t\t\t\t\n\t\t\t\t\n\t\t\t\t\n\t\t\t<\/div>\n\n\t\t\t\t\t\t\t\t\t\t<\/div>\n\t\t\t\t\t\t\t\t<div class=\"tooltip-arrow\"><\/div>\n\t\t\t\t\t\t\t<\/div>\n\t\t\t\t\t\t<\/div>\n\t\t\t\t\t\n\t\t\t\t\t\t\t\t\t<\/div>\n\t\t\t\n\t\t\t\t\t\t\t\t\t\t\t\t<div class=\"wd-post-excerpt entry-content\">\n\t\t\t\t\t\tMaritime Badezimmer Deko\r\nDas heimische Badezimmer ist h\u00e4ufig ein sehr zweckm\u00e4\u00dfig eingerichteter Raum. Vorbei sind die Zeiten...\t\t\t\t\t<\/div>\n\t\t\t\t\n\t\t\t\t\t\t\t\t\t\t\t\t\t\t<div class=\"wd-post-read-more wd-style-link read-more-section\">\n\t\t\t\t\t\t<a class=\"\" href=\"https:\/\/wilkens-wohnstudio.de\/blog\/deko-stile\/maritim\/maritime-badezimmer-deko\/\">weiter lesen<\/a>\t\t\t\t\t<\/div>\n\t\t\t\t\t\t\t\t\t\t\t\t\t<\/div>\n\t<\/div>\n<\/article>\n\n\t\t\t\t\t\t\t\t\t\t\t\n<article id=\"post-6600\" class=\"wd-post blog-design-masonry blog-post-loop blog-style-bg wd-add-shadow wd-col post-6600 post type-post status-publish format-standard has-post-thumbnail hentry category-trockenblumen category-dekoideen category-diy-ideen category-landhausstil\">\n\t<div class=\"wd-post-inner article-inner\">\n\t\t\t\t\t<div class=\"wd-post-thumb entry-header\">\n\t\t\t\t\t\t\t\t\t<div class=\"wd-post-img post-img-wrapp\">\n\t\t\t\t\t\t<img width=\"1024\" height=\"768\" src=\"https:\/\/wilkens-wohnstudio.de\/wp-content\/uploads\/2021\/06\/Trockenblumen-1024x768.jpg\" class=\"attachment-large size-large\" alt=\"Trockenblumen\" decoding=\"async\" srcset=\"https:\/\/wilkens-wohnstudio.de\/wp-content\/uploads\/2021\/06\/Trockenblumen-1024x768.jpg 1024w, https:\/\/wilkens-wohnstudio.de\/wp-content\/uploads\/2021\/06\/Trockenblumen-175x131.jpg 175w, https:\/\/wilkens-wohnstudio.de\/wp-content\/uploads\/2021\/06\/Trockenblumen-1000x750.jpg 1000w, https:\/\/wilkens-wohnstudio.de\/wp-content\/uploads\/2021\/06\/Trockenblumen-300x225.jpg 300w, https:\/\/wilkens-wohnstudio.de\/wp-content\/uploads\/2021\/06\/Trockenblumen-768x576.jpg 768w, https:\/\/wilkens-wohnstudio.de\/wp-content\/uploads\/2021\/06\/Trockenblumen-1536x1152.jpg 1536w, https:\/\/wilkens-wohnstudio.de\/wp-content\/uploads\/2021\/06\/Trockenblumen-2048x1536.jpg 2048w, https:\/\/wilkens-wohnstudio.de\/wp-content\/uploads\/2021\/06\/Trockenblumen.jpg 1440w\" sizes=\"(max-width: 1024px) 100vw, 1024px\" \/>\t\t\t\t\t<\/div>\n\t\t\t\t\t\t\t\t\t\t<a class=\"wd-fill\" tabindex=\"-1\" href=\"https:\/\/wilkens-wohnstudio.de\/blog\/trockenblumen\/trockenblumen\/\" aria-label=\"Link zum Beitrag 4 tolle Deko-Ideen mit Trockenblumen\"><\/a>\n\t\t\t\t\n\t\t\t\t\t\t\t\t\t\t\t\t<div class=\"wd-post-date wd-style-with-bg\">\n\t\t\t\t<span class=\"post-date-day\">\n\t\t\t\t\t23\t\t\t\t<\/span>\n\t\t\t\t<span class=\"post-date-month\">\n\t\t\t\t\tJuni\t\t\t\t<\/span>\n\t\t\t<\/div>\n\t\t\t\t\t\t\t\t\t<\/div>\n\t\t\n\t\t<div class=\"wd-post-content article-body-container\">\n\t\t\t\t\t\t\t<div class=\"wd-post-cat wd-style-with-bg meta-post-categories\">\n\t\t\t\t\t<a href=\"https:\/\/wilkens-wohnstudio.de\/blog\/category\/trockenblumen\/\" rel=\"category tag\">Trockenblumen<\/a>, <a href=\"https:\/\/wilkens-wohnstudio.de\/blog\/category\/dekoideen\/\" rel=\"category tag\">Dekoideen<\/a>, <a href=\"https:\/\/wilkens-wohnstudio.de\/blog\/category\/diy-ideen\/\" rel=\"category tag\">DIY-Ideen<\/a>, <a href=\"https:\/\/wilkens-wohnstudio.de\/blog\/category\/deko-stile\/landhausstil\/\" rel=\"category tag\">Landhausstil<\/a>\t\t\t\t<\/div>\n\t\t\t\n\t\t\t\t\t\t\t<h3 class=\"wd-post-title wd-entities-title title post-title\">\n\t\t\t\t\t<a href=\"https:\/\/wilkens-wohnstudio.de\/blog\/trockenblumen\/trockenblumen\/\" rel=\"bookmark\">4 tolle Deko-Ideen mit Trockenblumen<\/a>\n\t\t\t\t<\/h3>\n\t\t\t\n\t\t\t\t\t\t\t<div class=\"wd-post-meta\">\n\t\t\t\t\t\t\t\t\t\t\t\t\t\t\t<div class=\"wd-post-author\">\n\t\t\t\t\t\t\t\t\t\t\t<span>Geschrieben von<\/span>\n\t\t\n\t\t\t\t\t\t\t\n\t\t\t\t\t<a href=\"https:\/\/wilkens-wohnstudio.de\/blog\/author\/wilkens_wohnstudio\/\" class=\"author\" rel=\"author\">Wilkens Wohnstudio<\/a>\n\t\t\t\t\t\t\t\t\t<\/div>\n\t\t\t\t\t<div class=\"wd-modified-date\">\n\t\t\t\t\t\t\t\t<time class=\"updated\" datetime=\"2023-01-05T17:07:09+01:00\">\n\t\t\t05.01.2023\t\t<\/time>\n\t\t\t\t\t\t\t<\/div>\n\n\t\t\t\t\t\t\t\t\t\t\t<div tabindex=\"0\" class=\"wd-post-share wd-tltp\">\n\t\t\t\t\t\t\t<div class=\"tooltip top\">\n\t\t\t\t\t\t\t\t<div class=\"tooltip-inner\">\n\t\t\t\t\t\t\t\t\t\t\t\t<div\n\t\t\t\t\t\tclass=\" wd-social-icons  wd-style-default wd-size-small social-share wd-shape-circle color-scheme-light text-center\">\n\t\t\t\t\n\t\t\t\t\n\t\t\t\t\t\t\t\t\t<a rel=\"noopener noreferrer nofollow\" href=\"https:\/\/www.facebook.com\/sharer\/sharer.php?u=https:\/\/wilkens-wohnstudio.de\/blog\/category\/deko-stile\/\" target=\"_blank\" class=\" wd-social-icon social-facebook\" aria-label=\"Facebook-Social-Link\">\n\t\t\t\t\t\t<span class=\"wd-icon\"><\/span>\n\t\t\t\t\t\t\t\t\t\t\t<\/a>\n\t\t\t\t\n\t\t\t\t\n\t\t\t\t\n\t\t\t\t\n\t\t\t\t\n\t\t\t\t\n\t\t\t\t\n\t\t\t\t\t\t\t\t\t<a rel=\"noopener noreferrer nofollow\" href=\"https:\/\/pinterest.com\/pin\/create\/button\/?url=https:\/\/wilkens-wohnstudio.de\/blog\/category\/deko-stile\/&media=https:\/\/wilkens-wohnstudio.de\/wp-content\/uploads\/2021\/06\/Trockenblumen.jpg&description=4+tolle+Deko-Ideen+mit+Trockenblumen\" target=\"_blank\" class=\" wd-social-icon social-pinterest\" aria-label=\"Pinterest-Social-Link\">\n\t\t\t\t\t\t<span class=\"wd-icon\"><\/span>\n\t\t\t\t\t\t\t\t\t\t\t<\/a>\n\t\t\t\t\n\t\t\t\t\n\t\t\t\t\n\t\t\t\t\n\t\t\t\t\n\t\t\t\t\n\t\t\t\t\n\t\t\t\t\n\t\t\t\t\n\t\t\t\t\n\t\t\t\t\n\t\t\t\t\t\t\t\t\t<a rel=\"noopener noreferrer nofollow\" href=\"https:\/\/api.whatsapp.com\/send?text=https%3A%2F%2Fwilkens-wohnstudio.de%2Fblog%2Fcategory%2Fdeko-stile%2F\" target=\"_blank\" class=\"wd-hide-md  wd-social-icon social-whatsapp\" aria-label=\"WhatsApp-Social-Link\">\n\t\t\t\t\t\t<span class=\"wd-icon\"><\/span>\n\t\t\t\t\t\t\t\t\t\t\t<\/a>\n\n\t\t\t\t\t<a rel=\"noopener noreferrer nofollow\" href=\"whatsapp:\/\/send?text=https%3A%2F%2Fwilkens-wohnstudio.de%2Fblog%2Fcategory%2Fdeko-stile%2F\" target=\"_blank\" class=\"wd-hide-lg  wd-social-icon social-whatsapp\" aria-label=\"WhatsApp-Social-Link\">\n\t\t\t\t\t\t<span class=\"wd-icon\"><\/span>\n\t\t\t\t\t\t\t\t\t\t\t<\/a>\n\t\t\t\t\n\t\t\t\t\n\t\t\t\t\n\t\t\t\t\n\t\t\t\t\n\t\t\t\t\n\t\t\t\t\n\t\t\t\t\n\t\t\t<\/div>\n\n\t\t\t\t\t\t\t\t\t\t<\/div>\n\t\t\t\t\t\t\t\t<div class=\"tooltip-arrow\"><\/div>\n\t\t\t\t\t\t\t<\/div>\n\t\t\t\t\t\t<\/div>\n\t\t\t\t\t\n\t\t\t\t\t\t\t\t\t<\/div>\n\t\t\t\n\t\t\t\t\t\t\t\t\t\t\t\t<div class=\"wd-post-excerpt entry-content\">\n\t\t\t\t\t\tTrockenblumen arrangieren: Dekorationsm\u00f6glichkeiten und Tipps\r\nTrockenblumen konservieren den Sommer und sorgen f\u00fcr Urlaubsge...\t\t\t\t\t<\/div>\n\t\t\t\t\n\t\t\t\t\t\t\t\t\t\t\t\t\t\t<div class=\"wd-post-read-more wd-style-link read-more-section\">\n\t\t\t\t\t\t<a class=\"\" href=\"https:\/\/wilkens-wohnstudio.de\/blog\/trockenblumen\/trockenblumen\/\">weiter lesen<\/a>\t\t\t\t\t<\/div>\n\t\t\t\t\t\t\t\t\t\t\t\t\t<\/div>\n\t<\/div>\n<\/article>\n\n\t\t\t\t\t\n\t\t\t\t\t","status":"no-more-posts","nextPage":"?woo_ajax=1","currentPage":"https:\/\/wilkens-wohnstudio.de\/blog\/category\/deko-stile\/page\/4"}